{"id":122142,"date":"2022-09-29T13:53:04","date_gmt":"2022-09-29T18:53:04","guid":{"rendered":"https:\/\/www.uv.mx\/prensa\/?p=122142"},"modified":"2022-09-30T12:47:14","modified_gmt":"2022-09-30T17:47:14","slug":"la-literatura-debe-brillar-en-los-tiempos-mas-oscuros","status":"publish","type":"post","link":"https:\/\/www.uv.mx\/prensa\/entrevista\/la-literatura-debe-brillar-en-los-tiempos-mas-oscuros\/","title":{"rendered":"La literatura debe brillar en los tiempos m\u00e1s oscuros"},"content":{"rendered":"<ul class=\"ul1\">\n<li class=\"li1\"><i>As\u00ed lo expres\u00f3 Jos\u00e9 Adiak Montoya, escritor oriundo de Nicaragua, al hablar del quehacer literario y de las condiciones pol\u00edticas que actualmente vive su pa\u00eds<\/i><\/li>\n<\/ul>\n<p>&nbsp;<\/p>\n<div id=\"attachment_121730\" style=\"width: 732px\" class=\"wp-caption aligncenter\"><img aria-describedby=\"caption-attachment-121730\" decoding=\"async\" loading=\"lazy\" class=\"size-full wp-image-121730\" src=\"https:\/\/www.uv.mx\/prensa\/files\/2022\/09\/21092022-KARINA-Jose-Adiak-Montoya-1.jpg\" alt=\"\u201cNo se conformen con la vida que les toc\u00f3\u201d\" width=\"722\" height=\"465\" srcset=\"https:\/\/www.uv.mx\/prensa\/files\/2022\/09\/21092022-KARINA-Jose-Adiak-Montoya-1.jpg 722w, https:\/\/www.uv.mx\/prensa\/files\/2022\/09\/21092022-KARINA-Jose-Adiak-Montoya-1-300x193.jpg 300w\" sizes=\"(max-width: 722px) 100vw, 722px\" \/><p id=\"caption-attachment-121730\" class=\"wp-caption-text\">\u201cNo se conformen con la vida que les toc\u00f3\u201d<\/p><\/div>\n<p>&nbsp;<\/p>\n<p class=\"p1\"><b><i>Karina de la Paz Reyes D\u00edaz<\/i><\/b><\/p>\n<p class=\"p1\"><b><i>Fotos: Omar Portilla Palacios y <\/i><\/b><span class=\"s1\"><b><i>Jimena Morand\u00edn<\/i><\/b><\/span><\/p>\n<p class=\"p1\"><b><i>29\/09\/2022, Xalapa, Ver.-<\/i><\/b> En 2013, la <a href=\"https:\/\/www.uv.mx\/filu\/\">Feria Internacional de Libro Universitario<\/a> (FILU) de la Universidad Veracruzana (UV) fue el primer evento literario extranjero al que sali\u00f3, desde su natal Nicaragua, Jos\u00e9 Adiak Montoya. A la fecha, con 35 a\u00f1os de edad, es considerado uno de los escritores j\u00f3venes m\u00e1s destacados de la literatura latinoamericana y volvi\u00f3 ac\u00e1, para presentar su m\u00e1s reciente obra, pero tambi\u00e9n para hablar de la \u201cutilidad\u201d de esta bella arte.<\/p>\n<p class=\"p3\">\u201cHab\u00eda estado en ferias en Nicaragua y hab\u00eda hecho mucho trabajo literario all\u00e1, pero la primera vez que sal\u00ed del pa\u00eds como escritor, para una feria internacional, fue precisamente a \u00e9sta, hace casi 10 a\u00f1os\u201d, rememor\u00f3 emocionado.<\/p>\n<p class=\"p3\">A la FILU 2022 trajo <i>El pa\u00eds de las calles sin nombre<\/i> (Editorial Seix Barral), novela que versa sobre el exilio en la d\u00e9cada de 1980, durante \u201cla guerra de la contra\u201d (Revoluci\u00f3n Sandinista) y la nueva ola desatada a partir de 2018, igualmente en su pa\u00eds. Son \u201cc\u00edrculos de violencia que parecen ser interminables\u201d, dijo en una entrevista concedida minutos antes de la presentaci\u00f3n del libro.<\/p>\n<p class=\"p1\"><b><i>Fuiste uno de los jurados del Premio Latinoamericano de Primera Novela \u201cSergio Galindo\u201d 2022, convocado por la UV. \u00bfPor qu\u00e9 este tipo de cert\u00e1menes no pierden vigencia?<br \/>\n<\/i><\/b>Son absolutamente v\u00e1lidos y necesarios. Como dec\u00eds, ahora existen much\u00edsimas plataformas, que si bien difunden la creaci\u00f3n de quienes se dedican a escribir, creo que tambi\u00e9n es un arma de doble filo, porque de cierta forma tiene peligrosidad el hecho de autopublicarse, el no pasar por filtros de lectores, de edici\u00f3n o de jurados \u2013que de alguna manera validan, recomiendan y hacen una especie de acompa\u00f1amiento de lo que es el proceso creativo y el editorial como tal\u2013.<\/p>\n<p class=\"p3\">Creo que a veces eso puede ir en detrimento de una primera obra. Creo, tambi\u00e9n, que estos esfuerzos de un premio a primera novela son alicientes muy necesarios para personas que se quieren dedicar a la literatura de manera profesional, sobre todo a la de calidad.<\/p>\n<p class=\"p3\">\u00c9ste es uno de los oficios m\u00e1s solitarios del mundo \u2013porque cuando se ejerce, uno est\u00e1 s\u00f3lo frente al computador, papel o en lo que se estile escribir\u2013, pero luego que das el punto final a la obra, \u00e9sta tiene que pasar por un proceso de revisi\u00f3n, tiene que ir m\u00e1s all\u00e1 del ojo del autor mismo, quien puede estar, tal vez, peligrosamente muy contento con lo que escribi\u00f3.<\/p>\n<p class=\"p3\">Siempre hay errores que tienen que se\u00f1alarse, recomendaciones que tienen que darse y eso a veces no est\u00e1 a la vista del autor. El tamiz siempre es importante.<\/p>\n<p class=\"p1\"><b><i>\u00bfQu\u00e9 utilidad tiene la literatura para la humanidad, si en buena parte \u00e9sta no ha superado el racismo, la esclavitud o la hambruna?<br \/>\n<\/i><\/b>Para m\u00ed tiene varias funciones. En lo personal me ha salvado la vida. Me ha llenado de los momentos m\u00e1s agradables de mi existencia, a trav\u00e9s de la lectura.<\/p>\n<p class=\"p3\">Gracias a la literatura me he rodeado de personas muy valiosas, a quienes he logrado encontrar a trav\u00e9s del amor com\u00fan por este oficio.<\/p>\n<div id=\"attachment_121731\" style=\"width: 732px\" class=\"wp-caption aligncenter\"><img aria-describedby=\"caption-attachment-121731\" decoding=\"async\" loading=\"lazy\" class=\"size-full wp-image-121731\" src=\"https:\/\/www.uv.mx\/prensa\/files\/2022\/09\/21092022-KARINA-Jose-Adiak-Montoya-3.jpg\" alt=\"La funci\u00f3n m\u00e1s pr\u00e1ctica e inmediata de la literatura es que puede hacernos olvidar penas, dijo el escritor\" width=\"722\" height=\"481\" srcset=\"https:\/\/www.uv.mx\/prensa\/files\/2022\/09\/21092022-KARINA-Jose-Adiak-Montoya-3.jpg 722w, https:\/\/www.uv.mx\/prensa\/files\/2022\/09\/21092022-KARINA-Jose-Adiak-Montoya-3-300x200.jpg 300w\" sizes=\"(max-width: 722px) 100vw, 722px\" \/><p id=\"caption-attachment-121731\" class=\"wp-caption-text\">La funci\u00f3n m\u00e1s pr\u00e1ctica e inmediata de la literatura es que puede hacernos olvidar penas, dijo el escritor<\/p><\/div>\n<p>&nbsp;<\/p>\n<p class=\"p1\">Pero tambi\u00e9n tiene otras funciones, por ejemplo, en la literatura de ficci\u00f3n es reconocernos a nosotros mismos. Si bien a veces no es la respuesta, se tiene que encargar de hacer las preguntas correctas para poder avanzar de manera individual, comunal, como sociedad.<\/p>\n<p class=\"p1\">Creo que a trav\u00e9s de las historias pueden pasar dos tipos de cosas: reconocernos a nosotros mismos o descubrir mundos que son completamente ajenos al nuestro y saber que \u00e9sos tambi\u00e9n son posibles y que existe una diversidad absoluta, que si bien podemos pensar que no nos compete, al final estamos juntos en este universo, en esta vida.<\/p>\n<p class=\"p3\">Entonces, creo que la literatura tiene esa funci\u00f3n de reconocernos a nosotros mismos e intentar cambiar cosas que vemos mal.<\/p>\n<p class=\"p3\">Tal vez la funci\u00f3n m\u00e1s pr\u00e1ctica e inmediata es precisamente el hecho de que puede hacernos olvidar las penas que nos agobian de manera personal o como raza humana, y tener ese \u201csegundo de evasi\u00f3n\u201d para estar en otra realidad. Creo que esa es una funci\u00f3n importante a la que todas las personas deber\u00edan estar invitadas para conservar la cordura.<\/p>\n<p class=\"p1\"><b><i>A Nicaragua, con la tradici\u00f3n po\u00e9tica que tiene, \u00bfle ha sido \u00fatil la literatura?<br \/>\n<\/i><\/b>Creo que en cierto momento, sobre todo en el siglo XX, en Nicaragua s\u00ed se logr\u00f3 poner a la poes\u00eda \u2013sobre todo\u2013 en funci\u00f3n de lo que se cre\u00eda que era una utop\u00eda rom\u00e1ntica: la Revoluci\u00f3n Sandinista.<\/p>\n<p class=\"p1\">Hay muchas luces y sombras de c\u00f3mo se utiliz\u00f3 la poes\u00eda y los talleres de poes\u00eda, al ponerlos en funci\u00f3n social de un proyecto pol\u00edtico espec\u00edfico partidario; creo que de cierta forma eso influy\u00f3 en muchas personas, en la realidad de ese momento, la de los a\u00f1os ochenta.<\/p>\n<p class=\"p1\">Venimos de una tradici\u00f3n po\u00e9tica altamente estimable, fundada por Rub\u00e9n Dar\u00edo, nada m\u00e1s y nada menos, y luego, a lo largo del siglo XX se dio todo este florecimiento de la poes\u00eda.<\/p>\n<p class=\"p3\">Ahora, en las generaciones m\u00e1s recientes tambi\u00e9n se est\u00e1 viendo un poco a la narrativa, precisamente con el fin de juzgar si todos esos procesos revolucionarios y b\u00e9licos en los cuales se vio envuelto Nicaragua en el siglo XX, valieron la pena o se quedaron en papel mojado.<\/p>\n<p class=\"p3\">Porque a fin de cuentas, se hizo la revoluci\u00f3n para las futuras generaciones de nicarag\u00fcenses y esas ya somos nosotros. Entonces, podemos decidir si eso vali\u00f3 la pena o no, y creo que se est\u00e1 viendo y reflejando un poco en la literatura actual de Nicaragua, que, precisamente, por estar indagando en ese tipo de cosas, resulta enormemente peligrosa para el poder.<\/p>\n<p class=\"p3\">Lo que se ha hecho en los \u00faltimos tres a\u00f1os es justamente erradicar cualquier se\u00f1al de libertad, de oposici\u00f3n, de m\u00ednimo desacuerdo con el r\u00e9gimen de Daniel Ortega y Rosario Murillo (actuales presidente y vicepresidenta, tan s\u00f3lo \u00e9l lo ha sido por cinco ocasiones, cuatro de ellas consecutivas).<\/p>\n<div id=\"attachment_121732\" style=\"width: 732px\" class=\"wp-caption aligncenter\"><img aria-describedby=\"caption-attachment-121732\" decoding=\"async\" loading=\"lazy\" class=\"size-full wp-image-121732\" src=\"https:\/\/www.uv.mx\/prensa\/files\/2022\/09\/21092022-KARINA-Jose-Adiak-Montoya-2.jpg\" alt=\"\u201cLa primera vez que sal\u00ed del pa\u00eds como escritor, para una feria internacional, fue precisamente a \u00e9sta\u201d, record\u00f3 Adiak Montoya\" width=\"722\" height=\"481\" srcset=\"https:\/\/www.uv.mx\/prensa\/files\/2022\/09\/21092022-KARINA-Jose-Adiak-Montoya-2.jpg 722w, https:\/\/www.uv.mx\/prensa\/files\/2022\/09\/21092022-KARINA-Jose-Adiak-Montoya-2-300x200.jpg 300w\" sizes=\"(max-width: 722px) 100vw, 722px\" \/><p id=\"caption-attachment-121732\" class=\"wp-caption-text\">\u201cLa primera vez que sal\u00ed del pa\u00eds como escritor, para una feria internacional, fue precisamente a \u00e9sta\u201d, record\u00f3 Adiak Montoya<\/p><\/div>\n<p>&nbsp;<\/p>\n<p class=\"p3\">Hay escritores desterrados, como Sergio Ram\u00edrez que tiene una orden de captura en el pa\u00eds. Eso es un delirio alucinante. Otros autores, entre los que me incluyo, decidimos que no era factible seguir viviendo en un pa\u00eds donde nuestra materia prima como escritores, que es la libertad misma y la imaginaci\u00f3n, es aplastada todos los d\u00edas.<\/p>\n<p class=\"p1\"><b><i>\u00bfVer a la literatura como una amenaza es una tristeza y a la vez un triunfo?<br \/>\n<\/i><\/b>\u00a1Claro! \u00a1Por supuesto! Por eso creo que todos los reg\u00edmenes totalitarios, a lo largo de la historia, han visto la peligrosidad que significa y representan para ellos los libros, los intelectuales, la gente que busca, a trav\u00e9s de la palabra, compartir verdades que tal vez otra gente no podr\u00eda ver, si no fuera por la luz del lenguaje.<\/p>\n<p class=\"p1\"><b><i>A prop\u00f3sito de \u201cla luz del lenguaje\u201d, \u00bfqu\u00e9 reflexi\u00f3n nos das, con este antecedente de lucha y resistencia desde la escritura?<br \/>\n<\/i><\/b>Es una cuesti\u00f3n dif\u00edcil de contestar en una pregunta que todos los d\u00edas nos hacemos muchos nicarag\u00fcenses.<\/p>\n<p class=\"p3\">A m\u00ed me da much\u00edsima tristeza el hecho de pensar, sobre todo, en las personas m\u00e1s inocentes que entregaron su vida al proceso por una Nicaragua libre, que creyeron de manera ferviente y con convicci\u00f3n absoluta que un cambio era posible, que se pod\u00eda crear una nueva Nicaragua que fuese una especie de para\u00edso en la tierra.<\/p>\n<p class=\"p3\">Ahora, pienso que todas esas ideas fueron muy ingenuas, hasta cierto momento. Lo que m\u00e1s me pesa es que hayan jugado con toda esa ingenuidad y fe del pueblo, para que ese proceso se haya pervertido en lo que es al d\u00eda de hoy: una nueva dictadura familiar, exactamente igual a la de (Anastasio) Somoza, con ciertas diferencias que, a veces, la hacen hasta peor.<\/p>\n<p class=\"p3\">Para m\u00ed es muy desesperanzador el hecho de que todo haya llegado a un cauce tan putrefacto. El hecho de pensar que Daniel Ortega era presidente de la rep\u00fablica cuando yo nac\u00ed y sigue siendo presidente hoy, y qui\u00e9n sabe hasta cu\u00e1ndo, s\u00ed es una desesperanza que espero se me pruebe lo contrario a este sentimiento.<\/p>\n<p class=\"p3\">Sinceramente, espero que podamos ver la luz m\u00e1s temprano que tarde.<\/p>\n<p class=\"p1\"><b><i>La literatura sigue jugando un papel importante en todo ese movimiento, \u00bfves una nueva oportunidad para su \u201cuso\u201d en tu pa\u00eds?<br \/>\n<\/i><\/b>Espero que s\u00ed. Creo que la literatura tiene la obligaci\u00f3n de brillar en los tiempos m\u00e1s oscuros y es lo que est\u00e1 pasando.<\/p>\n<p class=\"p1\"><b><i>\u00bfQu\u00e9 mensaje dejas a la comunidad universitaria?<br \/>\n<\/i><\/b>Que no se conformen con la vida que les toc\u00f3. Pueden, al abrir un libro, ver mil variantes, mil vidas, mil mundos. Viajar en el tiempo y en el espacio.<\/p>\n","protected":false},"excerpt":{"rendered":"<p>El nicarag\u00fcense Jos\u00e9 Adiak Montoya comparti\u00f3 de su labor como escritor y el papel que, a lo largo de la historia contempor\u00e1nea, ha jugado la literatura en su pa\u00eds<\/p>\n","protected":false},"author":1775,"featured_media":121732,"comment_status":"closed","ping_status":"closed","sticky":false,"template":"","format":"standard","meta":[],"categories":[13,8448],"tags":[2833,258,8811,7141,4015,586,8813,8812,6462],"_links":{"self":[{"href":"https:\/\/www.uv.mx\/prensa\/wp-json\/wp\/v2\/posts\/122142"}],"collection":[{"href":"https:\/\/www.uv.mx\/prensa\/wp-json\/wp\/v2\/posts"}],"about":[{"href":"https:\/\/www.uv.mx\/prensa\/wp-json\/wp\/v2\/types\/post"}],"author":[{"embeddable":true,"href":"https:\/\/www.uv.mx\/prensa\/wp-json\/wp\/v2\/users\/1775"}],"replies":[{"embeddable":true,"href":"https:\/\/www.uv.mx\/prensa\/wp-json\/wp\/v2\/comments?post=122142"}],"version-history":[{"count":1,"href":"https:\/\/www.uv.mx\/prensa\/wp-json\/wp\/v2\/posts\/122142\/revisions"}],"predecessor-version":[{"id":122182,"href":"https:\/\/www.uv.mx\/prensa\/wp-json\/wp\/v2\/posts\/122142\/revisions\/122182"}],"wp:featuredmedia":[{"embeddable":true,"href":"https:\/\/www.uv.mx\/prensa\/wp-json\/wp\/v2\/media\/121732"}],"wp:attachment":[{"href":"https:\/\/www.uv.mx\/prensa\/wp-json\/wp\/v2\/media?parent=122142"}],"wp:term":[{"taxonomy":"category","embeddable":true,"href":"https:\/\/www.uv.mx\/prensa\/wp-json\/wp\/v2\/categories?post=122142"},{"taxonomy":"post_tag","embeddable":true,"href":"https:\/\/www.uv.mx\/prensa\/wp-json\/wp\/v2\/tags?post=122142"}],"curies":[{"name":"wp","href":"https:\/\/api.w.org\/{rel}","templated":true}]}}