{"id":122185,"date":"2022-09-30T14:12:42","date_gmt":"2022-09-30T19:12:42","guid":{"rendered":"https:\/\/www.uv.mx\/prensa\/?p=122185"},"modified":"2022-10-03T10:54:42","modified_gmt":"2022-10-03T15:54:42","slug":"luis-arturo-ramos-y-celia-de-palacio-en-festival-de-lectura-coatza-mina","status":"publish","type":"post","link":"https:\/\/www.uv.mx\/prensa\/general\/luis-arturo-ramos-y-celia-de-palacio-en-festival-de-lectura-coatza-mina\/","title":{"rendered":"Luis Arturo Ramos y Celia de Palacio en Festival de Lectura Coatza-Mina"},"content":{"rendered":"<ul style=\"font-weight: 400\">\n<li data-leveltext=\"\uf0b7\" data-font=\"Symbol\" data-listid=\"13\" data-list-defn-props=\"{&quot;335552541&quot;:1,&quot;335559684&quot;:-2,&quot;335559685&quot;:720,&quot;335559991&quot;:360,&quot;469769226&quot;:&quot;Symbol&quot;,&quot;469769242&quot;:[8226],&quot;469777803&quot;:&quot;left&quot;,&quot;469777804&quot;:&quot;\uf0b7&quot;,&quot;469777815&quot;:&quot;hybridMultilevel&quot;}\" data-aria-posinset=\"1\" data-aria-level=\"1\"><i><span data-contrast=\"auto\">Celia del Palacio platicar\u00e1 sobre sus novelas hist\u00f3ricas, cuyo peso narrativo lo tienen las mujeres<\/span><\/i><span data-ccp-props=\"{}\">\u00a0<\/span><\/li>\n<li data-leveltext=\"\uf0b7\" data-font=\"Symbol\" data-listid=\"13\" data-list-defn-props=\"{&quot;335552541&quot;:1,&quot;335559684&quot;:-2,&quot;335559685&quot;:720,&quot;335559991&quot;:360,&quot;469769226&quot;:&quot;Symbol&quot;,&quot;469769242&quot;:[8226],&quot;469777803&quot;:&quot;left&quot;,&quot;469777804&quot;:&quot;\uf0b7&quot;,&quot;469777815&quot;:&quot;hybridMultilevel&quot;}\" data-aria-posinset=\"2\" data-aria-level=\"1\"><i><span data-contrast=\"auto\">Luis Arturo Ramos, nacido en Minatitl\u00e1n, recibir\u00e1 un reconocimiento<\/span><\/i><span data-ccp-props=\"{}\">\u00a0<\/span><\/li>\n<\/ul>\n<p>&nbsp;<\/p>\n<div id=\"attachment_122187\" style=\"width: 732px\" class=\"wp-caption aligncenter\"><a href=\"https:\/\/www.uv.mx\/prensa\/files\/2022\/09\/Luis-Arturo-Ramos3.jpg\"><img aria-describedby=\"caption-attachment-122187\" decoding=\"async\" loading=\"lazy\" class=\"size-full wp-image-122187\" src=\"https:\/\/www.uv.mx\/prensa\/files\/2022\/09\/Luis-Arturo-Ramos3.jpg\" alt=\"\" width=\"722\" height=\"481\" srcset=\"https:\/\/www.uv.mx\/prensa\/files\/2022\/09\/Luis-Arturo-Ramos3.jpg 722w, https:\/\/www.uv.mx\/prensa\/files\/2022\/09\/Luis-Arturo-Ramos3-300x200.jpg 300w\" sizes=\"(max-width: 722px) 100vw, 722px\" \/><\/a><p id=\"caption-attachment-122187\" class=\"wp-caption-text\">Luis Arturo Ramos conversar\u00e1 sobre su trayectoria literaria<\/p><\/div>\n<p>&nbsp;<\/p>\n<p><b><i><span data-contrast=\"none\">Germ\u00e1n Mart\u00ednez Aceves<\/span><\/i><\/b><span data-ccp-props=\"{}\">\u00a0<\/span><\/p>\n<p><b><i><span data-contrast=\"none\">30\/09\/2022, Xalapa, Ver.- <\/span><\/i><\/b><span data-contrast=\"none\">Como parte de las actividades del Festival de la Lectura <a href=\"https:\/\/www.uv.mx\/coatza\/\" target=\"_blank\" rel=\"noopener\">Coatzacoalcos-Minatitl\u00e1n<\/a> de la Universidad Veracruzana (UV), a realizarse del 10 al 14 de octubre, se contar\u00e1 con la presencia de los escritores Luis Arturo Ramos y Celia del Palacio Montiel, quienes platicar\u00e1n sobre su obra literaria.<\/span><span data-ccp-props=\"{}\">\u00a0<\/span><\/p>\n<p><span data-contrast=\"none\">El escritor Luis Arturo Ramos recibir\u00e1 un reconocimiento por su vida dedicada a la narrativa, a la traducci\u00f3n y a la permanente lectura que se refleja en su obra literaria, la cual abarca novela y cuento que lo han ubicado, de acuerdo con la cr\u00edtica, como uno de los mejores escritores del pa\u00eds.<\/span><span data-ccp-props=\"{&quot;335559731&quot;:708}\">\u00a0<\/span><\/p>\n<p><span data-contrast=\"none\">La distinci\u00f3n la recibir\u00e1 el lunes 10 de octubre, a las 10:00 horas, en la Unidad de Servicios Bibliotecarios y de Informaci\u00f3n (USBI) Coatzacoalcos, en el marco de la inauguraci\u00f3n del festival, a la cual asistir\u00e1 el rector Mart\u00edn Aguilar S\u00e1nchez.<\/span><span data-ccp-props=\"{&quot;335559731&quot;:708}\">\u00a0<\/span><\/p>\n<p><span data-contrast=\"none\">El martes 11, Luis Arturo Ramos conversar\u00e1 con Germ\u00e1n Mart\u00ednez Aceves, de la Editorial UV, sobre su trayectoria literaria. La actividad ser\u00e1 a las 11:00 horas en la Casa de la Cultura de Coatzacoalcos.<\/span><span data-ccp-props=\"{&quot;335559731&quot;:708}\">\u00a0<\/span><\/p>\n<p><span data-contrast=\"none\">El mi\u00e9rcoles 12, a las 12:00 horas, en el Aula Magna del <\/span><i><span data-contrast=\"none\">campus<\/span><\/i><span data-contrast=\"none\"> Minatitl\u00e1n, se llevar\u00e1 a cabo la videoconferencia \u201cMujeres de la tormenta y adictas a la insurgencia: la literatura de Celia del Palacio\u201d, en la que la escritora y acad\u00e9mica de la UV hablar\u00e1 sobre sus novelas hist\u00f3ricas: <\/span><i><span data-contrast=\"none\">No me alcanzar\u00e1 la vida<\/span><\/i><span data-contrast=\"none\">, <\/span><i><span data-contrast=\"none\">Leona<\/span><\/i><span data-contrast=\"none\">, <\/span><i><span data-contrast=\"none\">Las mujeres de la tormenta<\/span><\/i><span data-contrast=\"none\">, <\/span><i><span data-contrast=\"none\">Hollywood era el cielo: Biograf\u00eda novelada de Lupe V\u00e9lez <\/span><\/i><span data-contrast=\"none\">y<\/span><i><span data-contrast=\"none\"> El camino del fuego<\/span><\/i><span data-contrast=\"none\">.<\/span><span data-ccp-props=\"{&quot;335559731&quot;:708}\">\u00a0<\/span><\/p>\n<p><span data-contrast=\"none\">Para conocer el programa completo del Festival de la Lectura, ingrese a: <\/span><a href=\"https:\/\/www.uv.mx\/editorial\/\"><span data-contrast=\"none\">https:\/\/www.uv.mx\/editorial\/<\/span><\/a><span data-ccp-props=\"{&quot;335559731&quot;:708}\">\u00a0<\/span><\/p>\n<p>&nbsp;<\/p>\n<div id=\"attachment_122186\" style=\"width: 732px\" class=\"wp-caption aligncenter\"><a href=\"https:\/\/www.uv.mx\/prensa\/files\/2022\/09\/CdelP-2.jpg\"><img aria-describedby=\"caption-attachment-122186\" decoding=\"async\" loading=\"lazy\" class=\"size-full wp-image-122186\" src=\"https:\/\/www.uv.mx\/prensa\/files\/2022\/09\/CdelP-2.jpg\" alt=\"\" width=\"722\" height=\"482\" srcset=\"https:\/\/www.uv.mx\/prensa\/files\/2022\/09\/CdelP-2.jpg 722w, https:\/\/www.uv.mx\/prensa\/files\/2022\/09\/CdelP-2-300x200.jpg 300w\" sizes=\"(max-width: 722px) 100vw, 722px\" \/><\/a><p id=\"caption-attachment-122186\" class=\"wp-caption-text\">La acad\u00e9mica de la UV impartir\u00e1 la videoconferencia \u201cMujeres de la tormenta y adictas a la insurgencia: la literatura de Celia del Palacio\u201d<\/p><\/div>\n<p>&nbsp;<\/p>\n<p><span data-ccp-props=\"{}\">\u00a0<\/span><b><span data-contrast=\"none\">Trayectorias\u00a0<\/span><\/b><span data-ccp-props=\"{}\">\u00a0<\/span><\/p>\n<p><span data-contrast=\"none\">Luis Arturo Ramos naci\u00f3 en Minatitl\u00e1n, Veracruz, el 9 de noviembre de 1947. Estudi\u00f3 Letras Espa\u00f1olas en la UV, donde tambi\u00e9n fue profesor. Fue docente en la Escuela de Extensi\u00f3n Universitaria de la Universidad Nacional Aut\u00f3noma de M\u00e9xico (UNAM), en San Antonio, Texas. Actualmente es profesor de la Maestr\u00eda Biling\u00fce en Creaci\u00f3n Literaria de la Universidad de Texas, en El Paso.<\/span><span data-ccp-props=\"{}\">\u00a0<\/span><\/p>\n<p><span data-contrast=\"none\">Fue director de la Editorial UV en dos ocasiones y director de la revista <\/span><i><span data-contrast=\"none\">La Palabra y el Hombre<\/span><\/i><span data-contrast=\"none\">. Recibi\u00f3 el Premio Nacional de Narrativa Colima para Obra Publicada 1980 por <\/span><i><span data-contrast=\"none\">Violeta-Per\u00fa<\/span><\/i><span data-contrast=\"none\">, el mismo galard\u00f3n en 1988 por <\/span><i><span data-contrast=\"none\">\u00c9ste era un gato<\/span><\/i><span data-contrast=\"none\">, y el Premio Nacional de Ensayo Literario \u201cJos\u00e9 Revueltas\u201d 1989 por <\/span><i><span data-contrast=\"none\">Meloman\u00edas: la ritualizaci\u00f3n del universo. Una lectura de la obra de Juan Vicente Melo<\/span><\/i><span data-contrast=\"none\">.<\/span><span data-ccp-props=\"{&quot;335559731&quot;:708}\">\u00a0<\/span><\/p>\n<p><span data-contrast=\"none\">Celia del Palacio es doctora en Historia por la UNAM. Es investigadora del Centro de Estudios de la Cultura y la Comunicaci\u00f3n de la UV y miembro del Sistema Nacional de Investigadores, Nivel 3. Se ha distinguido por su investigaci\u00f3n sobre la historia del periodismo en Veracruz, desde sus inicios hasta la \u00e9poca actual.<\/span><span data-ccp-props=\"{&quot;335559731&quot;:708}\">\u00a0<\/span><\/p>\n","protected":false},"excerpt":{"rendered":"<p>Se realizar\u00e1 del 10 al 14 de octubre en la regi\u00f3n Coatzacoalcos-Minatitl\u00e1n, organizado por la Editorial UV y con la presencia de dos de sus ex titulares <\/p>\n","protected":false},"author":1809,"featured_media":122187,"comment_status":"closed","ping_status":"closed","sticky":false,"template":"","format":"standard","meta":[],"categories":[47,1],"tags":[4922,1198,8826,1474,6052],"_links":{"self":[{"href":"https:\/\/www.uv.mx\/prensa\/wp-json\/wp\/v2\/posts\/122185"}],"collection":[{"href":"https:\/\/www.uv.mx\/prensa\/wp-json\/wp\/v2\/posts"}],"about":[{"href":"https:\/\/www.uv.mx\/prensa\/wp-json\/wp\/v2\/types\/post"}],"author":[{"embeddable":true,"href":"https:\/\/www.uv.mx\/prensa\/wp-json\/wp\/v2\/users\/1809"}],"replies":[{"embeddable":true,"href":"https:\/\/www.uv.mx\/prensa\/wp-json\/wp\/v2\/comments?post=122185"}],"version-history":[{"count":1,"href":"https:\/\/www.uv.mx\/prensa\/wp-json\/wp\/v2\/posts\/122185\/revisions"}],"predecessor-version":[{"id":122254,"href":"https:\/\/www.uv.mx\/prensa\/wp-json\/wp\/v2\/posts\/122185\/revisions\/122254"}],"wp:featuredmedia":[{"embeddable":true,"href":"https:\/\/www.uv.mx\/prensa\/wp-json\/wp\/v2\/media\/122187"}],"wp:attachment":[{"href":"https:\/\/www.uv.mx\/prensa\/wp-json\/wp\/v2\/media?parent=122185"}],"wp:term":[{"taxonomy":"category","embeddable":true,"href":"https:\/\/www.uv.mx\/prensa\/wp-json\/wp\/v2\/categories?post=122185"},{"taxonomy":"post_tag","embeddable":true,"href":"https:\/\/www.uv.mx\/prensa\/wp-json\/wp\/v2\/tags?post=122185"}],"curies":[{"name":"wp","href":"https:\/\/api.w.org\/{rel}","templated":true}]}}