{"id":122222,"date":"2022-09-30T18:13:15","date_gmt":"2022-09-30T23:13:15","guid":{"rendered":"https:\/\/www.uv.mx\/prensa\/?p=122222"},"modified":"2022-10-03T10:45:29","modified_gmt":"2022-10-03T15:45:29","slug":"uv-e-ivea-signaron-convenio-para-alfabetizar-region-del-istmo-de-tehuantepec","status":"publish","type":"post","link":"https:\/\/www.uv.mx\/prensa\/regiones\/uv-e-ivea-signaron-convenio-para-alfabetizar-region-del-istmo-de-tehuantepec\/","title":{"rendered":"UV e IVEA signaron convenio para alfabetizar regi\u00f3n del Istmo de Tehuantepec"},"content":{"rendered":"<ul class=\"ul1\">\n<li class=\"li1\"><i>\u201cLa alfabetizaci\u00f3n abre la posibilidad de conquistar la autonom\u00eda, la plenitud personal\u201d, destac\u00f3 el rector Mart\u00edn Aguilar S\u00e1nchez<\/i><\/li>\n<\/ul>\n<p>&nbsp;<\/p>\n<div id=\"attachment_122220\" style=\"width: 732px\" class=\"wp-caption aligncenter\"><img aria-describedby=\"caption-attachment-122220\" decoding=\"async\" loading=\"lazy\" class=\"size-full wp-image-122220\" src=\"https:\/\/www.uv.mx\/prensa\/files\/2022\/09\/30092022-KARINA-Firma-de-convenio-UV-IVEA-4-100k.jpg\" alt=\"La firma del documento estuvo a cargo de Mart\u00edn Aguilar y H\u00e9ctor Leonel Amezcua\" width=\"722\" height=\"482\" srcset=\"https:\/\/www.uv.mx\/prensa\/files\/2022\/09\/30092022-KARINA-Firma-de-convenio-UV-IVEA-4-100k.jpg 722w, https:\/\/www.uv.mx\/prensa\/files\/2022\/09\/30092022-KARINA-Firma-de-convenio-UV-IVEA-4-100k-300x200.jpg 300w\" sizes=\"(max-width: 722px) 100vw, 722px\" \/><p id=\"caption-attachment-122220\" class=\"wp-caption-text\">La firma del documento estuvo a cargo de Mart\u00edn Aguilar y H\u00e9ctor Leonel Amezcua<\/p><\/div>\n<p>&nbsp;<\/p>\n<p class=\"p1\"><b><i>Karina de la Paz Reyes D\u00edaz<\/i><\/b><\/p>\n<p class=\"p1\"><b><i>Fotos: C\u00e9sar Pisil Ramos<\/i><\/b><\/p>\n<p class=\"p1\"><b><i>30\/09\/2022, Coatzacoalcos, Ver.- <\/i><\/b>La <a href=\"https:\/\/www.uv.mx\/\" target=\"_blank\" rel=\"noopener\">Universidad Veracruzana<\/a> (UV) y el Instituto Veracruzano de Educaci\u00f3n para los Adultos (IVEA) signaron un convenio general de colaboraci\u00f3n, cuyo prop\u00f3sito es emprender acciones concernientes a la alfabetizaci\u00f3n en la regi\u00f3n del Istmo de Tehuantepec.<\/p>\n<p class=\"p1\">La ceremonia de firma del documento se desarroll\u00f3 en la Unidad de Servicios Bibliotecarios y de Informaci\u00f3n (USBI) de la regi\u00f3n Coatzacoalcos-Minatitl\u00e1n, este viernes 30 de septiembre, y estuvo encabezada por el rector Mart\u00edn Aguilar S\u00e1nchez, quien en su discurso destac\u00f3:<\/p>\n<p class=\"p1\">\u201cAlfabetizar \u2013tal como diversas pedagog\u00edas han predicado\u2013 es una tarea emancipadora, no s\u00f3lo porque transmite la herramienta del lenguaje ya construido, sino tambi\u00e9n porque abre la posibilidad de conquistar la autonom\u00eda, la plenitud personal.\u201d<\/p>\n<p class=\"p1\">Adem\u00e1s, dijo que la fuerza de leer y escribir estriba en que multiplica la capacidad de entender el mundo circundante, da la oportunidad de ser sujetos activos y due\u00f1os de nuestras vidas.<\/p>\n<p class=\"p1\">\u201c\u00c9se deber\u00eda ser el sentido de una pol\u00edtica alfabetizadora democr\u00e1tica y el esp\u00edritu que desde la UV hoy queremos invocar y que no vamos a dejar de alimentar.\u201d<\/p>\n<div id=\"attachment_122218\" style=\"width: 732px\" class=\"wp-caption aligncenter\"><img aria-describedby=\"caption-attachment-122218\" decoding=\"async\" loading=\"lazy\" class=\"size-full wp-image-122218\" src=\"https:\/\/www.uv.mx\/prensa\/files\/2022\/09\/30092022-KARINA-Firma-de-convenio-UV-IVEA-2-100k.jpg\" alt=\"El convenio general se firm\u00f3 en la USBI de la regi\u00f3n Coatzacoalcos-Minatitl\u00e1n\" width=\"722\" height=\"482\" srcset=\"https:\/\/www.uv.mx\/prensa\/files\/2022\/09\/30092022-KARINA-Firma-de-convenio-UV-IVEA-2-100k.jpg 722w, https:\/\/www.uv.mx\/prensa\/files\/2022\/09\/30092022-KARINA-Firma-de-convenio-UV-IVEA-2-100k-300x200.jpg 300w\" sizes=\"(max-width: 722px) 100vw, 722px\" \/><p id=\"caption-attachment-122218\" class=\"wp-caption-text\">El convenio general se firm\u00f3 en la USBI de la regi\u00f3n Coatzacoalcos-Minatitl\u00e1n<\/p><\/div>\n<p>&nbsp;<\/p>\n<p class=\"p1\">En tanto Georgina Hern\u00e1ndez R\u00edos, vicerrectora de la regi\u00f3n Coatzacoalcos-Minatitl\u00e1n, celebr\u00f3 la firma del convenio, toda vez que esta regi\u00f3n universitaria est\u00e1 presente en 24 municipios que, a su vez, forman parte del Programa para el Desarrollo del Istmo de Tehuantepec, cuyo eje es el Corredor Interoce\u00e1nico del mismo nombre.<\/p>\n<p class=\"p1\">\u201cEn ese contexto, el desarrollo econ\u00f3mico que se detonar\u00eda debe estar aparejado con el derecho a la educaci\u00f3n, especialmente de los pueblos ind\u00edgenas, afromexicanos y equiparables del Istmo de Tehuantepec, a trav\u00e9s de acciones que garanticen su participaci\u00f3n y derechos culturales\u201d, explic\u00f3.<\/p>\n<p class=\"p1\">Por ello la importancia de que la comunidad UV de esta regi\u00f3n se sume al Movimiento Nacional por la Alfabetizaci\u00f3n y la Educaci\u00f3n (<i>Monae<\/i>), para contribuir a combatir esta desigualdad social que para el caso de la entidad afecta a m\u00e1s medio mill\u00f3n de personas.<\/p>\n<p class=\"p1\">En calidad de testigo, presidi\u00f3 esta ceremonia Teresa Guadalupe Reyes Sahag\u00fan, directora general del Instituto Nacional para la Educaci\u00f3n de los Adultos (INEA), quien en su discurso remarc\u00f3 el orgullo de estar en la UV, una instituci\u00f3n de prestigio nacional e internacional y de las m\u00e1s importantes del pa\u00eds.<\/p>\n<div id=\"attachment_122219\" style=\"width: 732px\" class=\"wp-caption aligncenter\"><img aria-describedby=\"caption-attachment-122219\" decoding=\"async\" loading=\"lazy\" class=\"size-full wp-image-122219\" src=\"https:\/\/www.uv.mx\/prensa\/files\/2022\/09\/30092022-KARINA-Firma-de-convenio-UV-IVEA-3-100k.jpg\" alt=\"El Rector de la UV celebr\u00f3 el acontecimiento\" width=\"722\" height=\"482\" srcset=\"https:\/\/www.uv.mx\/prensa\/files\/2022\/09\/30092022-KARINA-Firma-de-convenio-UV-IVEA-3-100k.jpg 722w, https:\/\/www.uv.mx\/prensa\/files\/2022\/09\/30092022-KARINA-Firma-de-convenio-UV-IVEA-3-100k-300x200.jpg 300w\" sizes=\"(max-width: 722px) 100vw, 722px\" \/><p id=\"caption-attachment-122219\" class=\"wp-caption-text\">El Rector de la UV celebr\u00f3 el acontecimiento<\/p><\/div>\n<p>&nbsp;<\/p>\n<p class=\"p1\">Destac\u00f3 la importancia de este convenio, \u201cde hacer sinergia de colaboraci\u00f3n\u201d, para servirle \u201cm\u00e1s y mejor\u201d al pueblo que, de alguna manera, ha sostenido y hecho posible la existencia de instituciones p\u00fablicas como la propia UV, el INEA y el IVEA.<\/p>\n<p class=\"p1\">\u201cNos da much\u00edsimo gusto saber que van a impulsar tareas de difusi\u00f3n, promoci\u00f3n, traducci\u00f3n de materiales para las diversas lenguas maternas de la regi\u00f3n; y a partir de brigadas, echar a andar el servicio social y pr\u00e1cticas profesionales.\u201d<\/p>\n<p class=\"p1\">El convenio fue signado por H\u00e9ctor Leonel Amezcua Cardiel, director del IVEA, quien precis\u00f3 que m\u00e1s de 60 mil personas de esa zona presentan rezago educativo.<\/p>\n<div id=\"attachment_122217\" style=\"width: 732px\" class=\"wp-caption aligncenter\"><img aria-describedby=\"caption-attachment-122217\" decoding=\"async\" loading=\"lazy\" class=\"size-full wp-image-122217\" src=\"https:\/\/www.uv.mx\/prensa\/files\/2022\/09\/30092022-KARINA-Firma-de-convenio-UV-IVEA-1-100k.jpg\" alt=\"La UV y el IVEA hacen sinergia para erradicar el rezago social en materia educativa de aquella regi\u00f3n\" width=\"722\" height=\"482\" srcset=\"https:\/\/www.uv.mx\/prensa\/files\/2022\/09\/30092022-KARINA-Firma-de-convenio-UV-IVEA-1-100k.jpg 722w, https:\/\/www.uv.mx\/prensa\/files\/2022\/09\/30092022-KARINA-Firma-de-convenio-UV-IVEA-1-100k-300x200.jpg 300w\" sizes=\"(max-width: 722px) 100vw, 722px\" \/><p id=\"caption-attachment-122217\" class=\"wp-caption-text\">La UV y el IVEA hacen sinergia para erradicar el rezago social en materia educativa de aquella regi\u00f3n<\/p><\/div>\n<p>&nbsp;<\/p>\n<p class=\"p1\">\u201cMe congratulo de que podamos seguir contribuyendo en esta gran alianza que hacemos con la Universidad, con el gran sentido y sensibilidad social del Rector y el compromiso de nuestra directora, Teresa Guadalupe Reyes, para seguir impulsando la alfabetizaci\u00f3n, ahora desde el \u00e1mbito de la educaci\u00f3n superior y en una zona tan lastimada por el rezago educativo, como es el Istmo de Tehuantepec.\u201d<\/p>\n<p class=\"p1\">A esta ceremonia tambi\u00e9n asistieron, como invitado especial, Amado Jes\u00fas Cruz Malpica, presidente municipal de Coatzacoalcos; representantes de la Secretar\u00eda de Educaci\u00f3n de Veracruz (SEV) y otras dependencias gubernamentales; Marisol Luna Leal, Abogada General de la UV; Daniel Bello L\u00f3pez, director general de la UV-Intercultural; funcionarios universitarios regionales y coordinadores de zona del IVEA.<\/p>\n","protected":false},"excerpt":{"rendered":"<p>A la par del desarrollo econ\u00f3mico que detonar\u00e1 el Corredor Multimodal Interoce\u00e1nico del Istmo de Tehuantepec, debe darse el social, coincidieron autoridades universitarias y gubernamentales<\/p>\n","protected":false},"author":1775,"featured_media":122224,"comment_status":"closed","ping_status":"closed","sticky":false,"template":"","format":"standard","meta":[],"categories":[52,61,32],"tags":[8834,6263,2061,5976,2060,1285,2847,5225,8836,8832,7967,8833,4015,2700,2276,700,2798,8835,572,279,5226],"_links":{"self":[{"href":"https:\/\/www.uv.mx\/prensa\/wp-json\/wp\/v2\/posts\/122222"}],"collection":[{"href":"https:\/\/www.uv.mx\/prensa\/wp-json\/wp\/v2\/posts"}],"about":[{"href":"https:\/\/www.uv.mx\/prensa\/wp-json\/wp\/v2\/types\/post"}],"author":[{"embeddable":true,"href":"https:\/\/www.uv.mx\/prensa\/wp-json\/wp\/v2\/users\/1775"}],"replies":[{"embeddable":true,"href":"https:\/\/www.uv.mx\/prensa\/wp-json\/wp\/v2\/comments?post=122222"}],"version-history":[{"count":1,"href":"https:\/\/www.uv.mx\/prensa\/wp-json\/wp\/v2\/posts\/122222\/revisions"}],"predecessor-version":[{"id":122250,"href":"https:\/\/www.uv.mx\/prensa\/wp-json\/wp\/v2\/posts\/122222\/revisions\/122250"}],"wp:featuredmedia":[{"embeddable":true,"href":"https:\/\/www.uv.mx\/prensa\/wp-json\/wp\/v2\/media\/122224"}],"wp:attachment":[{"href":"https:\/\/www.uv.mx\/prensa\/wp-json\/wp\/v2\/media?parent=122222"}],"wp:term":[{"taxonomy":"category","embeddable":true,"href":"https:\/\/www.uv.mx\/prensa\/wp-json\/wp\/v2\/categories?post=122222"},{"taxonomy":"post_tag","embeddable":true,"href":"https:\/\/www.uv.mx\/prensa\/wp-json\/wp\/v2\/tags?post=122222"}],"curies":[{"name":"wp","href":"https:\/\/api.w.org\/{rel}","templated":true}]}}