{"id":122271,"date":"2022-10-03T19:07:56","date_gmt":"2022-10-04T00:07:56","guid":{"rendered":"https:\/\/www.uv.mx\/prensa\/?p=122271"},"modified":"2022-10-04T13:51:54","modified_gmt":"2022-10-04T18:51:54","slug":"comunidad-uv-trabaja-por-ley-organica-con-principios-progresistas","status":"publish","type":"post","link":"https:\/\/www.uv.mx\/prensa\/banner\/comunidad-uv-trabaja-por-ley-organica-con-principios-progresistas\/","title":{"rendered":"Comunidad UV trabaja por Ley Org\u00e1nica con principios progresistas"},"content":{"rendered":"<ul class=\"ul1\">\n<li class=\"li1\"><span class=\"s2\"><i>Con el af\u00e1n de continuar enriqueciendo el documento, se desarroll\u00f3 un segundo foro que recoge las opiniones y planteamientos de las cinco regiones universitarias<\/i><\/span><\/li>\n<\/ul>\n<p>&nbsp;<\/p>\n<div id=\"attachment_122268\" style=\"width: 1210px\" class=\"wp-caption aligncenter\"><img aria-describedby=\"caption-attachment-122268\" decoding=\"async\" loading=\"lazy\" class=\"size-full wp-image-122268\" src=\"https:\/\/www.uv.mx\/prensa\/files\/2022\/10\/COLLAGE-1-1200-031022-LFFC-Consulta-Ley-Organica-Participantes-1.jpg\" alt=\"Autoridades y comunidad universitarias, as\u00ed como integrantes de la Comisi\u00f3n Transitoria para elaborar el Anteproyecto de Ley Org\u00e1nica, celebraron el encuentro\" width=\"1200\" height=\"800\" srcset=\"https:\/\/www.uv.mx\/prensa\/files\/2022\/10\/COLLAGE-1-1200-031022-LFFC-Consulta-Ley-Organica-Participantes-1.jpg 1200w, https:\/\/www.uv.mx\/prensa\/files\/2022\/10\/COLLAGE-1-1200-031022-LFFC-Consulta-Ley-Organica-Participantes-1-300x200.jpg 300w, https:\/\/www.uv.mx\/prensa\/files\/2022\/10\/COLLAGE-1-1200-031022-LFFC-Consulta-Ley-Organica-Participantes-1-1024x683.jpg 1024w, https:\/\/www.uv.mx\/prensa\/files\/2022\/10\/COLLAGE-1-1200-031022-LFFC-Consulta-Ley-Organica-Participantes-1-768x512.jpg 768w\" sizes=\"(max-width: 1200px) 100vw, 1200px\" \/><p id=\"caption-attachment-122268\" class=\"wp-caption-text\">Autoridades y comunidad universitarias, as\u00ed como integrantes de la Comisi\u00f3n Transitoria para elaborar el Anteproyecto de Ley Org\u00e1nica, celebraron el encuentro<\/p><\/div>\n<p>&nbsp;<\/p>\n<p class=\"p1\"><span class=\"s1\"><b><i>Karina de la Paz Reyes D\u00edaz<\/i><\/b><\/span><\/p>\n<p class=\"p1\"><span class=\"s1\"><b><i>Fotos: Luis Fernando Fern\u00e1ndez<\/i><\/b><\/span><\/p>\n<p class=\"p1\"><span class=\"s1\"><b><i>03\/10\/2022, Xalapa, Ver.-<\/i><\/b> El \u201cSegundo Foro de consulta libre, previa e informada. An\u00e1lisis de la propuesta del Anteproyecto de Ley Org\u00e1nica de la Universidad Veracruzana (UV)\u201d concluy\u00f3 en esta regi\u00f3n universitaria con m\u00e1s de una veintena de participaciones, entre comentarios y propuestas para enriquecer el documento que se llevar\u00e1 primero al <a href=\"https:\/\/www.uv.mx\/secretariaacademica\/consejo-universitario-general\/\" target=\"_blank\" rel=\"noopener\">Consejo Universitario General<\/a> (CUG) y, posteriormente, al Congreso del Estado.<\/span><\/p>\n<p class=\"p3\"><span class=\"s1\">El foro se desarroll\u00f3 en las cinco regiones universitarias, a partir del martes 27 de septiembre. A Xalapa le correspondi\u00f3 el cierre, este 3 de octubre, en la Sala de Videoconferencias de la Unidad de Servicios Bibliotecarios y de Informaci\u00f3n (USBI).<\/span><\/p>\n<p class=\"p3\"><span class=\"s1\">Ah\u00ed, Marisol Luna Leal, Abogada General de la UV, precis\u00f3 que de las propuestas recibidas, alrededor del 70 por ciento son de car\u00e1cter secundario y el resto est\u00e1n dirigidas al \u201ctexto fundamental\u201d, que sigue en curso de construcci\u00f3n.<\/span><\/p>\n<p class=\"p3\"><span class=\"s1\">\u201cEste es un texto que viene de las periferias al centro y no del centro a las periferias. No es un texto construido sobre el cual solamente se modificar\u00e1n comas o el \u2018debe decir\u2019, sino m\u00e1s all\u00e1.<\/span><\/p>\n<p class=\"p3\"><span class=\"s1\">\u201dComparecemos ante la comunidad universitaria. Estamos abiertos a escucharles, todos los miembros de la Comisi\u00f3n Transitoria, para elaborar el Anteproyecto de Ley Org\u00e1nica y en lo personal.\u201d<\/span><\/p>\n<p class=\"p3\"><span class=\"s1\">En ese tenor, tambi\u00e9n comentaron quienes integran la citada Comisi\u00f3n Transitoria: Mar\u00eda Rebeca Toledo C\u00e1rdenas, Arturo Miguel Ch\u00edpuli Castillo y la estudiante Jessica Mendoza Ferrer.<\/span><\/p>\n<p class=\"p3\"><span class=\"s1\">En su intervenci\u00f3n, Rebeca Toledo, acad\u00e9mica del Instituto de Investigaciones Cerebrales (<i>Iice<\/i>), habl\u00f3 minuciosamente de temas centrales como el equilibrio de poderes de Rector\u00eda, el CUG y la Junta de Gobierno.<\/span><\/p>\n<p class=\"p3\"><span class=\"s1\">\u201cPara nosotros es muy importante la cr\u00edtica y la aportaci\u00f3n de la comunidad universitaria, para que sigamos generando ideas positivas\u201d, remarc\u00f3. \u201cAl escuchar sus voces, estamos escuchando las propias; entonces, se generan mejores ideas y podemos mejorar este anteproyecto que es muy importante\u201d, a\u00f1adi\u00f3 m\u00e1s adelante.<\/span><\/p>\n<p class=\"p3\"><span class=\"s1\">Jessica Mendoza habl\u00f3 precisamente de lo que compete al estudiantado y dej\u00f3 en claro: \u201cDebemos ser la base de esta Universidad. S\u00e9 que al ser todos un \u00f3rgano, cada una de las \u00e1reas tiene una parte fundamental; sin embargo, todos sabemos que nos debemos a los estudiantes y como tal lo que buscamos es ser escuchados\u201d.<\/span><\/p>\n<p class=\"p3\"><span class=\"s1\">Por su parte, Miguel Ch\u00edpuli, director del Instituto de Investigaciones Jur\u00eddicas, habl\u00f3 en extenso de lo concerniente al procesamiento de conflictos, planteados acorde con los principios en materia de derechos humanos y conforme a la reforma de ley constitucional referida.<\/span><\/p>\n<p class=\"p3\"><span class=\"s1\">En t\u00e9rminos generales, cit\u00f3, \u201cse trata de un proyecto de ley que, si bien es cierto que es perfectible, lo que busca es establecer un esfuerzo puntual por reconocer que se han dado una serie de reformas necesarias de aplicar en la legislaci\u00f3n universitaria\u201d.<\/span><\/p>\n<p class=\"p3\"><span class=\"s1\">M\u00e1s a\u00fan, \u201clo que nosotros establecemos en este proyecto es, desde luego, una forma de actualizar, pero tambi\u00e9n establecer principios progresistas dentro de nuestra legislaci\u00f3n\u201d.<\/span><\/p>\n<p class=\"p1\"><span class=\"s1\"><b>Comunidad universitaria tuvo notable y variada participaci\u00f3n<br \/>\n<\/b><\/span><span class=\"s1\">En esta \u00faltima sede del foro participaron alrededor de 20 acad\u00e9micos, acad\u00e9micas, directores y directoras de facultades, institutos y centros de investigaci\u00f3n, las cuales fueron organizadas en cuatro bloques.<\/span><\/p>\n<div id=\"attachment_122269\" style=\"width: 1210px\" class=\"wp-caption aligncenter\"><img aria-describedby=\"caption-attachment-122269\" decoding=\"async\" loading=\"lazy\" class=\"size-full wp-image-122269\" src=\"https:\/\/www.uv.mx\/prensa\/files\/2022\/10\/COLLAGE-02-031022-LFFC-Consulta-Ley-Organica-Participantes-7.jpg\" alt=\"Los planteamientos abarcaron diversos art\u00edculos del anteproyecto\" width=\"1200\" height=\"800\" srcset=\"https:\/\/www.uv.mx\/prensa\/files\/2022\/10\/COLLAGE-02-031022-LFFC-Consulta-Ley-Organica-Participantes-7.jpg 1200w, https:\/\/www.uv.mx\/prensa\/files\/2022\/10\/COLLAGE-02-031022-LFFC-Consulta-Ley-Organica-Participantes-7-300x200.jpg 300w, https:\/\/www.uv.mx\/prensa\/files\/2022\/10\/COLLAGE-02-031022-LFFC-Consulta-Ley-Organica-Participantes-7-1024x683.jpg 1024w, https:\/\/www.uv.mx\/prensa\/files\/2022\/10\/COLLAGE-02-031022-LFFC-Consulta-Ley-Organica-Participantes-7-768x512.jpg 768w\" sizes=\"(max-width: 1200px) 100vw, 1200px\" \/><p id=\"caption-attachment-122269\" class=\"wp-caption-text\">Los planteamientos abarcaron diversos art\u00edculos del anteproyecto<\/p><\/div>\n<p>&nbsp;<\/p>\n<p class=\"p3\"><span class=\"s1\">Algunas de las propuestas planteadas fueron respecto a la Autonom\u00eda Universitaria; principios, integridad y atribuciones de la Junta de Gobierno; responsabilidades, sanciones y necesidad de un tribunal universitario; las distinciones que se marcan para designar al director o directora de una Facultad, as\u00ed como la integraci\u00f3n de las juntas acad\u00e9micas.<\/span><\/p>\n<p class=\"p3\"><span class=\"s1\">\u201cLa propuesta de anteproyecto, en lo concerniente a la integraci\u00f3n y atribuciones de la Junta de Gobierno, orienta claramente a la Ley Org\u00e1nica hacia una mejora sustancial de las condiciones de gobernanza de la Universidad Veracruzana\u201d, fue parte de lo expuesto por el acad\u00e9mico Alejandro Le\u00f3n Maldonado.<\/span><\/p>\n<p class=\"p3\"><span class=\"s1\">Asimismo, sugiri\u00f3 la incorporaci\u00f3n de una declaraci\u00f3n transversal de principios en la que se incluyan como ejes de su ejercicio la autonom\u00eda, el bien com\u00fan y los derechos humanos.<\/span><\/p>\n<p class=\"p3\"><span class=\"s1\">El pasar de una actual Ley Org\u00e1nica de 114 art\u00edculos, a una de 42 que est\u00e1 en proceso, tambi\u00e9n fue un punto que reconocieron varias de las personas participantes.<\/span><\/p>\n<p class=\"p3\"><span class=\"s1\">Otras propuestas fueron el examen de oposici\u00f3n para ocupar el cargo de la Contralor\u00eda General; publicidad de los ordenamientos y estatutos al r\u00e9gimen de responsabilidades, sanciones y faltas; en materia de conflictos, que los procesos de justicia restaurativa sean con enfoque de cultura de la paz; en el apartado que hace referencia a la comercializaci\u00f3n de tecnolog\u00edas, a\u00f1adir \u201cservicios\u201d, pues a la fecha cita s\u00f3lo \u201cproductos\u201d.<\/span><\/p>\n<p class=\"p3\"><span class=\"s1\">Al ser reiterado el tema del tribunal universitario, Marisol Luna cit\u00f3 la Comisi\u00f3n de Honor y Justicia: \u201cSi bien de facto no se llama tribunal universitario, formalmente s\u00ed lo ser\u00e1\u201d.<\/span><\/p>\n<p class=\"p3\"><span class=\"s1\">Otros temas fueron el lenguaje inclusivo; la perspectiva de g\u00e9nero; la gobernanza y la transparencia; que la Junta de Gobierno est\u00e9 integrada \u00fanicamente por personalidades de la propia instituci\u00f3n, y la salud.<\/span><\/p>\n<p class=\"p3\"><span class=\"s1\">Raquel Aparicio Cid, por ejemplo, propuso sustituir el t\u00e9rmino \u201cdesarrollo sustentable\u201d por \u201csustentabilidad\u201d, toda vez que el primero \u201ctiene una carga ideol\u00f3gica muy fuerte que no nos permitir\u00eda estar cuestionando el modelo de desarrollo que prima en esta civilizaci\u00f3n moderna, y que ha generado una gran problem\u00e1tica\u201d.<\/span><\/p>\n<p class=\"p3\"><span class=\"s1\">En el cierre, tanto Marisol Luna como Rebeca Toledo \u2013en representaci\u00f3n de la Comisi\u00f3n Transitoria\u2013 reiteraron que el di\u00e1logo y la reflexi\u00f3n siguen abiertos para enriquecer el documento.<\/span><\/p>\n<p class=\"p3\"><span class=\"s1\">En el pres\u00eddium tambi\u00e9n estuvo presente Lucy Velasco Hern\u00e1ndez, directora de Normatividad. Como parte del p\u00fablico, Elena Rustri\u00e1n Portilla, secretaria Acad\u00e9mica, y Lizbeth Viveros Cancino, secretaria de Administraci\u00f3n y Finanzas, por citar a algunas de las autoridades.<\/span><\/p>\n<p class=\"p4\"><span class=\"s2\">Para conocer el documento consulte: <a href=\"https:\/\/www.uv.mx\/legislacion\/files\/2022\/09\/Anteproyecto-LOUV.pdf\"><span class=\"s3\">https:\/\/www.uv.mx\/legislacion\/files\/2022\/09\/Anteproyecto-LOUV.pdf<\/span><\/a><\/span><\/p>\n","protected":false},"excerpt":{"rendered":"<p>Con la participaci\u00f3n de la regi\u00f3n Xalapa, concluy\u00f3 el \u201cSegundo Foro de consulta libre, previa e informada. An\u00e1lisis de la propuesta del Anteproyecto de Ley Org\u00e1nica de la Universidad Veracruzana\u201d<\/p>\n","protected":false},"author":1775,"featured_media":122270,"comment_status":"closed","ping_status":"closed","sticky":false,"template":"","format":"standard","meta":[],"categories":[61],"tags":[3238,7338,1013,781,320,4015,6592,5491,5350,572,279],"_links":{"self":[{"href":"https:\/\/www.uv.mx\/prensa\/wp-json\/wp\/v2\/posts\/122271"}],"collection":[{"href":"https:\/\/www.uv.mx\/prensa\/wp-json\/wp\/v2\/posts"}],"about":[{"href":"https:\/\/www.uv.mx\/prensa\/wp-json\/wp\/v2\/types\/post"}],"author":[{"embeddable":true,"href":"https:\/\/www.uv.mx\/prensa\/wp-json\/wp\/v2\/users\/1775"}],"replies":[{"embeddable":true,"href":"https:\/\/www.uv.mx\/prensa\/wp-json\/wp\/v2\/comments?post=122271"}],"version-history":[{"count":1,"href":"https:\/\/www.uv.mx\/prensa\/wp-json\/wp\/v2\/posts\/122271\/revisions"}],"predecessor-version":[{"id":122306,"href":"https:\/\/www.uv.mx\/prensa\/wp-json\/wp\/v2\/posts\/122271\/revisions\/122306"}],"wp:featuredmedia":[{"embeddable":true,"href":"https:\/\/www.uv.mx\/prensa\/wp-json\/wp\/v2\/media\/122270"}],"wp:attachment":[{"href":"https:\/\/www.uv.mx\/prensa\/wp-json\/wp\/v2\/media?parent=122271"}],"wp:term":[{"taxonomy":"category","embeddable":true,"href":"https:\/\/www.uv.mx\/prensa\/wp-json\/wp\/v2\/categories?post=122271"},{"taxonomy":"post_tag","embeddable":true,"href":"https:\/\/www.uv.mx\/prensa\/wp-json\/wp\/v2\/tags?post=122271"}],"curies":[{"name":"wp","href":"https:\/\/api.w.org\/{rel}","templated":true}]}}