{"id":123072,"date":"2022-10-24T12:44:41","date_gmt":"2022-10-24T17:44:41","guid":{"rendered":"https:\/\/www.uv.mx\/prensa\/?p=123072"},"modified":"2022-10-24T12:44:41","modified_gmt":"2022-10-24T17:44:41","slug":"alumnos-uv-dieron-ritmo-y-movimiento-a-videopartituras-del-paisaje","status":"publish","type":"post","link":"https:\/\/www.uv.mx\/prensa\/cultura\/alumnos-uv-dieron-ritmo-y-movimiento-a-videopartituras-del-paisaje\/","title":{"rendered":"Alumnos UV dieron ritmo y movimiento a videopartituras del paisaje"},"content":{"rendered":"<ul class=\"ul1\">\n<li class=\"li1\"><i>A partir de una propuesta de Cecilia Osalde, artista visual de la Universidad de Guadalajara<\/i><\/li>\n<li class=\"li1\"><i>Realiz\u00f3 estancia en la UV e interactu\u00f3 con estudiantes de las facultades de M\u00fasica y Danza de esta casa de estudios<\/i><\/li>\n<\/ul>\n<p>&nbsp;<\/p>\n<div id=\"attachment_123073\" style=\"width: 732px\" class=\"wp-caption aligncenter\"><img aria-describedby=\"caption-attachment-123073\" decoding=\"async\" loading=\"lazy\" class=\"size-full wp-image-123073\" src=\"https:\/\/www.uv.mx\/prensa\/files\/2022\/10\/211022-ESTANCIA-FACULTAD-DE-MUSICA-1-100k.jpg\" alt=\"Cecilia Osalde, alumna de la Universidad de Guadalajara, realiz\u00f3 estancia en la UV\" width=\"722\" height=\"470\" srcset=\"https:\/\/www.uv.mx\/prensa\/files\/2022\/10\/211022-ESTANCIA-FACULTAD-DE-MUSICA-1-100k.jpg 722w, https:\/\/www.uv.mx\/prensa\/files\/2022\/10\/211022-ESTANCIA-FACULTAD-DE-MUSICA-1-100k-300x195.jpg 300w\" sizes=\"(max-width: 722px) 100vw, 722px\" \/><p id=\"caption-attachment-123073\" class=\"wp-caption-text\">Cecilia Osalde, alumna de la Universidad de Guadalajara, realiz\u00f3 estancia en la UV<\/p><\/div>\n<p>&nbsp;<\/p>\n<p class=\"p1\"><b><i>Claudia Peralta V\u00e1zquez<\/i><\/b><\/p>\n<p class=\"p1\"><b><i>Fotos: Omar Portilla Palacios (1 y 4) Cortes\u00eda de la Facultad de M\u00fasica (2, 3 y 5)<\/i><\/b><\/p>\n<p class=\"p1\"><b><i>24\/10\/2022, Xalapa, Ver.- <\/i><\/b>Alumnos de las facultades de M\u00fasica y Danza de la Universidad Veracruzana (UV) generaron ritmo y movimiento basados en la propuesta visual de Cecilia Osalde, estudiante de la Maestr\u00eda en Educaci\u00f3n y Expresi\u00f3n para las Artes de la Universidad de Guadalajara (UdeG).<\/p>\n<p class=\"p1\">Del 12 al 21 de octubre, la artista realiz\u00f3 una estancia acad\u00e9mica en la UV, donde desarroll\u00f3 diversas actividades centradas en su proyecto de investigaci\u00f3n de posgrado titulado \u201cDesiertos sonoros, dibujos y videopartituras del paisaje\u201d.<\/p>\n<p class=\"p1\">La vinculaci\u00f3n de la joven con esta casa de estudios surgi\u00f3 a partir de su participaci\u00f3n en el VI Coloquio Interuniversitario sobre la Ense\u00f1anza y Producci\u00f3n de las Artes 2022, organizado por la UV, a trav\u00e9s de la Maestr\u00eda en Pedagog\u00eda de las Artes, adscrita a la Facultad de Danza, y la UdeG, los d\u00edas 10 y 11 de junio.<\/p>\n<p class=\"p1\">Cecilia Osalde, egresada de la Licenciatura en Artes Visuales de la Escuela Superior de Artes de Yucat\u00e1n (ESAY), tuvo la oportunidad de presentar su proyecto de investigaci\u00f3n que gener\u00f3 inter\u00e9s en los acad\u00e9micos de la UV, pues durante el coloquio hubo un intercambio de tutores y estudiantes.<\/p>\n<p class=\"p1\">Meses despu\u00e9s, nuevamente retomaron la comunicaci\u00f3n y surgi\u00f3 la propuesta de la estancia acad\u00e9mica, la cual consisti\u00f3 en dar a conocer su trabajo visual que engloba el paisaje de la ciudad de Guadalajara, mismo que document\u00f3 a trav\u00e9s de im\u00e1genes durante el periodo de pandemia.<\/p>\n<p class=\"p3\">Comparti\u00f3 que al mudarse a la Perla Tapat\u00eda, adopt\u00f3 la ciudad como propio taller al no poder acudir a universidad de manera presencial.<\/p>\n<div id=\"attachment_123074\" style=\"width: 732px\" class=\"wp-caption aligncenter\"><img aria-describedby=\"caption-attachment-123074\" decoding=\"async\" loading=\"lazy\" class=\"size-full wp-image-123074\" src=\"https:\/\/www.uv.mx\/prensa\/files\/2022\/10\/211022-ESTANCIA-FACULTAD-DE-MUSICA-2-100k.jpg\" alt=\"Estudiantes de la Facultad de M\u00fasica dieron ritmo al proyecto visual de videopartituras del paisaje\" width=\"722\" height=\"397\" srcset=\"https:\/\/www.uv.mx\/prensa\/files\/2022\/10\/211022-ESTANCIA-FACULTAD-DE-MUSICA-2-100k.jpg 722w, https:\/\/www.uv.mx\/prensa\/files\/2022\/10\/211022-ESTANCIA-FACULTAD-DE-MUSICA-2-100k-300x165.jpg 300w\" sizes=\"(max-width: 722px) 100vw, 722px\" \/><p id=\"caption-attachment-123074\" class=\"wp-caption-text\">Estudiantes de la Facultad de M\u00fasica dieron ritmo al proyecto visual de videopartituras del paisaje<\/p><\/div>\n<p>&nbsp;<\/p>\n<p class=\"p3\">Por tanto, el proyecto lo desarroll\u00f3 en las calles y le dio vida en un primer momento a trav\u00e9s de fotocopias. Su imaginaci\u00f3n y creatividad la llev\u00f3 a comparar a ese conjunto de fotocopias con notas musicales editadas en un video que propon\u00edan ritmo mediante la imagen.<\/p>\n<p class=\"p3\">Durante su estancia en la UV, se plantearon sesiones de improvisaci\u00f3n interdisciplinaria gracias a la suma de esfuerzos de docentes y estudiantes de las facultades de Danza y M\u00fasica, de las licenciaturas en Danza Contempor\u00e1nea, M\u00fasica, Maestr\u00eda en M\u00fasica, y el Colectivo Escena Universitaria, integrado por profesores de Danza de esta casa de estudios.<\/p>\n<p class=\"p3\">La primera sesi\u00f3n se realiz\u00f3 en el marco del Festival Expresiones Contempor\u00e1neas, en la que participaron estudiantes de licenciatura y maestr\u00eda de la Facultad de M\u00fasica con una improvisaci\u00f3n libre de acuerdo a estudios previos de la m\u00fasica del siglo XX, as\u00ed como diversas t\u00e9cnicas y est\u00e9ticas musicales sumadas a la experiencia y cultura propias.<\/p>\n<p class=\"p3\">En la segunda sesi\u00f3n, alumnos de Danza catalogaron la experiencia como un espacio de libertad y de total atenci\u00f3n al momento esc\u00e9nico, as\u00ed como un sentido de colectividad.<\/p>\n<p class=\"p3\">En ambas se proyect\u00f3 una mezcla de las siete videopartituras de las cuales consta el trabajo visual, con una duraci\u00f3n de 14 minutos.<\/p>\n<div id=\"attachment_123075\" style=\"width: 732px\" class=\"wp-caption aligncenter\"><img aria-describedby=\"caption-attachment-123075\" decoding=\"async\" loading=\"lazy\" class=\"size-full wp-image-123075\" src=\"https:\/\/www.uv.mx\/prensa\/files\/2022\/10\/211022-ESTANCIA-FACULTAD-DE-MUSICA-3-100k.jpg\" alt=\"El Colectivo Escena Universitaria de la Facultad de Danza se sum\u00f3 a las sesiones de improvisaci\u00f3n interdisciplinaria\" width=\"722\" height=\"405\" srcset=\"https:\/\/www.uv.mx\/prensa\/files\/2022\/10\/211022-ESTANCIA-FACULTAD-DE-MUSICA-3-100k.jpg 722w, https:\/\/www.uv.mx\/prensa\/files\/2022\/10\/211022-ESTANCIA-FACULTAD-DE-MUSICA-3-100k-300x168.jpg 300w\" sizes=\"(max-width: 722px) 100vw, 722px\" \/><p id=\"caption-attachment-123075\" class=\"wp-caption-text\">El Colectivo Escena Universitaria de la Facultad de Danza se sum\u00f3 a las sesiones de improvisaci\u00f3n interdisciplinaria<\/p><\/div>\n<p>&nbsp;<\/p>\n<p class=\"p3\">En otro momento, Cecilia Osalde imparti\u00f3 una charla a otro grupo de alumnos, que tambi\u00e9n deriv\u00f3 en una improvisaci\u00f3n; mientras que al colectivo de la Facultad de Danza se les present\u00f3 el audio generado por sus pares de m\u00fasica, y en respuesta lo escenificaron por medio del movimiento.<\/p>\n<p class=\"p1\">Satisfecha con los resultados obtenidos, Cecilia expres\u00f3 que esta estancia le permiti\u00f3 ver a las videopartituras como una manera de moverse y expandirse fuera del papel, tomar ese riesgo y entender la imagen como un punto de fuga para habitar otras disciplinas.<\/p>\n<p class=\"p3\">\u201cEs a partir de la imagen donde pueden suceder muchas cosas, bailarines y m\u00fasicos pueden habitar la imagen o proponer ciertos movimientos a trav\u00e9s de este ritmo visual.\u201d<\/p>\n<p class=\"p3\">Daniel Serna Poot, acad\u00e9mico de la Facultad de M\u00fasica y coordinador de la Maestr\u00eda en Pedagog\u00eda de las Artes, dijo que la propuesta de Cecilia Osalde fue recibida con buen \u00e1nimo entre los estudiantes de M\u00fasica y Danza de la UV, y gener\u00f3 resultados interesantes.<\/p>\n<p class=\"p3\">\u201cUsualmente estamos acostumbrados a trabajar desde nuestra disciplina, esta actividad nos ayuda a escuchar expresiones distintas, fue una intervenci\u00f3n y propuesta interdisciplinaria que implica artes pl\u00e1sticas y m\u00fasica.\u201d<\/p>\n<div id=\"attachment_123076\" style=\"width: 732px\" class=\"wp-caption aligncenter\"><img aria-describedby=\"caption-attachment-123076\" decoding=\"async\" loading=\"lazy\" class=\"size-full wp-image-123076\" src=\"https:\/\/www.uv.mx\/prensa\/files\/2022\/10\/211022-ESTANCIA-FACULTAD-DE-MUSICA-4-100k.jpg\" alt=\"Cecilia Osalde, junto con Julieta Varanasi Gonz\u00e1lez Garc\u00eda y Daniel Serna Poot, acad\u00e9micos de la Facultad de M\u00fasica\" width=\"722\" height=\"471\" srcset=\"https:\/\/www.uv.mx\/prensa\/files\/2022\/10\/211022-ESTANCIA-FACULTAD-DE-MUSICA-4-100k.jpg 722w, https:\/\/www.uv.mx\/prensa\/files\/2022\/10\/211022-ESTANCIA-FACULTAD-DE-MUSICA-4-100k-300x196.jpg 300w\" sizes=\"(max-width: 722px) 100vw, 722px\" \/><p id=\"caption-attachment-123076\" class=\"wp-caption-text\">Cecilia Osalde, junto con Julieta Varanasi Gonz\u00e1lez Garc\u00eda y Daniel Serna Poot, acad\u00e9micos de la Facultad de M\u00fasica<\/p><\/div>\n<p>&nbsp;<\/p>\n<p class=\"p3\">Julieta Varanasi Gonz\u00e1lez Garc\u00eda coment\u00f3 que junto con Jorge Caballero Ram\u00edrez, ambos acad\u00e9micos de la Facultad de M\u00fasica, coordinaron la estancia de la alumna de la UdeG.<\/p>\n<p class=\"p1\">En la actividad se involucraron sus estudiantes de la experiencia educativa (EE) Metodolog\u00eda de la Investigaci\u00f3n. \u201cLa idea era que tuvieran la oportunidad de participar en un proyecto de este tipo y el resultado fue satisfactorio, es una invitaci\u00f3n de incorporarse a proyectos interdisciplinarios.<\/p>\n<p class=\"p3\">\u201dLa improvisaci\u00f3n es tambi\u00e9n una v\u00eda para identificar las caracter\u00edsticas del instrumento de trabajo del artista esc\u00e9nico contempor\u00e1neo, sea \u00e9ste el cuerpo o un instrumento que, a su vez, es una extensi\u00f3n de las habilidades y posibilidades naturales.<\/p>\n<p class=\"p3\">\u201dEs fundamental conocer las posibilidades que \u00e9ste tiene, para generar un di\u00e1logo art\u00edstico pleno y expresivo. Es muy importante que los artistas actuales tengan experiencias desde y con la improvisaci\u00f3n, ya que ello los puede llevar a muchos estadios del conocimiento, desde el juego creativo, la exploraci\u00f3n, hasta la formalizaci\u00f3n de trabajos art\u00edsticos\u201d, manifest\u00f3 Jorge Caballero.<\/p>\n","protected":false},"excerpt":{"rendered":"<p>Participaron en las sesiones de improvisaci\u00f3n interdisciplinaria, en respuesta a la propuesta \u201cDesiertos sonoros, dibujos y videopartituras del paisaje\u201d, de alumna de la UdeG<\/p>\n","protected":false},"author":1775,"featured_media":123083,"comment_status":"closed","ping_status":"closed","sticky":false,"template":"","format":"standard","meta":[],"categories":[11,61],"tags":[9011,4163,9013,1181,9014,9017,9016,5379,1442,138,730,9015,9012,6462,83,9010,1633,787,786],"_links":{"self":[{"href":"https:\/\/www.uv.mx\/prensa\/wp-json\/wp\/v2\/posts\/123072"}],"collection":[{"href":"https:\/\/www.uv.mx\/prensa\/wp-json\/wp\/v2\/posts"}],"about":[{"href":"https:\/\/www.uv.mx\/prensa\/wp-json\/wp\/v2\/types\/post"}],"author":[{"embeddable":true,"href":"https:\/\/www.uv.mx\/prensa\/wp-json\/wp\/v2\/users\/1775"}],"replies":[{"embeddable":true,"href":"https:\/\/www.uv.mx\/prensa\/wp-json\/wp\/v2\/comments?post=123072"}],"version-history":[{"count":1,"href":"https:\/\/www.uv.mx\/prensa\/wp-json\/wp\/v2\/posts\/123072\/revisions"}],"predecessor-version":[{"id":123077,"href":"https:\/\/www.uv.mx\/prensa\/wp-json\/wp\/v2\/posts\/123072\/revisions\/123077"}],"wp:featuredmedia":[{"embeddable":true,"href":"https:\/\/www.uv.mx\/prensa\/wp-json\/wp\/v2\/media\/123083"}],"wp:attachment":[{"href":"https:\/\/www.uv.mx\/prensa\/wp-json\/wp\/v2\/media?parent=123072"}],"wp:term":[{"taxonomy":"category","embeddable":true,"href":"https:\/\/www.uv.mx\/prensa\/wp-json\/wp\/v2\/categories?post=123072"},{"taxonomy":"post_tag","embeddable":true,"href":"https:\/\/www.uv.mx\/prensa\/wp-json\/wp\/v2\/tags?post=123072"}],"curies":[{"name":"wp","href":"https:\/\/api.w.org\/{rel}","templated":true}]}}