{"id":123253,"date":"2022-10-27T09:57:48","date_gmt":"2022-10-27T14:57:48","guid":{"rendered":"https:\/\/www.uv.mx\/prensa\/?p=123253"},"modified":"2022-10-27T09:57:48","modified_gmt":"2022-10-27T14:57:48","slug":"region-poza-rica-tuxpan-de-la-uv-conmemoro-el-dia-naranja","status":"publish","type":"post","link":"https:\/\/www.uv.mx\/prensa\/regiones\/region-poza-rica-tuxpan-de-la-uv-conmemoro-el-dia-naranja\/","title":{"rendered":"Regi\u00f3n Poza Rica-Tuxpan de la UV conmemor\u00f3 el D\u00eda Naranja"},"content":{"rendered":"<ul>\n<li><em><span class=\"TextRun SCXW118832087 BCX0\" lang=\"ES-MX\" xml:lang=\"ES-MX\" data-contrast=\"auto\"><span class=\"NormalTextRun SCXW118832087 BCX0\">Se realizaron conferencias magistrales y p<\/span><span class=\"NormalTextRun SCXW118832087 BCX0\">a<\/span><span class=\"NormalTextRun SCXW118832087 BCX0\">neles<\/span><span class=\"NormalTextRun SCXW118832087 BCX0\">, con la participaci\u00f3n de<\/span><span class=\"NormalTextRun SCXW118832087 BCX0\"> enlaces de <\/span><span class=\"NormalTextRun SCXW118832087 BCX0\">g<\/span><\/span><span class=\"TextRun SCXW118832087 BCX0\" lang=\"ES-MX\" xml:lang=\"ES-MX\" data-contrast=\"auto\"><span class=\"NormalTextRun SCXW118832087 BCX0\">\u00e9nero<\/span><\/span><span class=\"TextRun SCXW118832087 BCX0\" lang=\"ES-MX\" xml:lang=\"ES-MX\" data-contrast=\"auto\"><span class=\"NormalTextRun SCXW118832087 BCX0\"> de las facultades<\/span><\/span><\/em><em><span class=\"EOP SCXW118832087 BCX0\" data-ccp-props=\"{&quot;201341983&quot;:0,&quot;335559739&quot;:0,&quot;335559740&quot;:240}\">\u00a0<\/span><\/em><\/li>\n<\/ul>\n<p>&nbsp;<\/p>\n<div id=\"attachment_123257\" style=\"width: 732px\" class=\"wp-caption aligncenter\"><a href=\"https:\/\/www.uv.mx\/prensa\/files\/2022\/10\/PR-1-Foro-Equidad.jpg\"><img aria-describedby=\"caption-attachment-123257\" decoding=\"async\" loading=\"lazy\" class=\"size-full wp-image-123257\" src=\"https:\/\/www.uv.mx\/prensa\/files\/2022\/10\/PR-1-Foro-Equidad.jpg\" alt=\"\" width=\"722\" height=\"321\" srcset=\"https:\/\/www.uv.mx\/prensa\/files\/2022\/10\/PR-1-Foro-Equidad.jpg 722w, https:\/\/www.uv.mx\/prensa\/files\/2022\/10\/PR-1-Foro-Equidad-300x133.jpg 300w\" sizes=\"(max-width: 722px) 100vw, 722px\" \/><\/a><p id=\"caption-attachment-123257\" class=\"wp-caption-text\">Asistentes al Foro \u201cEquidad de g\u00e9nero y derechos humanos\u201d en la regi\u00f3n Poza Rica-Tuxpan<\/p><\/div>\n<p>&nbsp;<\/p>\n<p><b><i><span data-contrast=\"auto\">Texto y fotos: Alma Celia San Mart\u00edn Cruz<\/span><\/i><\/b><span data-ccp-props=\"{&quot;134233279&quot;:true,&quot;201341983&quot;:0,&quot;335559739&quot;:0,&quot;335559740&quot;:240}\">\u00a0<\/span><\/p>\n<p><b><i><span data-contrast=\"auto\">27\/10\/2022, Poza Rica, Ver.-<\/span><\/i><\/b><span data-contrast=\"auto\"> En conmemoraci\u00f3n del D\u00eda Naranja, la vicerrector\u00eda Poza Rica-Tuxpan de la Universidad Veracruzana (UV) realiz\u00f3 el Foro \u201cEquidad de g<\/span><span data-contrast=\"auto\">\u00e9nero y <\/span><span data-contrast=\"auto\">derechos humanos\u201d, el martes 25 de octubre en la sala de videoconferencias de la Unidad de Servicios Bibliotecarios y de Informaci\u00f3n.<\/span><span data-ccp-props=\"{&quot;134233279&quot;:true,&quot;201341983&quot;:0,&quot;335559739&quot;:0,&quot;335559740&quot;:240}\">\u00a0<\/span><\/p>\n<p><span data-contrast=\"auto\">El evento incluy\u00f3 la presentaci\u00f3n de conferencias y paneles sobre equidad de g\u00e9nero, derechos humanos, experiencias, reflexiones y acciones.<\/span><span data-ccp-props=\"{&quot;134233279&quot;:true,&quot;201341983&quot;:0,&quot;335559731&quot;:708,&quot;335559739&quot;:0,&quot;335559740&quot;:240}\">\u00a0<\/span><\/p>\n<p><span data-contrast=\"auto\">\u201cLa defensa de los derechos humanos se ha promovido de manera pac\u00edfica desde tiempo atr\u00e1s a trav\u00e9s de la lucha de hombres y mujeres. Afortunadamente, hoy en d\u00eda el respeto a los derechos humanos de cada persona es un deber de todos\u201d, expres\u00f3 la vicerrectora Liliana Cuervo L\u00f3pez.<\/span><span data-ccp-props=\"{&quot;134233279&quot;:true,&quot;201341983&quot;:0,&quot;335559731&quot;:708,&quot;335559739&quot;:0,&quot;335559740&quot;:240}\">\u00a0<\/span><\/p>\n<p>&nbsp;<\/p>\n<div id=\"attachment_123258\" style=\"width: 406px\" class=\"wp-caption aligncenter\"><a href=\"https:\/\/www.uv.mx\/prensa\/files\/2022\/10\/PR-2-Foro-Equidad.jpg\"><img aria-describedby=\"caption-attachment-123258\" decoding=\"async\" loading=\"lazy\" class=\"size-full wp-image-123258\" src=\"https:\/\/www.uv.mx\/prensa\/files\/2022\/10\/PR-2-Foro-Equidad.jpg\" alt=\"\" width=\"396\" height=\"480\" srcset=\"https:\/\/www.uv.mx\/prensa\/files\/2022\/10\/PR-2-Foro-Equidad.jpg 396w, https:\/\/www.uv.mx\/prensa\/files\/2022\/10\/PR-2-Foro-Equidad-248x300.jpg 248w\" sizes=\"(max-width: 396px) 100vw, 396px\" \/><\/a><p id=\"caption-attachment-123258\" class=\"wp-caption-text\">Liliana Cuervo L\u00f3pez, vicerrectora de la regi\u00f3n Poza Rica-Tuxpan<\/p><\/div>\n<p>&nbsp;<\/p>\n<p><span data-contrast=\"auto\">Las autoridades de la UV no se eximen de esta obligaci\u00f3n y el compromiso significa adoptar medidas positivas para facilitar el disfrute de los derechos humanos b\u00e1sicos: \u201cEl derecho a la igualdad y a la no discriminaci\u00f3n es un principio transversal, constituyen los temas centrales del este foro acad\u00e9mico, como una medida positiva que hoy se celebra\u201d, expres\u00f3 la funcionaria.<\/span><span data-ccp-props=\"{&quot;134233279&quot;:true,&quot;201341983&quot;:0,&quot;335559731&quot;:708,&quot;335559739&quot;:0,&quot;335559740&quot;:240}\">\u00a0<\/span><\/p>\n<p><span data-contrast=\"auto\">Posteriormente Ixchel Ortiz Vidal, responsable de Capacitaci\u00f3n y Promoci\u00f3n para la Igualdad de G<\/span><span data-contrast=\"auto\">\u00e9nero<\/span><span data-contrast=\"auto\">, en representaci\u00f3n de la coordinadora de la Unidad de G\u00e9nero de la UV, Anabel Ojeda Guti\u00e9rrez, habl\u00f3 sobre la equidad de g\u00e9nero en esta casa de estudios.<\/span><span data-ccp-props=\"{&quot;134233279&quot;:true,&quot;201341983&quot;:0,&quot;335559731&quot;:708,&quot;335559739&quot;:0,&quot;335559740&quot;:240}\">\u00a0<\/span><\/p>\n<p><span data-contrast=\"auto\">Entre las conferencias se present\u00f3: \u201cDerechos humanos y equidad de g\u00e9nero\u201d, a cargo de Ricardo Flores Rodr\u00edguez, coordinador de G<\/span><span data-contrast=\"auto\">\u00e9nero en<\/span><span data-contrast=\"auto\"> la regi\u00f3n Veracruz.<\/span><span data-ccp-props=\"{&quot;134233279&quot;:true,&quot;201341983&quot;:0,&quot;335559739&quot;:0,&quot;335559740&quot;:240}\">\u00a0<\/span><\/p>\n<p>&nbsp;<\/p>\n<div id=\"attachment_123259\" style=\"width: 732px\" class=\"wp-caption aligncenter\"><a href=\"https:\/\/www.uv.mx\/prensa\/files\/2022\/10\/PR-3-Foro-Equidad.jpg\"><img aria-describedby=\"caption-attachment-123259\" decoding=\"async\" loading=\"lazy\" class=\"size-full wp-image-123259\" src=\"https:\/\/www.uv.mx\/prensa\/files\/2022\/10\/PR-3-Foro-Equidad.jpg\" alt=\"\" width=\"722\" height=\"541\" srcset=\"https:\/\/www.uv.mx\/prensa\/files\/2022\/10\/PR-3-Foro-Equidad.jpg 722w, https:\/\/www.uv.mx\/prensa\/files\/2022\/10\/PR-3-Foro-Equidad-300x225.jpg 300w\" sizes=\"(max-width: 722px) 100vw, 722px\" \/><\/a><p id=\"caption-attachment-123259\" class=\"wp-caption-text\">Estudiantes acudieron al foro<\/p><\/div>\n<p>&nbsp;<\/p>\n<p><span data-contrast=\"auto\">En el panel \u201cExperiencias, acciones y reflexiones\u201d participaron: Juana Elena Guzm\u00e1n Valdez, Elizabeth \u00cd<\/span><span data-contrast=\"auto\">\u00f1iguez Zamarr\u00f3n<\/span><span data-contrast=\"auto\"> y Blanca In\u00e9s Aguilar Fr\u00edas, moderadas por Jes\u00fas Alberto Martell Le\u00f3n. Ah\u00ed, las enlaces de G<\/span><span data-contrast=\"auto\">\u00e9nero presentaron experiencias y reflexiones sobre el trabajo que realizan en sus facultades con<\/span><span data-contrast=\"auto\"> las y los estudiantes, as\u00ed como las acciones que llevan a cabo para difundir entre la comunidad estudiantil el tema de equidad.<\/span><span data-ccp-props=\"{&quot;134233279&quot;:true,&quot;201341983&quot;:0,&quot;335559731&quot;:708,&quot;335559739&quot;:0,&quot;335559740&quot;:240}\">\u00a0<\/span><\/p>\n<p><span data-contrast=\"auto\">En panel \u201cG\u00e9nero y derechos humanos\u201d intervinieron: Sara Huerta Gonz\u00e1lez, Luc\u00eda Bautista Victorino y Stephanie Fern\u00e1ndez S\u00e1nchez, con la moderaci\u00f3n de Alba Hortensia Gonz\u00e1lez. En este espacio se expusieron y analizaron algunos casos sobre derechos humanos.<\/span><span data-ccp-props=\"{&quot;134233279&quot;:true,&quot;201341983&quot;:0,&quot;335559731&quot;:708,&quot;335559739&quot;:0,&quot;335559740&quot;:240}\">\u00a0<\/span><\/p>\n<p>&nbsp;<\/p>\n<div id=\"attachment_123260\" style=\"width: 732px\" class=\"wp-caption aligncenter\"><a href=\"https:\/\/www.uv.mx\/prensa\/files\/2022\/10\/PR-4-Foro-Equidad.jpg\"><img aria-describedby=\"caption-attachment-123260\" decoding=\"async\" loading=\"lazy\" class=\"size-full wp-image-123260\" src=\"https:\/\/www.uv.mx\/prensa\/files\/2022\/10\/PR-4-Foro-Equidad.jpg\" alt=\"\" width=\"722\" height=\"481\" srcset=\"https:\/\/www.uv.mx\/prensa\/files\/2022\/10\/PR-4-Foro-Equidad.jpg 722w, https:\/\/www.uv.mx\/prensa\/files\/2022\/10\/PR-4-Foro-Equidad-300x200.jpg 300w\" sizes=\"(max-width: 722px) 100vw, 722px\" \/><\/a><p id=\"caption-attachment-123260\" class=\"wp-caption-text\">Panel sobre g\u00e9nero y derechos humanos<\/p><\/div>\n<p>&nbsp;<\/p>\n<p><span data-contrast=\"auto\">Estudiantes de diversas facultades de la regi\u00f3n acudieron al foro, interesados en conocer sobre los temas de equidad de g\u00e9nero y derechos humanos.<\/span><span data-ccp-props=\"{&quot;134233279&quot;:true,&quot;201341983&quot;:0,&quot;335559731&quot;:708,&quot;335559739&quot;:0,&quot;335559740&quot;:240}\">\u00a0<\/span><\/p>\n<p><span data-contrast=\"auto\">Estuvieron presentes tambi\u00e9n las autoridades universitarias regionales: C\u00e9sar Enrique Mart\u00ednez S\u00e1nchez, secretario Acad\u00e9mico; Nazaria Mart\u00ednez D\u00edaz, coordinadora de G\u00e9nero, as\u00ed como enlaces de g\u00e9nero de todas las facultades.\u00a0\u00a0<\/span><span data-ccp-props=\"{&quot;134233279&quot;:true,&quot;201341983&quot;:0,&quot;335559731&quot;:708,&quot;335559739&quot;:0,&quot;335559740&quot;:240}\">\u00a0<\/span><\/p>\n","protected":false},"excerpt":{"rendered":"<p>Tuvo lugar un foro al que acudieron estudiantes de diversas facultades de la regi\u00f3n, interesados en conocer sobre los temas de equidad de g\u00e9nero y derechos humanos <\/p>\n","protected":false},"author":1809,"featured_media":0,"comment_status":"closed","ping_status":"closed","sticky":false,"template":"","format":"standard","meta":[],"categories":[6301,54,32],"tags":[4339,3741,9090,527],"_links":{"self":[{"href":"https:\/\/www.uv.mx\/prensa\/wp-json\/wp\/v2\/posts\/123253"}],"collection":[{"href":"https:\/\/www.uv.mx\/prensa\/wp-json\/wp\/v2\/posts"}],"about":[{"href":"https:\/\/www.uv.mx\/prensa\/wp-json\/wp\/v2\/types\/post"}],"author":[{"embeddable":true,"href":"https:\/\/www.uv.mx\/prensa\/wp-json\/wp\/v2\/users\/1809"}],"replies":[{"embeddable":true,"href":"https:\/\/www.uv.mx\/prensa\/wp-json\/wp\/v2\/comments?post=123253"}],"version-history":[{"count":1,"href":"https:\/\/www.uv.mx\/prensa\/wp-json\/wp\/v2\/posts\/123253\/revisions"}],"predecessor-version":[{"id":123285,"href":"https:\/\/www.uv.mx\/prensa\/wp-json\/wp\/v2\/posts\/123253\/revisions\/123285"}],"wp:attachment":[{"href":"https:\/\/www.uv.mx\/prensa\/wp-json\/wp\/v2\/media?parent=123253"}],"wp:term":[{"taxonomy":"category","embeddable":true,"href":"https:\/\/www.uv.mx\/prensa\/wp-json\/wp\/v2\/categories?post=123253"},{"taxonomy":"post_tag","embeddable":true,"href":"https:\/\/www.uv.mx\/prensa\/wp-json\/wp\/v2\/tags?post=123253"}],"curies":[{"name":"wp","href":"https:\/\/api.w.org\/{rel}","templated":true}]}}