{"id":123302,"date":"2022-10-27T11:33:04","date_gmt":"2022-10-27T16:33:04","guid":{"rendered":"https:\/\/www.uv.mx\/prensa\/?p=123302"},"modified":"2022-10-27T11:33:04","modified_gmt":"2022-10-27T16:33:04","slug":"uv-rinde-homenaje-al-colombiano-pablo-montoya","status":"publish","type":"post","link":"https:\/\/www.uv.mx\/prensa\/banner\/uv-rinde-homenaje-al-colombiano-pablo-montoya\/","title":{"rendered":"UV rinde homenaje al colombiano Pablo Montoya"},"content":{"rendered":"<ul class=\"ul1\">\n<li class=\"li1\"><i>La Facultad de Letras Espa\u00f1olas y el Instituto de Investigaciones Ling\u00fc\u00edstico-Literarias organizan la Jornada \u201cDe Medell\u00edn a Par\u00eds: los cruces, las tramas y las redes de sentido en la obra de Pablo Montoya\u201d<\/i><\/li>\n<\/ul>\n<p>&nbsp;<\/p>\n<div id=\"attachment_123303\" style=\"width: 732px\" class=\"wp-caption aligncenter\"><img aria-describedby=\"caption-attachment-123303\" decoding=\"async\" loading=\"lazy\" class=\"size-full wp-image-123303\" src=\"https:\/\/www.uv.mx\/prensa\/files\/2022\/10\/261022-CARLOS-Pablo-Montoya-1-100k.jpg\" alt=\"Pablo Montoya expres\u00f3 sentirse honrado, contento y perplejo por el homenaje recibido\" width=\"722\" height=\"468\" srcset=\"https:\/\/www.uv.mx\/prensa\/files\/2022\/10\/261022-CARLOS-Pablo-Montoya-1-100k.jpg 722w, https:\/\/www.uv.mx\/prensa\/files\/2022\/10\/261022-CARLOS-Pablo-Montoya-1-100k-300x194.jpg 300w\" sizes=\"(max-width: 722px) 100vw, 722px\" \/><p id=\"caption-attachment-123303\" class=\"wp-caption-text\">Pablo Montoya expres\u00f3 sentirse honrado, contento y perplejo por el homenaje recibido<\/p><\/div>\n<p>&nbsp;<\/p>\n<p class=\"p1\"><b><i>Carlos Hugo Hermida Rosales<\/i><\/b><\/p>\n<p class=\"p1\"><b><i>Fotos: Omar Portilla Palacios<\/i><\/b><\/p>\n<p class=\"p1\"><b><i>27\/10\/2022, Xalapa, Ver.-<\/i><\/b> La Universidad Veracruzana (UV) lleva a cabo, del 26 al 28 de octubre en la Universidad Veracruzana Intercultural (UV-Intercultural), la <a href=\"https:\/\/www.uv.mx\/inslit\/homenaje-a-pablo-montoya\/\"><span class=\"s1\">Jornada \u201cDe Medell\u00edn a Par\u00eds: los cruces, las tramas y las redes de sentido en la obra de Pablo Montoya\u201d<\/span><\/a>, con la cual rinde homenaje al escritor colombiano.<\/p>\n<p class=\"p3\">Este evento es organizado por la Facultad de Letras Espa\u00f1olas y el Instituto de Investigaciones Ling\u00fc\u00edstico-Literarias (IIL-L), a trav\u00e9s del Cuerpo Acad\u00e9mico (CA) Di\u00e1logos Interdisciplinarios en la Literatura Hispanoamericana, la Maestr\u00eda en Literatura Mexicana y el Doctorado en Literatura Hispanoamericana.<\/p>\n<p class=\"p3\">La inauguraci\u00f3n de la jornada se realiz\u00f3 la tarde el mi\u00e9rcoles 26 y estuvieron: <span class=\"s2\">Juan Ortiz Escamilla, secretario Acad\u00e9mico; Leticia Mora Perdomo, presidenta en turno de la Junta de Gobierno; <\/span>Norma Ang\u00e9lica Cuevas Velasco, directora del IIL-L, y el escritor homenajeado.<\/p>\n<p class=\"p4\"><span class=\"s3\">Juan Ortiz expres\u00f3 que <\/span><span class=\"s4\">Pablo Montoya Campuzano<\/span><span class=\"s3\"> posee una rica y variada obra con reconocimiento de car\u00e1cter internacional, por lo que su presencia en la UV honra a esta casa de estudios y contribuye a la reflexi\u00f3n literaria de los m\u00e1s altos vuelos.<\/span><\/p>\n<p class=\"p5\"><span class=\"s5\">Agradeci\u00f3 la asistencia de autoridades, investigadores, docentes y estudiantes en la jornada, que dar\u00e1 la oportunidad de analizar el papel de sus textos en las letras hispanoamericanas.<\/span><\/p>\n<p class=\"p5\"><span class=\"s5\">\u201cEste homenaje es una celebraci\u00f3n intelectual que aviva el fuego de la conversaci\u00f3n en la UV\u201d, manifest\u00f3.<\/span><\/p>\n<div id=\"attachment_123304\" style=\"width: 732px\" class=\"wp-caption aligncenter\"><img aria-describedby=\"caption-attachment-123304\" decoding=\"async\" loading=\"lazy\" class=\"size-full wp-image-123304\" src=\"https:\/\/www.uv.mx\/prensa\/files\/2022\/10\/261022-CARLOS-Pablo-Montoya-2-100k.jpg\" alt=\"El inicio de la jornada congreg\u00f3 a directivos, estudiantes, docentes e investigadores\" width=\"722\" height=\"436\" srcset=\"https:\/\/www.uv.mx\/prensa\/files\/2022\/10\/261022-CARLOS-Pablo-Montoya-2-100k.jpg 722w, https:\/\/www.uv.mx\/prensa\/files\/2022\/10\/261022-CARLOS-Pablo-Montoya-2-100k-300x181.jpg 300w\" sizes=\"(max-width: 722px) 100vw, 722px\" \/><p id=\"caption-attachment-123304\" class=\"wp-caption-text\">El inicio de la jornada congreg\u00f3 a directivos, estudiantes, docentes e investigadores<\/p><\/div>\n<p>&nbsp;<\/p>\n<p class=\"p3\"><span class=\"s2\">Leticia Mora asegur\u00f3 que <\/span>Pablo Montoya ha tenido una colaboraci\u00f3n muy estrecha con el IIL-L, lo que ha permitido a sus miembros tener acceso cercano a la po\u00e9tica desarrollada a lo largo de sus obras.<\/p>\n<p class=\"p3\">Destac\u00f3 la generosidad del literato, que deja adentrarse en sus di\u00e1logos que retan y aluden a din\u00e1micas complejas.<\/p>\n<p class=\"p3\">El escritor expres\u00f3 sentirse honrado, contento y perplejo por el homenaje recibido, ya que com\u00fanmente \u00e9stos suelen realizarse de manera p\u00f3stuma.<\/p>\n<p class=\"p3\">\u201cMe faltan palabras para agradecer a la UV este gran honor que me brinda mucha alegr\u00eda\u201d, mencion\u00f3.<\/p>\n","protected":false},"excerpt":{"rendered":"<p>El escritor colombiano ha tenido una colaboraci\u00f3n muy estrecha con el Instituto de Investigaciones Ling\u00fc\u00edstico-Literarias de la UV<\/p>\n","protected":false},"author":1775,"featured_media":123305,"comment_status":"closed","ping_status":"closed","sticky":false,"template":"","format":"standard","meta":[],"categories":[61],"tags":[753,4161,752,670,9098,580,1682,1539,1538,1189,2288,3721,1678,9097,5053,6462,4669,2873,5569,469,6632],"_links":{"self":[{"href":"https:\/\/www.uv.mx\/prensa\/wp-json\/wp\/v2\/posts\/123302"}],"collection":[{"href":"https:\/\/www.uv.mx\/prensa\/wp-json\/wp\/v2\/posts"}],"about":[{"href":"https:\/\/www.uv.mx\/prensa\/wp-json\/wp\/v2\/types\/post"}],"author":[{"embeddable":true,"href":"https:\/\/www.uv.mx\/prensa\/wp-json\/wp\/v2\/users\/1775"}],"replies":[{"embeddable":true,"href":"https:\/\/www.uv.mx\/prensa\/wp-json\/wp\/v2\/comments?post=123302"}],"version-history":[{"count":1,"href":"https:\/\/www.uv.mx\/prensa\/wp-json\/wp\/v2\/posts\/123302\/revisions"}],"predecessor-version":[{"id":123306,"href":"https:\/\/www.uv.mx\/prensa\/wp-json\/wp\/v2\/posts\/123302\/revisions\/123306"}],"wp:featuredmedia":[{"embeddable":true,"href":"https:\/\/www.uv.mx\/prensa\/wp-json\/wp\/v2\/media\/123305"}],"wp:attachment":[{"href":"https:\/\/www.uv.mx\/prensa\/wp-json\/wp\/v2\/media?parent=123302"}],"wp:term":[{"taxonomy":"category","embeddable":true,"href":"https:\/\/www.uv.mx\/prensa\/wp-json\/wp\/v2\/categories?post=123302"},{"taxonomy":"post_tag","embeddable":true,"href":"https:\/\/www.uv.mx\/prensa\/wp-json\/wp\/v2\/tags?post=123302"}],"curies":[{"name":"wp","href":"https:\/\/api.w.org\/{rel}","templated":true}]}}