{"id":123433,"date":"2022-10-28T18:51:34","date_gmt":"2022-10-28T23:51:34","guid":{"rendered":"https:\/\/www.uv.mx\/prensa\/?p=123433"},"modified":"2022-10-31T19:31:44","modified_gmt":"2022-11-01T01:31:44","slug":"estudiantes-de-artes-uv-visibilizaron-lucha-de-colectivos-de-busqueda","status":"publish","type":"post","link":"https:\/\/www.uv.mx\/prensa\/eventos\/estudiantes-de-artes-uv-visibilizaron-lucha-de-colectivos-de-busqueda\/","title":{"rendered":"Estudiantes de Artes-UV visibilizaron lucha de colectivos de b\u00fasqueda"},"content":{"rendered":"<ul class=\"ul1\">\n<li class=\"li1\"><i>Guiados por sus docentes, realizaron una marcha por el centro de Xalapa junto con familiares de personas desaparecidas<\/i><\/li>\n<li class=\"li1\"><i>La intervenci\u00f3n urbana, coordinada por Leticia Velasco, acad\u00e9mica de Danza, incluy\u00f3 m\u00fasica, declamaci\u00f3n y <\/i>performance<\/li>\n<\/ul>\n<p>&nbsp;<\/p>\n<div id=\"attachment_123434\" style=\"width: 732px\" class=\"wp-caption aligncenter\"><img aria-describedby=\"caption-attachment-123434\" decoding=\"async\" loading=\"lazy\" class=\"size-full wp-image-123434\" src=\"https:\/\/www.uv.mx\/prensa\/files\/2022\/10\/281022-CARLOS-Catrina-Ambulante-1-100k.jpg\" alt=\"Alumnos recrearon la b\u00fasqueda de cuerpos en fosas clandestinas\" width=\"722\" height=\"451\" srcset=\"https:\/\/www.uv.mx\/prensa\/files\/2022\/10\/281022-CARLOS-Catrina-Ambulante-1-100k.jpg 722w, https:\/\/www.uv.mx\/prensa\/files\/2022\/10\/281022-CARLOS-Catrina-Ambulante-1-100k-300x187.jpg 300w, https:\/\/www.uv.mx\/prensa\/files\/2022\/10\/281022-CARLOS-Catrina-Ambulante-1-100k-200x125.jpg 200w\" sizes=\"(max-width: 722px) 100vw, 722px\" \/><p id=\"caption-attachment-123434\" class=\"wp-caption-text\">Alumnos recrearon la b\u00fasqueda de cuerpos en fosas clandestinas<\/p><\/div>\n<p>&nbsp;<\/p>\n<p class=\"p1\"><b><i>Carlos Hugo Hermida Rosales<\/i><\/b><\/p>\n<p class=\"p1\"><b><i>Fotos: Omar Portilla Palacios<\/i><\/b><\/p>\n<p class=\"p1\"><b><i>28\/10\/2022, Xalapa, Ver.-<\/i><\/b> \u201cUn d\u00eda como todos los otros, me dijo \u2018ya me voy\u2019, y me dio un beso antes de ir a clases, pero no volvi\u00f3\u201d, exclamaron a coro estudiantes de la <a href=\"https:\/\/www.uv.mx\/artes\/\" target=\"_blank\" rel=\"noopener\">Unidad de Artes<\/a> de la Universidad Veracruzana (UV), en su participaci\u00f3n en el evento Catrina Ambulante VIII- Intervenci\u00f3n Urbana 2022 \u201cVivo para encontrarte\u201d, que se realiz\u00f3 el 28 de octubre por el centro de Xalapa.<\/p>\n<p class=\"p3\">A trav\u00e9s de esta manifestaci\u00f3n, alumnos de las facultades adscritas al \u00c1rea Acad\u00e9mica de Artes y coordinados por sus respectivos acad\u00e9micos, visibilizaron la lucha que d\u00eda a d\u00eda viven los miembros de colectivos de b\u00fasqueda, con la esperanza de hallar a sus seres queridos.<\/p>\n<p class=\"p3\">Acompa\u00f1ados de familiares de personas desaparecidas, los j\u00f3venes realizaron una marcha que inici\u00f3 en el segundo patio de la Unidad de Artes.<\/p>\n<div id=\"attachment_123435\" style=\"width: 732px\" class=\"wp-caption aligncenter\"><img aria-describedby=\"caption-attachment-123435\" decoding=\"async\" loading=\"lazy\" class=\"size-full wp-image-123435\" src=\"https:\/\/www.uv.mx\/prensa\/files\/2022\/10\/281022-CARLOS-Catrina-Ambulante-2-100k.jpg\" alt=\"Familiares de desaparecidos exhibieron fotos de sus seres queridos\" width=\"722\" height=\"456\" srcset=\"https:\/\/www.uv.mx\/prensa\/files\/2022\/10\/281022-CARLOS-Catrina-Ambulante-2-100k.jpg 722w, https:\/\/www.uv.mx\/prensa\/files\/2022\/10\/281022-CARLOS-Catrina-Ambulante-2-100k-300x189.jpg 300w, https:\/\/www.uv.mx\/prensa\/files\/2022\/10\/281022-CARLOS-Catrina-Ambulante-2-100k-200x125.jpg 200w\" sizes=\"(max-width: 722px) 100vw, 722px\" \/><p id=\"caption-attachment-123435\" class=\"wp-caption-text\">Familiares de desaparecidos exhibieron fotos de sus seres queridos<\/p><\/div>\n<p>&nbsp;<\/p>\n<p class=\"p3\">Al frente del contingente march\u00f3 Alfredo Betanzos Garrido, estudiante de la Facultad de Danza, quien manipulaba un t\u00edtere de perro xoloitzcuintle de tama\u00f1o natural, que era el gu\u00eda de las almas de los difuntos seg\u00fan la cosmogon\u00eda mesoamericana.<\/p>\n<p class=\"p3\">\u201cEspero que a trav\u00e9s de esta intervenci\u00f3n urbana logremos tocar el coraz\u00f3n y generar conciencia en la gente, motivarlos a que apoyen a los colectivos de b\u00fasqueda\u201d, declar\u00f3.<\/p>\n<div id=\"attachment_123436\" style=\"width: 732px\" class=\"wp-caption aligncenter\"><img aria-describedby=\"caption-attachment-123436\" decoding=\"async\" loading=\"lazy\" class=\"size-full wp-image-123436\" src=\"https:\/\/www.uv.mx\/prensa\/files\/2022\/10\/281022-CARLOS-Catrina-Ambulante-3-100k.jpg\" alt=\"Jos\u00e9 Manuel Barradas Fern\u00e1ndez, consejero alumno de la Facultad de Danza\" width=\"722\" height=\"460\" srcset=\"https:\/\/www.uv.mx\/prensa\/files\/2022\/10\/281022-CARLOS-Catrina-Ambulante-3-100k.jpg 722w, https:\/\/www.uv.mx\/prensa\/files\/2022\/10\/281022-CARLOS-Catrina-Ambulante-3-100k-300x191.jpg 300w\" sizes=\"(max-width: 722px) 100vw, 722px\" \/><p id=\"caption-attachment-123436\" class=\"wp-caption-text\">Jos\u00e9 Manuel Barradas Fern\u00e1ndez, consejero alumno de la Facultad de Danza<\/p><\/div>\n<p>&nbsp;<\/p>\n<p class=\"p3\">La marcha hizo su primera parada en el Parque \u201cJu\u00e1rez\u201d, en donde unos estudiantes fing\u00edan morir, mientras otros manipulaban palos de m\u00e1s de un metro de altura, similares a los que utilizan quienes buscan restos humanos.<\/p>\n<p class=\"p3\">El contingente prosigui\u00f3 su camino y se enfil\u00f3 al Callej\u00f3n del Diamante; las fotos de los desaparecidos se mostraban en mantas, que en todo momento fueron exhibidas por sus familiares y amigos, quienes con semblante triste y mirada vidriosa marchaban al lado de los j\u00f3venes.<\/p>\n<div id=\"attachment_123437\" style=\"width: 732px\" class=\"wp-caption aligncenter\"><img aria-describedby=\"caption-attachment-123437\" decoding=\"async\" loading=\"lazy\" class=\"size-full wp-image-123437\" src=\"https:\/\/www.uv.mx\/prensa\/files\/2022\/10\/281022-CARLOS-Catrina-Ambulante-4-100k.jpg\" alt=\"Alfredo Betanzos Garrido, estudiante participante\" width=\"722\" height=\"481\" srcset=\"https:\/\/www.uv.mx\/prensa\/files\/2022\/10\/281022-CARLOS-Catrina-Ambulante-4-100k.jpg 722w, https:\/\/www.uv.mx\/prensa\/files\/2022\/10\/281022-CARLOS-Catrina-Ambulante-4-100k-300x200.jpg 300w\" sizes=\"(max-width: 722px) 100vw, 722px\" \/><p id=\"caption-attachment-123437\" class=\"wp-caption-text\">Alfredo Betanzos Garrido, estudiante participante<\/p><\/div>\n<p>&nbsp;<\/p>\n<p class=\"p3\">\u201c\u00a1No fue suicidio ni andaba en malos pasos, era una persona trabajadora!\u201d, gritaban los j\u00f3venes antes de danzar y actuar frente a espectadores improvisados que se aglutinaban alrededor.<\/p>\n<p class=\"p3\">Jos\u00e9 Manuel Barradas Fern\u00e1ndez, consejero alumno de la Facultad de Danza, enfatiz\u00f3 que para los estudiantes es importante formar parte de intervenciones pol\u00edtico-sociales, m\u00e1s aun para visibilizar casos como la desaparici\u00f3n de personas, situaci\u00f3n que afecta a todo el pa\u00eds.<\/p>\n<div id=\"attachment_123438\" style=\"width: 732px\" class=\"wp-caption aligncenter\"><img aria-describedby=\"caption-attachment-123438\" decoding=\"async\" loading=\"lazy\" class=\"size-full wp-image-123438\" src=\"https:\/\/www.uv.mx\/prensa\/files\/2022\/10\/281022-CARLOS-Catrina-Ambulante-5-100k.jpg\" alt=\"La intervenci\u00f3n concluy\u00f3 con un c\u00edrculo de di\u00e1logo\" width=\"722\" height=\"542\" srcset=\"https:\/\/www.uv.mx\/prensa\/files\/2022\/10\/281022-CARLOS-Catrina-Ambulante-5-100k.jpg 722w, https:\/\/www.uv.mx\/prensa\/files\/2022\/10\/281022-CARLOS-Catrina-Ambulante-5-100k-300x225.jpg 300w\" sizes=\"(max-width: 722px) 100vw, 722px\" \/><p id=\"caption-attachment-123438\" class=\"wp-caption-text\">La intervenci\u00f3n concluy\u00f3 con un c\u00edrculo de di\u00e1logo<\/p><\/div>\n<p>&nbsp;<\/p>\n<p class=\"p3\">Despu\u00e9s de atravesar el Callej\u00f3n del Diamante y hacer una peque\u00f1a parada en la escalera de la catedral, la comitiva regres\u00f3 a la Unidad de Artes.<\/p>\n<p class=\"p3\">Ah\u00ed, los participantes se reunieron en un aula para realizar un c\u00edrculo de di\u00e1logo, en el que expresaron su sentir y punto de vista, e intercambiaron opiniones sobre el aprendizaje que el apoyo a este tipo de causas sociales suma a su crecimiento acad\u00e9mico y personal.<\/p>\n","protected":false},"excerpt":{"rendered":"<p>A trav\u00e9s de la manifestaci\u00f3n Catrina Ambulante VIII- Intervenci\u00f3n Urbana 2022 \u201cVivo para encontrarte\u201d<\/p>\n","protected":false},"author":1775,"featured_media":123439,"comment_status":"closed","ping_status":"closed","sticky":false,"template":"","format":"standard","meta":[],"categories":[47,61],"tags":[450,4161,9170,559,2954,6462,2279],"_links":{"self":[{"href":"https:\/\/www.uv.mx\/prensa\/wp-json\/wp\/v2\/posts\/123433"}],"collection":[{"href":"https:\/\/www.uv.mx\/prensa\/wp-json\/wp\/v2\/posts"}],"about":[{"href":"https:\/\/www.uv.mx\/prensa\/wp-json\/wp\/v2\/types\/post"}],"author":[{"embeddable":true,"href":"https:\/\/www.uv.mx\/prensa\/wp-json\/wp\/v2\/users\/1775"}],"replies":[{"embeddable":true,"href":"https:\/\/www.uv.mx\/prensa\/wp-json\/wp\/v2\/comments?post=123433"}],"version-history":[{"count":1,"href":"https:\/\/www.uv.mx\/prensa\/wp-json\/wp\/v2\/posts\/123433\/revisions"}],"predecessor-version":[{"id":123553,"href":"https:\/\/www.uv.mx\/prensa\/wp-json\/wp\/v2\/posts\/123433\/revisions\/123553"}],"wp:featuredmedia":[{"embeddable":true,"href":"https:\/\/www.uv.mx\/prensa\/wp-json\/wp\/v2\/media\/123439"}],"wp:attachment":[{"href":"https:\/\/www.uv.mx\/prensa\/wp-json\/wp\/v2\/media?parent=123433"}],"wp:term":[{"taxonomy":"category","embeddable":true,"href":"https:\/\/www.uv.mx\/prensa\/wp-json\/wp\/v2\/categories?post=123433"},{"taxonomy":"post_tag","embeddable":true,"href":"https:\/\/www.uv.mx\/prensa\/wp-json\/wp\/v2\/tags?post=123433"}],"curies":[{"name":"wp","href":"https:\/\/api.w.org\/{rel}","templated":true}]}}