{"id":123569,"date":"2022-11-03T09:55:01","date_gmt":"2022-11-03T15:55:01","guid":{"rendered":"https:\/\/www.uv.mx\/prensa\/?p=123569"},"modified":"2022-11-04T14:51:32","modified_gmt":"2022-11-04T20:51:32","slug":"egresada-qfb-gana-premio-a-tesis-sobresaliente-de-mujeres-cuidadoras","status":"publish","type":"post","link":"https:\/\/www.uv.mx\/prensa\/general\/egresada-qfb-gana-premio-a-tesis-sobresaliente-de-mujeres-cuidadoras\/","title":{"rendered":"Egresada QFB gana Premio a Tesis Sobresaliente de Mujeres Cuidadoras"},"content":{"rendered":"<ul class=\"ul1\">\n<li class=\"li1\"><i>Lo entreg\u00f3 la C\u00e1tedra Mujeres en la Ciencia y la Tecnolog\u00eda de la UV para destacar la dedicaci\u00f3n y el esfuerzo de las universitarias<\/i><\/li>\n<li class=\"li1\"><i>\u201cEl que hayan reconocido el trabajo de investigaci\u00f3n es algo muy importante, gratificante y satisfactorio\u201d: Amanda Garc\u00eda<\/i><\/li>\n<\/ul>\n<p>&nbsp;<\/p>\n<div id=\"attachment_123572\" style=\"width: 732px\" class=\"wp-caption aligncenter\"><img aria-describedby=\"caption-attachment-123572\" decoding=\"async\" loading=\"lazy\" class=\"size-full wp-image-123572\" src=\"https:\/\/www.uv.mx\/prensa\/files\/2022\/11\/311022-PAOLA-Entrevista-Ganadora-Mujeres-en-la-Ciencia-1-100k.jpg\" alt=\"Amanda Garc\u00eda realiz\u00f3 investigaci\u00f3n de efecto antiinflamatorio de nanopart\u00edculas de \u00f3xido de zinc\/extracto etan\u00f3lico de Verbesina persicifolia\" width=\"722\" height=\"482\" srcset=\"https:\/\/www.uv.mx\/prensa\/files\/2022\/11\/311022-PAOLA-Entrevista-Ganadora-Mujeres-en-la-Ciencia-1-100k.jpg 722w, https:\/\/www.uv.mx\/prensa\/files\/2022\/11\/311022-PAOLA-Entrevista-Ganadora-Mujeres-en-la-Ciencia-1-100k-300x200.jpg 300w\" sizes=\"(max-width: 722px) 100vw, 722px\" \/><p id=\"caption-attachment-123572\" class=\"wp-caption-text\">Amanda Garc\u00eda realiz\u00f3 investigaci\u00f3n de efecto antiinflamatorio de nanopart\u00edculas de \u00f3xido de zinc\/extracto etan\u00f3lico de Verbesina persicifolia<\/p><\/div>\n<p>&nbsp;<\/p>\n<p class=\"p1\"><b><i>Paola Cort\u00e9s P\u00e9rez<\/i><\/b><\/p>\n<p class=\"p1\"><b><i>Fotos: Omar Portilla Palacios<\/i><\/b><\/p>\n<p class=\"p1\"><b><i>03\/11\/2022, Xalapa, Ver.-<\/i><\/b> Amanda Garc\u00eda L\u00f3pez, egresada de la <a href=\"https:\/\/www.uv.mx\/qfb\/\" target=\"_blank\" rel=\"noopener\">Facultad de Qu\u00edmica Farmac\u00e9utica Biol\u00f3gica<\/a> (QFB) de la Universidad Veracruzana (UV), es una de las ganadoras del Premio a Tesis Sobresaliente de Mujeres Cuidadoras que entreg\u00f3 la C\u00e1tedra Mujeres en la Ciencia y la Tecnolog\u00eda.<\/p>\n<p class=\"p3\">El objetivo de la premiaci\u00f3n es reconocer la dedicaci\u00f3n y el esfuerzo de mujeres estudiantes, de nivel licenciatura de esta casa de estudios, que realizan trabajo de cuidado primario no remunerado durante su formaci\u00f3n y especialmente durante el proceso de realizaci\u00f3n del trabajo recepcional en su modalidad de tesis para efectos de titulaci\u00f3n.<\/p>\n<p class=\"p3\">\u201cEl que hayan reconocido el trabajo de investigaci\u00f3n es algo muy importante, gratificante y satisfactorio, porque despu\u00e9s de cinco a\u00f1os de trabajo en el Grupo Lumo del Centro Qu\u00edmico Biol\u00f3gico de Investigaci\u00f3n y Servicios (CQBIS) se tienen frutos.<\/p>\n<p class=\"p3\">\u201dSignifica una premiaci\u00f3n para todos los integrantes del grupo, para los profesores Gabriel Arturo Soto Ojeda y Mauro Antonio Villanueva Lendechy, quienes nos han guiado desde que ingresamos al programa educativo.\u201d<\/p>\n<p class=\"p3\">Invit\u00f3 a los estudiantes a atreverse a elaborar tesis por las satisfacciones y el conocimiento generados, ya que \u2013en la mayor\u00eda de las ocasiones\u2013 por premura o cuestiones econ\u00f3micas se buscan otros medios de titulaci\u00f3n.<\/p>\n<p class=\"p1\"><b>\u00d3xido de zinc y extracto de <i>Verbesina persicifolia<br \/>\n<\/i><\/b>La tesis que obtuvo el premio se intitula \u201cEvaluaci\u00f3n del efecto antiinflamatorio de nanopart\u00edculas de \u00f3xido de zinc\/extracto etan\u00f3lico de <i>Verbesina persicifolia<\/i> en modelos de inflamaci\u00f3n <i>in vitro<\/i> e <i>in vivo<\/i>\u201d y empez\u00f3 a desarrollarse desde 2020, sin embargo, debido a la pandemia por la COVID-19 se concluy\u00f3 hasta 2022.<\/p>\n<p class=\"p3\">Amanda Garc\u00eda cont\u00f3 que en el laboratorio del Grupo Lumo siempre se ha evaluado los diferentes efectos y propiedades de la <i>Verbesina persicifolia<\/i>, especialmente el antiinflamatorio.<\/p>\n<p class=\"p3\">\u201cSe ha trabajado con el extracto puro de la planta, pero ahora quisimos darle un giro y un valor agregado al sumarle la tecnolog\u00eda farmac\u00e9utica y el empleo de la nanotecnolog\u00eda \u2013nanopart\u00edculas\u2013 para observar qu\u00e9 otros alcances tiene y cu\u00e1les son sus efectos farmacol\u00f3gicos.<\/p>\n<p class=\"p3\">\u201dLa seleccionamos para buscar otras alternativas para la inflamaci\u00f3n que no s\u00f3lo sean los tratamientos farmacol\u00f3gicos, sino poner en pr\u00e1ctica la herbolaria mexicana, recuperar estos conocimientos tradicionales a los que agregamos un poco de tecnolog\u00eda \u2013nanotecnolog\u00eda\u2013.\u201d<\/p>\n<div id=\"attachment_123573\" style=\"width: 732px\" class=\"wp-caption aligncenter\"><img aria-describedby=\"caption-attachment-123573\" decoding=\"async\" loading=\"lazy\" class=\"size-full wp-image-123573\" src=\"https:\/\/www.uv.mx\/prensa\/files\/2022\/11\/311022-PAOLA-Entrevista-Ganadora-Mujeres-en-la-Ciencia-2-100k.jpg\" alt=\"Su tesis fue una de las ganadoras del Premio a Tesis Sobresaliente de Mujeres Cuidadoras\" width=\"722\" height=\"431\" srcset=\"https:\/\/www.uv.mx\/prensa\/files\/2022\/11\/311022-PAOLA-Entrevista-Ganadora-Mujeres-en-la-Ciencia-2-100k.jpg 722w, https:\/\/www.uv.mx\/prensa\/files\/2022\/11\/311022-PAOLA-Entrevista-Ganadora-Mujeres-en-la-Ciencia-2-100k-300x179.jpg 300w\" sizes=\"(max-width: 722px) 100vw, 722px\" \/><p id=\"caption-attachment-123573\" class=\"wp-caption-text\">Su tesis fue una de las ganadoras del Premio a Tesis Sobresaliente de Mujeres Cuidadoras<\/p><\/div>\n<p>&nbsp;<\/p>\n<p class=\"p3\">Durante la investigaci\u00f3n se dieron cuenta que el \u00f3xido de zinc tambi\u00e9n tiene efectos antiinflamatorios, as\u00ed que pensaron en conjuntarlos con los registrados en estudios y literatura sobre la hierba, \u201cquer\u00edamos observar qu\u00e9 mejoras ofrec\u00eda\u201d.<\/p>\n<p class=\"p3\">El estudio se llev\u00f3 a cabo <i>in vitro<\/i> e <i>in vivo<\/i>. En el primero, se us\u00f3 el modelo de estabilidad de la membrana de eritrocito con hem\u00f3lisis inducida por soluci\u00f3n hipot\u00f3nica y calor; en el segundo, fue el de edema plantar en rata inducido con carragenina.<\/p>\n<p class=\"p3\">Por el m\u00e9todo empleado para la s\u00edntesis esperaban obtener un polvo, pero por las propiedades del extracto consiguieron un producto s\u00f3lido, libre de part\u00edculas extra\u00f1as con el olor caracter\u00edstico de la planta.<\/p>\n<p class=\"p3\">Para comprobar los resultados en los modelos empleados, explic\u00f3: \u201cSe resuspende en unos veh\u00edculos que utilizamos para ser administrado v\u00eda oral a la rata, y para el modelo <i>in vitro<\/i> se us\u00f3 soluci\u00f3n salina isot\u00f3nica para disolverlo\u201d.<\/p>\n<p class=\"p3\">En el modelo <i>in vitro<\/i> se obtuvo una respuesta positiva, es decir, se observ\u00f3 un efecto antiinflamatorio, por lo que procedieron a probarlo en las ratas para saber si tendr\u00edan la misma respuesta.<\/p>\n<p class=\"p3\">\u201cTuvimos resultados satisfactorios, incluso en dosis bajas se present\u00f3 el efecto antiinflamatorio, comprobando que nuestro complejo de \u00f3xido de zinc con <i>Verbesina persicifolia<\/i> s\u00ed tuvo buenos resultados.\u201d<\/p>\n<p class=\"p3\">Amanda Garc\u00eda dijo que dar\u00e1 continuidad a esta investigaci\u00f3n, junto con sus directores de tesis, ya que lo aportado ahora por la ciencia, la nanotecnolog\u00eda y la tecnolog\u00eda farmac\u00e9utica, genera una oportunidad para explorar las propiedades de las plantas medicinales de M\u00e9xico.<\/p>\n<p class=\"p3\">\u201cQueremos conocer en qu\u00e9 otras formas farmacol\u00f3gicas podemos aplicarlas, qu\u00e9 limitantes debemos superar y qu\u00e9 otros tipos de nanopart\u00edculas podemos utilizar, ya que una de las perspectivas es probar con tama\u00f1os m\u00e1s peque\u00f1os. Este tema da para investigar a\u00fan m\u00e1s y tengo las ganas de continuar trabajando\u201d, finaliz\u00f3 la universitaria.<\/p>\n","protected":false},"excerpt":{"rendered":"<p>Se trata de una investigaci\u00f3n enfocada en el estudio del efecto antiinflamatorio de nanopart\u00edculas de \u00f3xido de zinc\/extracto etan\u00f3lico de Verbesina persicifolia<\/p>\n","protected":false},"author":1775,"featured_media":123574,"comment_status":"closed","ping_status":"closed","sticky":false,"template":"","format":"standard","meta":[],"categories":[45,1,61],"tags":[9201,3902,9205,9206,3434,9207,9204,9208,9203,6462,4164,9202,136,3614,137],"_links":{"self":[{"href":"https:\/\/www.uv.mx\/prensa\/wp-json\/wp\/v2\/posts\/123569"}],"collection":[{"href":"https:\/\/www.uv.mx\/prensa\/wp-json\/wp\/v2\/posts"}],"about":[{"href":"https:\/\/www.uv.mx\/prensa\/wp-json\/wp\/v2\/types\/post"}],"author":[{"embeddable":true,"href":"https:\/\/www.uv.mx\/prensa\/wp-json\/wp\/v2\/users\/1775"}],"replies":[{"embeddable":true,"href":"https:\/\/www.uv.mx\/prensa\/wp-json\/wp\/v2\/comments?post=123569"}],"version-history":[{"count":1,"href":"https:\/\/www.uv.mx\/prensa\/wp-json\/wp\/v2\/posts\/123569\/revisions"}],"predecessor-version":[{"id":123682,"href":"https:\/\/www.uv.mx\/prensa\/wp-json\/wp\/v2\/posts\/123569\/revisions\/123682"}],"wp:featuredmedia":[{"embeddable":true,"href":"https:\/\/www.uv.mx\/prensa\/wp-json\/wp\/v2\/media\/123574"}],"wp:attachment":[{"href":"https:\/\/www.uv.mx\/prensa\/wp-json\/wp\/v2\/media?parent=123569"}],"wp:term":[{"taxonomy":"category","embeddable":true,"href":"https:\/\/www.uv.mx\/prensa\/wp-json\/wp\/v2\/categories?post=123569"},{"taxonomy":"post_tag","embeddable":true,"href":"https:\/\/www.uv.mx\/prensa\/wp-json\/wp\/v2\/tags?post=123569"}],"curies":[{"name":"wp","href":"https:\/\/api.w.org\/{rel}","templated":true}]}}