{"id":12365,"date":"2016-06-17T13:13:02","date_gmt":"2016-06-17T18:13:02","guid":{"rendered":"https:\/\/www.uv.mx\/prensa\/?p=12365"},"modified":"2016-06-17T13:13:02","modified_gmt":"2016-06-17T18:13:02","slug":"comision-del-cug-uv-se-reunio-con-diputados","status":"publish","type":"post","link":"https:\/\/www.uv.mx\/prensa\/general\/comision-del-cug-uv-se-reunio-con-diputados\/","title":{"rendered":"Comisi\u00f3n del CUG-UV se reuni\u00f3 con diputados"},"content":{"rendered":"<ul>\n<li><em>Analizaron lo necesario para la autonom\u00eda presupuestal <\/em><\/li>\n<li><em>Gerardo Garc\u00eda Ricardo, Alberto Islas Reyes y Jos\u00e9 Luis Cuevas exhortaron a los legisladores a revertir la disminuci\u00f3n del presupuesto estatal y dotar de autonom\u00eda a la Universidad<\/em><\/li>\n<\/ul>\n<p>&nbsp;<\/p>\n<div id=\"attachment_12367\" style=\"width: 634px\" class=\"wp-caption aligncenter\"><a href=\"https:\/\/www.uv.mx\/prensa\/files\/2016\/06\/im-dipu.jpg\"><img aria-describedby=\"caption-attachment-12367\" decoding=\"async\" loading=\"lazy\" class=\"size-full wp-image-12367\" src=\"https:\/\/www.uv.mx\/prensa\/files\/2016\/06\/im-dipu.jpg\" alt=\"La comisi\u00f3n que el CUG design\u00f3 para representar a esta casa de estudios ante el Congreso local se reuni\u00f3 con legisladores\" width=\"624\" height=\"320\" srcset=\"https:\/\/www.uv.mx\/prensa\/files\/2016\/06\/im-dipu.jpg 624w, https:\/\/www.uv.mx\/prensa\/files\/2016\/06\/im-dipu-300x154.jpg 300w\" sizes=\"(max-width: 624px) 100vw, 624px\" \/><\/a><p id=\"caption-attachment-12367\" class=\"wp-caption-text\">La comisi\u00f3n que el CUG design\u00f3 para representar a esta casa de estudios ante el Congreso local se reuni\u00f3 con legisladores<\/p><\/div>\n<p>&nbsp;<\/p>\n<p><strong><em>Edgar Onofre<\/em><\/strong><\/p>\n<p>&nbsp;<\/p>\n<p><strong><em>Xalapa, Ver. 17\/06\/2016.-<\/em><\/strong><em>\u00a0<\/em>La comisi\u00f3n que el Consejo Universitario General (CUG) de la Universidad Veracruzana (UV) design\u00f3 para representar a esta casa de estudios ante el Congreso local, se reuni\u00f3 el jueves 16 de junio con integrantes de la LXIII Legislatura en una mesa de trabajo sobre la iniciativa para dotar de autonom\u00eda financiera a la Universidad.<\/p>\n<p>Jos\u00e9 Luis Cuevas Gayosso, Alberto Islas Reyes y Gerardo Garc\u00eda Ricardo, director de la Facultad de Derecho, abogado general y director general de Recursos Financieros de la UV, respectivamente, fueron recibidos en la Sala \u201cJes\u00fas Reyes Heroles\u201d por los diputados Ciro Gonzalo F\u00e9lix Porras y Domingo Bahena Corbal\u00e1, de la Comisi\u00f3n de Justicia y Puntos Constitucionales.<\/p>\n<p>A la reuni\u00f3n tambi\u00e9n se sumaron los legisladores M\u00f3nica Robles Barajas y Cuauht\u00e9moc Pola Estrada, adem\u00e1s de un representante del diputado Juan Manuel Vel\u00e1zquez Yunes. Ah\u00ed, los universitarios ofrecieron un amplio panorama de lo que es y hace la UV en todo el estado y sobre el comportamiento financiero que se ha registrado en esta casa de estudios en los a\u00f1os recientes, derivado del adeudo de gobierno del estado con la Universidad y del decremento en el presupuesto estatal asignado para 2016.<\/p>\n<p>En la misma semana en que Cuevas Gayosso fue notificado de que el gobierno del estado retir\u00f3 la propuesta de reforma al Art\u00edculo 98 de la Ley del IPE, los directivos universitarios se entrevistaron con los legisladores para dar seguimiento a la propuesta de autonom\u00eda financiera de la UV, la cual implica una modificaci\u00f3n al Art\u00edculo 10 de la Constituci\u00f3n Pol\u00edtica del Estado de Veracruz.<\/p>\n<div id=\"attachment_12368\" style=\"width: 732px\" class=\"wp-caption aligncenter\"><a href=\"https:\/\/www.uv.mx\/prensa\/files\/2016\/06\/s2.jpg\"><img aria-describedby=\"caption-attachment-12368\" decoding=\"async\" loading=\"lazy\" class=\"size-full wp-image-12368\" src=\"https:\/\/www.uv.mx\/prensa\/files\/2016\/06\/s2.jpg\" alt=\"Ciro Gonzalo F\u00e9lix Porras, presidente de la Comisi\u00f3n de Justicia y Puntos Constitucionales de la LXIII Legislatura, recibi\u00f3 la documentaci\u00f3n relacionada\" width=\"722\" height=\"414\" srcset=\"https:\/\/www.uv.mx\/prensa\/files\/2016\/06\/s2.jpg 722w, https:\/\/www.uv.mx\/prensa\/files\/2016\/06\/s2-300x172.jpg 300w, https:\/\/www.uv.mx\/prensa\/files\/2016\/06\/s2-330x190.jpg 330w\" sizes=\"(max-width: 722px) 100vw, 722px\" \/><\/a><p id=\"caption-attachment-12368\" class=\"wp-caption-text\">Ciro Gonzalo F\u00e9lix Porras, presidente de la Comisi\u00f3n de Justicia y Puntos Constitucionales de la LXIII Legislatura, recibi\u00f3 la documentaci\u00f3n relacionada<\/p><\/div>\n<p>Como se sabe, al momento existen dos iniciativas de modificaci\u00f3n al cuarto p\u00e1rrafo del Art\u00edculo 10 de la Constituci\u00f3n Pol\u00edtica del Estado de Veracruz de Ignacio de la Llave. Una, entregada por el Ejecutivo del estado, la cual plantea que \u201cel presupuesto asignado a la Universidad Veracruzana podr\u00e1 ser mayor pero no menor al tres por ciento del total del presupuesto general del estado, previsto para el ejercicio anual respectivo\u201d.<\/p>\n<p>Otra, la que corresponde a la exigencia del CUG y que coincide con la presentada por el diputado Pola Estrada, plantea al respecto que la \u201casignaci\u00f3n presupuestal estatal a la Universidad Veracruzana deber\u00e1 ser progresiva; no menor al cinco por ciento del total del presupuesto general del estado, previsto para el ejercicio anual respectivo y ministrarse obligatoriamente de manera oportuna\u2026\u201d.<\/p>\n<p>Al tratarse de una modificaci\u00f3n constitucional, la iniciativa de autonom\u00eda presupuestal para la Universidad deber\u00eda ser votada y ratificada por las LXIII y LXIV legislaturas del estado.<\/p>\n<p>Garc\u00eda Ricardo expuso el panorama financiero de la instituci\u00f3n en los a\u00f1os recientes, mientras que Islas Reyes hizo lo propio desde la perspectiva legal. Adem\u00e1s, la comisi\u00f3n, apoyada para efectos de esta entrevista con legisladores por la directora de Presupuestos, Evangelina Murcia Villag\u00f3mez, y el director general de Comunicaci\u00f3n, Raciel Mart\u00ednez G\u00f3mez, respondi\u00f3 a inquietudes de los diputados que fueron de precisiones necesarias sobre la calidad, la evaluaci\u00f3n y la transparencia a la UV a expresiones de adhesi\u00f3n a la causa universitaria por parte de los congresistas.<\/p>\n<p>Los universitarios exhortaron a los legisladores a \u201cser parte de la historia\u201d, a revertir la disminuci\u00f3n del presupuesto estatal para la UV y dotar de autonom\u00eda presupuestaria a la m\u00e1s importante instituci\u00f3n de educaci\u00f3n superior del estado y del sureste del pa\u00eds.<\/p>\n<div id=\"attachment_12369\" style=\"width: 782px\" class=\"wp-caption aligncenter\"><a href=\"https:\/\/www.uv.mx\/prensa\/files\/2016\/06\/os3.jpg\"><img aria-describedby=\"caption-attachment-12369\" decoding=\"async\" loading=\"lazy\" class=\"size-full wp-image-12369\" src=\"https:\/\/www.uv.mx\/prensa\/files\/2016\/06\/os3.jpg\" alt=\"Gerardo Garc\u00eda expuso el panorama financiero que se ha registrado en la UV en a\u00f1os recientes\" width=\"772\" height=\"452\" srcset=\"https:\/\/www.uv.mx\/prensa\/files\/2016\/06\/os3.jpg 772w, https:\/\/www.uv.mx\/prensa\/files\/2016\/06\/os3-300x176.jpg 300w, https:\/\/www.uv.mx\/prensa\/files\/2016\/06\/os3-768x450.jpg 768w\" sizes=\"(max-width: 772px) 100vw, 772px\" \/><\/a><p id=\"caption-attachment-12369\" class=\"wp-caption-text\">Gerardo Garc\u00eda expuso el panorama financiero que se ha registrado en la UV en a\u00f1os recientes<\/p><\/div>\n","protected":false},"excerpt":{"rendered":"<p><strong><em>Edgar Onofre.-<\/em><\/strong>La comisi\u00f3n que el Consejo Universitario General (CUG) de la Universidad Veracruzana (UV) design\u00f3 para representar a esta casa de estudios ante el Congreso local, se reuni\u00f3 el jueves 16 de junio con integrantes de la LXIII Legislatura en una mesa de trabajo sobre la iniciativa para dotar de autonom\u00eda financiera a la Universidad.<\/p>\n","protected":false},"author":1810,"featured_media":12366,"comment_status":"closed","ping_status":"closed","sticky":false,"template":"","format":"standard","meta":[],"categories":[1],"tags":[2],"_links":{"self":[{"href":"https:\/\/www.uv.mx\/prensa\/wp-json\/wp\/v2\/posts\/12365"}],"collection":[{"href":"https:\/\/www.uv.mx\/prensa\/wp-json\/wp\/v2\/posts"}],"about":[{"href":"https:\/\/www.uv.mx\/prensa\/wp-json\/wp\/v2\/types\/post"}],"author":[{"embeddable":true,"href":"https:\/\/www.uv.mx\/prensa\/wp-json\/wp\/v2\/users\/1810"}],"replies":[{"embeddable":true,"href":"https:\/\/www.uv.mx\/prensa\/wp-json\/wp\/v2\/comments?post=12365"}],"version-history":[{"count":0,"href":"https:\/\/www.uv.mx\/prensa\/wp-json\/wp\/v2\/posts\/12365\/revisions"}],"wp:featuredmedia":[{"embeddable":true,"href":"https:\/\/www.uv.mx\/prensa\/wp-json\/wp\/v2\/media\/12366"}],"wp:attachment":[{"href":"https:\/\/www.uv.mx\/prensa\/wp-json\/wp\/v2\/media?parent=12365"}],"wp:term":[{"taxonomy":"category","embeddable":true,"href":"https:\/\/www.uv.mx\/prensa\/wp-json\/wp\/v2\/categories?post=12365"},{"taxonomy":"post_tag","embeddable":true,"href":"https:\/\/www.uv.mx\/prensa\/wp-json\/wp\/v2\/tags?post=12365"}],"curies":[{"name":"wp","href":"https:\/\/api.w.org\/{rel}","templated":true}]}}