{"id":124489,"date":"2022-11-22T17:35:28","date_gmt":"2022-11-22T23:35:28","guid":{"rendered":"https:\/\/www.uv.mx\/prensa\/?p=124489"},"modified":"2022-11-23T12:17:00","modified_gmt":"2022-11-23T18:17:00","slug":"region-coatzacoalcos-minatitlan-uv-registro-logros-importantes","status":"publish","type":"post","link":"https:\/\/www.uv.mx\/prensa\/general\/region-coatzacoalcos-minatitlan-uv-registro-logros-importantes\/","title":{"rendered":"Regi\u00f3n Coatzacoalcos-Minatitl\u00e1n UV registr\u00f3 logros importantes\u00a0"},"content":{"rendered":"<ul>\n<li data-leveltext=\"\uf0b7\" data-font=\"Symbol\" data-listid=\"5\" data-list-defn-props=\"{&quot;335552541&quot;:1,&quot;335559684&quot;:-2,&quot;335559685&quot;:720,&quot;335559991&quot;:360,&quot;469769226&quot;:&quot;Symbol&quot;,&quot;469769242&quot;:[8226],&quot;469777803&quot;:&quot;left&quot;,&quot;469777804&quot;:&quot;\uf0b7&quot;,&quot;469777815&quot;:&quot;hybridMultilevel&quot;}\" data-aria-posinset=\"1\" data-aria-level=\"1\"><i><span data-contrast=\"auto\">La vicerrectora Georgina Hern\u00e1ndez R\u00edos rindi\u00f3 su Primer Informe de Labores 2021-2022<\/span><\/i><span data-ccp-props=\"{&quot;201341983&quot;:0,&quot;335559739&quot;:0,&quot;335559740&quot;:240}\">\u00a0<\/span><\/li>\n<li data-leveltext=\"\uf0b7\" data-font=\"Symbol\" data-listid=\"5\" data-list-defn-props=\"{&quot;335552541&quot;:1,&quot;335559684&quot;:-2,&quot;335559685&quot;:720,&quot;335559991&quot;:360,&quot;469769226&quot;:&quot;Symbol&quot;,&quot;469769242&quot;:[8226],&quot;469777803&quot;:&quot;left&quot;,&quot;469777804&quot;:&quot;\uf0b7&quot;,&quot;469777815&quot;:&quot;hybridMultilevel&quot;}\" data-aria-posinset=\"2\" data-aria-level=\"1\"><i><span data-contrast=\"auto\">Se cuenta con una matr\u00edcula de ocho mil 541 estudiantes, de los cuales el 97.3% lo hacen en un Programa Educativo reconocido por su calidad<\/span><\/i><span data-ccp-props=\"{&quot;201341983&quot;:0,&quot;335559739&quot;:0,&quot;335559740&quot;:240}\">\u00a0<\/span><\/li>\n<\/ul>\n<p><span data-ccp-props=\"{&quot;201341983&quot;:0,&quot;335559739&quot;:0,&quot;335559740&quot;:240}\">\u00a0<\/span><\/p>\n<div id=\"attachment_124490\" style=\"width: 732px\" class=\"wp-caption aligncenter\"><img aria-describedby=\"caption-attachment-124490\" decoding=\"async\" loading=\"lazy\" class=\"size-full wp-image-124490\" src=\"https:\/\/www.uv.mx\/prensa\/files\/2022\/11\/221122-DAVID-Informe-Vice-Coatza-1.jpg\" alt=\"\" width=\"722\" height=\"482\" srcset=\"https:\/\/www.uv.mx\/prensa\/files\/2022\/11\/221122-DAVID-Informe-Vice-Coatza-1.jpg 722w, https:\/\/www.uv.mx\/prensa\/files\/2022\/11\/221122-DAVID-Informe-Vice-Coatza-1-300x200.jpg 300w\" sizes=\"(max-width: 722px) 100vw, 722px\" \/><p id=\"caption-attachment-124490\" class=\"wp-caption-text\">La vicerrectora Georgina Hern\u00e1ndez rindi\u00f3 su Primer Informe de Labores en sesi\u00f3n solemne del Consejo Universitario Regional<\/p><\/div>\n<p><span data-ccp-props=\"{&quot;201341983&quot;:0,&quot;335559739&quot;:0,&quot;335559740&quot;:240}\">\u00a0<\/span><\/p>\n<p><b><i><span data-contrast=\"auto\">David Sandoval Rodr\u00edguez<\/span><\/i><\/b><span data-ccp-props=\"{&quot;201341983&quot;:0,&quot;335559739&quot;:0,&quot;335559740&quot;:240}\">\u00a0<\/span><\/p>\n<p><b><i><span data-contrast=\"auto\">Fotos: C\u00e9sar Pisil Ramos<\/span><\/i><\/b><span data-ccp-props=\"{&quot;201341983&quot;:0,&quot;335559739&quot;:0,&quot;335559740&quot;:240}\">\u00a0<\/span><\/p>\n<p><b><i><span data-contrast=\"auto\">22\/11\/2022, Coatzacoalcos, Ver.-<\/span><\/i><\/b><span data-contrast=\"auto\"> El papel comprometido de la comunidad de la <a href=\"https:\/\/www.uv.mx\/coatza\/\" target=\"_blank\" rel=\"noopener\">regi\u00f3n Coatzacoalcos-Minatitl\u00e1n<\/a> de la Universidad Veracruzana (UV) ha permitido lograr resultados que la distinguen a nivel regional y como parte de esta casa de estudios, coincidieron en resaltar el rector Mart\u00edn Aguilar S\u00e1nchez y la vicerrectora Georgina Hern\u00e1ndez R\u00edos, con motivo del Primer Informe de Labores 2021-2022 de esta \u00faltima.<\/span><span data-ccp-props=\"{&quot;201341983&quot;:0,&quot;335559739&quot;:0,&quot;335559740&quot;:240}\">\u00a0<\/span><\/p>\n<p><span data-contrast=\"auto\">En sesi\u00f3n solemne del Consejo Universitario Regional (CUR), presidido por las m\u00e1ximas autoridades universitarias y con la presencia de invitados especiales, la Vicerrectora subray\u00f3 el papel comprometido y desempe\u00f1ado por directoras y directores, secretarias y secretarios de entidades, administradores, docentes, estudiantes y trabajadores a favor de la comunidad estudiantil, raz\u00f3n de ser de la instituci\u00f3n.<\/span><span data-ccp-props=\"{&quot;201341983&quot;:0,&quot;335559739&quot;:0,&quot;335559740&quot;:240}\">\u00a0<\/span><\/p>\n<p><span data-contrast=\"auto\">La regi\u00f3n cuenta con los <\/span><i><span data-contrast=\"auto\">campus<\/span><\/i><span data-contrast=\"auto\"> Coatzacoalcos, Minatitl\u00e1n y Acayucan; la sede de la Universidad Veracruzana Intercultural Las Selvas ubicada en Huazuntl\u00e1n y la Casa UV en el valle de Uxpanapa.<\/span><span data-ccp-props=\"{&quot;201341983&quot;:0,&quot;335559739&quot;:0,&quot;335559740&quot;:240}\">\u00a0<\/span><\/p>\n<p><span data-contrast=\"auto\">Adem\u00e1s, se sumar\u00e1 una fracci\u00f3n de terreno propiedad del Ayuntamiento de Agua Dulce en donaci\u00f3n, con una superficie de 17 mil 729 metros cuadrados (m<\/span><span data-contrast=\"auto\">2<\/span><span data-contrast=\"auto\">) y con 846.5 m<\/span><span data-contrast=\"auto\">2<\/span><span data-contrast=\"auto\"> de construcci\u00f3n de dos plantas para la instalaci\u00f3n y funcionamiento de un <\/span><i><span data-contrast=\"auto\">campus<\/span><\/i><span data-contrast=\"auto\"> en ese municipio.<\/span><span data-ccp-props=\"{&quot;201341983&quot;:0,&quot;335559739&quot;:0,&quot;335559740&quot;:240}\">\u00a0<\/span><\/p>\n<p><span data-contrast=\"auto\">\u201cAs\u00ed, la Universidad Veracruzana acerca educaci\u00f3n superior y servicios a la poblaci\u00f3n del sur de Veracruz y porciones de Oaxaca, Tabasco y Chiapas\u201d, enfatiz\u00f3 Hern\u00e1ndez R\u00edos.<\/span><span data-ccp-props=\"{&quot;201341983&quot;:0,&quot;335559731&quot;:708,&quot;335559739&quot;:0,&quot;335559740&quot;:240}\">\u00a0<\/span><\/p>\n<p><span data-contrast=\"auto\">En la regi\u00f3n se atiende una matr\u00edcula de ocho mil 541 estudiantes, de los cuales el 97.3% lo hacen en un Programa Educativo (PE) de calidad reconocido por los organismos acreditadores a nivel nacional.<\/span><span data-ccp-props=\"{&quot;201341983&quot;:0,&quot;335559739&quot;:0,&quot;335559740&quot;:240}\">\u00a0<\/span><\/p>\n<p><span data-contrast=\"auto\">Derivado de la convocatoria de ingreso, se inscribieron mil 864 nuevos alumnos en 24 PE, y a trav\u00e9s de las convocatorias de posgrado se ofertaron seis PE: una maestr\u00eda en el <\/span><span data-contrast=\"auto\">\u00c1rea<\/span><span data-contrast=\"auto\"> de Ciencias Biol\u00f3gicas y Agropecuarias, dos maestr\u00edas y un doctorado en el \u00c1rea T<\/span><span data-contrast=\"auto\">\u00e9cni<\/span><span data-contrast=\"auto\">ca y dos especializaciones del \u00c1rea de Ciencias de la Salud.<\/span><\/p>\n<p>&nbsp;<\/p>\n<div id=\"attachment_124494\" style=\"width: 732px\" class=\"wp-caption aligncenter\"><img aria-describedby=\"caption-attachment-124494\" decoding=\"async\" loading=\"lazy\" class=\"size-full wp-image-124494\" src=\"https:\/\/www.uv.mx\/prensa\/files\/2022\/11\/221122-DAVID-Informe-Vice-Coatza-2.jpg\" alt=\"\" width=\"722\" height=\"482\" srcset=\"https:\/\/www.uv.mx\/prensa\/files\/2022\/11\/221122-DAVID-Informe-Vice-Coatza-2.jpg 722w, https:\/\/www.uv.mx\/prensa\/files\/2022\/11\/221122-DAVID-Informe-Vice-Coatza-2-300x200.jpg 300w\" sizes=\"(max-width: 722px) 100vw, 722px\" \/><p id=\"caption-attachment-124494\" class=\"wp-caption-text\">En su mensaje subray\u00f3 el compromiso de todos los integrantes de la comunidad universitaria para alcanzar los resultados<\/p><\/div>\n<p>&nbsp;<\/p>\n<p><span data-contrast=\"auto\">En materia de derechos humanos, se realizaron 25 eventos registrando tres mil 262 asistencias, y se entreg<\/span><span data-contrast=\"auto\">\u00f3<\/span><span data-contrast=\"auto\"> el \u201cProtocolo para atender la violencia de g<\/span><span data-contrast=\"auto\">\u00e9nero en la Universidad Veracruzana<\/span><span data-contrast=\"auto\">\u201d al 100% de los titulares de entidades y dependencias, consejeros alumnos y a los enlaces de g\u00e9nero; adem\u00e1s, 480 universitarios se capacitaron en perspectiva de g\u00e9nero.<\/span><span data-ccp-props=\"{&quot;201341983&quot;:0,&quot;335559731&quot;:708,&quot;335559739&quot;:0,&quot;335559740&quot;:240}\">\u00a0<\/span><\/p>\n<p><span data-contrast=\"auto\">A partir de la convocatoria de ingreso 2022 se oferta la Licenciatura en Agroecolog\u00eda y Soberan\u00eda Alimentaria, ampliando las oportunidades de estudio para las poblaciones originarias asentadas en la sierra de Soteapan y el valle de Uxpanapa.<\/span><span data-ccp-props=\"{&quot;201341983&quot;:0,&quot;335559739&quot;:0,&quot;335559740&quot;:240}\">\u00a0<\/span><\/p>\n<p><span data-contrast=\"auto\">Para promover la igualdad sustantiva, la inclusi\u00f3n y no discriminaci\u00f3n, se realizaron 10 eventos que contaron con mil 256 asistentes.<\/span><span data-ccp-props=\"{&quot;201341983&quot;:0,&quot;335559731&quot;:708,&quot;335559739&quot;:0,&quot;335559740&quot;:240}\">\u00a0<\/span><\/p>\n<p><span data-contrast=\"auto\">Georgina Hern\u00e1ndez destac\u00f3 la participaci\u00f3n de la comunidad en el foro para la elaboraci\u00f3n del Programa de Trabajo 2021-2025 y el foro para el anteproyecto de Ley Org\u00e1nica; adicionalmente, desde la Vicerrector\u00eda se promovi\u00f3 la participaci\u00f3n de la comunidad para la elaboraci\u00f3n del Plan de Desarrollo Regional 2021-2025, recibiendo 46 propuestas que conformaron \u201cel primero en elaborarse en esta regi\u00f3n universitaria, previsto desde 2015 en la normatividad\u201d.<\/span><span data-ccp-props=\"{&quot;201341983&quot;:0,&quot;335559739&quot;:0,&quot;335559740&quot;:240}\">\u00a0<\/span><\/p>\n<p><span data-contrast=\"auto\">Respecto a la sustentabilidad, mencion\u00f3 la realizaci\u00f3n de siete eventos para evitar el riesgo y la vulnerabilidad y fomentar la sustentabilidad, entre los que destaca el \u201cReciclat\u00f3n de aparatos electr\u00f3nicos\u201d.<\/span><span data-ccp-props=\"{&quot;201341983&quot;:0,&quot;335559739&quot;:0,&quot;335559740&quot;:240}\">\u00a0<\/span><\/p>\n<p><span data-contrast=\"auto\">El Centro de Estudios Interdisciplinarios en Agrobiodiversidad elabor\u00f3 el proyecto \u201cFortalecimiento de capacidades para la protecci\u00f3n y conservaci\u00f3n de los recursos gen\u00e9ticos y los conocimientos tradicionales asociados, en la sierra de Santa Marta\u201d, financiado por la Secretar\u00eda de Medio Ambiente y Recursos Naturales.<\/span><span data-ccp-props=\"{&quot;201341983&quot;:0,&quot;335559731&quot;:708,&quot;335559739&quot;:0,&quot;335559740&quot;:240}\">\u00a0<\/span><\/p>\n<p><span data-contrast=\"auto\">Para atender la contingencia ocasionada por la pandemia se instalaron 45 aulas h\u00edbridas, distribuidas en los <\/span><i><span data-contrast=\"auto\">campus<\/span><\/i><span data-contrast=\"auto\"> Minatitl\u00e1n, Coatzacoalcos, Acayucan y Huazuntl\u00e1n, y desde 2021 se ofertan tres nuevos PE en l\u00ednea, con el prop\u00f3sito de coadyuvar a la formaci\u00f3n del recurso humano que requiere el proyecto federal del Corredor Interoce\u00e1nico del Istmo de Tehuantepec, cuyo universo de atenci\u00f3n comprende 24 municipios de esta regi\u00f3n.<\/span><span data-ccp-props=\"{&quot;201341983&quot;:0,&quot;335559731&quot;:708,&quot;335559739&quot;:0,&quot;335559740&quot;:240}\">\u00a0<\/span><\/p>\n<p><span data-contrast=\"auto\">\u00a0La Vicerrectora subray\u00f3 que, al 31 de agosto, de 21 PE de nivel T\u00e9cnico Superior Universitario y licenciaturas evaluables, 19 est\u00e1n acreditados y dos en proceso de evaluaci\u00f3n; significa que el 90.48% de los PE es de calidad y el 97.36% de la matr\u00edcula cursa PE reconocidos por su calidad.<\/span><span data-ccp-props=\"{&quot;201341983&quot;:0,&quot;335559731&quot;:708,&quot;335559739&quot;:0,&quot;335559740&quot;:240}\">\u00a0<\/span><\/p>\n<p>&nbsp;<\/p>\n<div id=\"attachment_124492\" style=\"width: 732px\" class=\"wp-caption aligncenter\"><img aria-describedby=\"caption-attachment-124492\" decoding=\"async\" loading=\"lazy\" class=\"size-full wp-image-124492\" src=\"https:\/\/www.uv.mx\/prensa\/files\/2022\/11\/221122-DAVID-Informe-Vice-Coatza-4.jpg\" alt=\"\" width=\"722\" height=\"482\" srcset=\"https:\/\/www.uv.mx\/prensa\/files\/2022\/11\/221122-DAVID-Informe-Vice-Coatza-4.jpg 722w, https:\/\/www.uv.mx\/prensa\/files\/2022\/11\/221122-DAVID-Informe-Vice-Coatza-4-300x200.jpg 300w\" sizes=\"(max-width: 722px) 100vw, 722px\" \/><p id=\"caption-attachment-124492\" class=\"wp-caption-text\">El rector de la UV, Mart\u00edn Aguilar, enfatiz\u00f3 que el informe es un ejercicio de transparencia y rendici\u00f3n de cuentas<\/p><\/div>\n<p>&nbsp;<\/p>\n<p><span data-contrast=\"auto\">Entre los reconocimientos obtenidos por miembros de la regi\u00f3n, cit\u00f3 el primer lugar estatal por el promedio general de conocimientos m\u00e9dicos, en el Examen Nacional para Aspirantes a Residencias M\u00e9dicas, aplicado en septiembre de 2021; el <\/span><span data-contrast=\"none\">Premio \u201cArte, Ciencia, Luz\u201d 2021 al mejor trabajo recepcional, en el <\/span><span data-contrast=\"none\">\u00c1rea Acad\u00e9mica T\u00e9cnica<\/span><span data-contrast=\"none\">, obtenido por un estudiante de Ingenier\u00eda Qu\u00edmica; el Reconocimiento a la Excelencia Acad\u00e9mica 2021 de Mejores Estudiantes de Medicina de M\u00e9xico, obtenido por un alumno del PE M\u00e9dico Cirujano, al obtener el cuarto lugar de entre 83 mejores estudiantes de medicina del pa\u00eds, otorgado por la Asociaci\u00f3n Mexicana de Facultades y Escuelas de Medicina y el Instituto Cient\u00edfico Pfizer.<\/span><span data-ccp-props=\"{&quot;201341983&quot;:0,&quot;335559739&quot;:0,&quot;335559740&quot;:240}\">\u00a0<\/span><\/p>\n<p><span data-contrast=\"auto\">En materia de educaci\u00f3n intercultural, se ampli\u00f3 la oferta educativa con el PE Agroecolog\u00eda y Soberan\u00eda Alimentaria, siendo \u00e9sta la \u00fanica entidad de una universidad p\u00fablica que ofrece educaci\u00f3n intercultural en la regi\u00f3n del istmo de Tehuantepec.<\/span><span data-ccp-props=\"{&quot;201341983&quot;:0,&quot;335559731&quot;:708,&quot;335559739&quot;:0,&quot;335559740&quot;:240}\">\u00a0<\/span><\/p>\n<p><span data-contrast=\"auto\">\u201cContamos con la cifra m\u00e1s alta en la historia de esta regi\u00f3n de acad\u00e9micos reconocidos por el Sistema Nacional de Investigadores, transitando de 20 a 35 en el periodo 2020-2021; con relaci\u00f3n a los PE de posgrado, tres se encuentran en el padr\u00f3n del Sistema Nacional de Posgrados, antes Programa Nacional de Posgrados de Calidad.<\/span><span data-ccp-props=\"{&quot;201341983&quot;:0,&quot;335559731&quot;:708,&quot;335559739&quot;:0,&quot;335559740&quot;:240}\">\u00a0<\/span><\/p>\n<p><span data-contrast=\"auto\">En cuanto a la difusi\u00f3n de la cultura, se realizaron 29 eventos que convocaron a seis mil 696 asistentes y se participa en varios organismos, entre ellos: Consejo Consultivo de Desarrollo Metropolitano de la Zona de Coatzacoalcos y en los grupos de trabajo multidisciplinario del Corredor Interoce\u00e1nico del Istmo de Tehuantepec.<\/span><span data-ccp-props=\"{&quot;201341983&quot;:0,&quot;335559731&quot;:708,&quot;335559739&quot;:0,&quot;335559740&quot;:240}\">\u00a0<\/span><\/p>\n<p><span data-contrast=\"auto\">Posteriormente, el Rector destac\u00f3 que la exposici\u00f3n del informe de labores constituye un ejercicio pr\u00e1ctico de autonom\u00eda y un ejercicio de pluralismo y compromiso con nuestras leyes y estatutos, as\u00ed como una idea de organizaci\u00f3n encarnada en la comunidad.<\/span><span data-ccp-props=\"{&quot;201341983&quot;:0,&quot;335559731&quot;:708,&quot;335559739&quot;:0,&quot;335559740&quot;:240}\">\u00a0<\/span><\/p>\n<p><span data-contrast=\"auto\">El periodo entre septiembre de 2021 y agosto de 2022 ha sido especialmente pr\u00f3spero para la regi\u00f3n, \u201cen cuanto que experiment\u00f3 un crecimiento en su matr\u00edcula, en su din\u00e1mica acad\u00e9mica y destacar\u00eda el impulso a la calidad educativa mediante las acreditaciones y reacreditaciones de distintos programas, as\u00ed como el esfuerzo de las y los acad\u00e9micos por acceder al Sistema Nacional de Investigadores\u201d.<\/span><span data-ccp-props=\"{&quot;201341983&quot;:0,&quot;335559731&quot;:708,&quot;335559739&quot;:0,&quot;335559740&quot;:240}\">\u00a0<\/span><\/p>\n<p><span data-contrast=\"auto\">Finalmente, Aguilar S\u00e1nchez felicit\u00f3 a los integrantes de la regi\u00f3n Coatzacoalcos-Minatitl\u00e1n por conjugar las medidas de transparencia como una pr\u00e1ctica concreta y articulada.<\/span><span data-ccp-props=\"{&quot;201341983&quot;:0,&quot;335559731&quot;:708,&quot;335559739&quot;:0,&quot;335559740&quot;:240}\">\u00a0<\/span><\/p>\n<p><span data-contrast=\"auto\">En el pres\u00eddium estuvieron: Juan Ortiz Escamilla, secretario Acad\u00e9mico; Jaqueline Jongitud Zamora, secretaria de Desarrollo Regional; Florentino Cruz Mart\u00ednez, secretario Acad\u00e9mico regional y del CUR; Mar\u00eda In\u00e9s Quevedo L\u00f3pez, secretaria regional de Administraci\u00f3n y Finanzas.<\/span><span data-ccp-props=\"{&quot;201341983&quot;:0,&quot;335559731&quot;:708,&quot;335559739&quot;:0,&quot;335559740&quot;:240}\">\u00a0<\/span><\/p>\n<p><span data-contrast=\"auto\">Entre los invitados especiales se cont\u00f3 con la presencia de: Enrique Ram\u00edrez Nazariega, integrante de la Junta de Gobierno; los alcaldes de Coatzacoalcos, Nanchital y Mecayapan; la vicerrectora de la regi\u00f3n Poza Rica-Tuxpan, Liliana Cuervo L\u00f3pez, y los vicerrectores de las regiones Veracruz y Orizaba-C\u00f3rdoba, Rub\u00e9n Edel Navarro y Mario Roberto Bernab\u00e9 Guapillo Vargas, respectivamente.<\/span><span data-ccp-props=\"{&quot;201341983&quot;:0,&quot;335559731&quot;:708,&quot;335559739&quot;:0,&quot;335559740&quot;:240}\">\u00a0<\/span><\/p>\n<p><span data-ccp-props=\"{&quot;201341983&quot;:0,&quot;335559739&quot;:0,&quot;335559740&quot;:240}\">\u00a0<\/span><\/p>\n<div id=\"attachment_124491\" style=\"width: 732px\" class=\"wp-caption aligncenter\"><img aria-describedby=\"caption-attachment-124491\" decoding=\"async\" loading=\"lazy\" class=\"size-full wp-image-124491\" src=\"https:\/\/www.uv.mx\/prensa\/files\/2022\/11\/221122-DAVID-Informe-Vice-Coatza-5.jpg\" alt=\"\" width=\"722\" height=\"482\" srcset=\"https:\/\/www.uv.mx\/prensa\/files\/2022\/11\/221122-DAVID-Informe-Vice-Coatza-5.jpg 722w, https:\/\/www.uv.mx\/prensa\/files\/2022\/11\/221122-DAVID-Informe-Vice-Coatza-5-300x200.jpg 300w\" sizes=\"(max-width: 722px) 100vw, 722px\" \/><p id=\"caption-attachment-124491\" class=\"wp-caption-text\">Invitados especiales y consejeros regionales aplaudieron el trabajo efectuado por la Vicerrectora y los funcionarios universitarios<\/p><\/div>\n","protected":false},"excerpt":{"rendered":"<p>La Vicerrectora destac\u00f3 el incremento de la matr\u00edcula, el n\u00famero de Programas Educativos acreditados y los reconocimientos obtenidos por la comunidad universitaria\u00a0<\/p>\n","protected":false},"author":1869,"featured_media":124495,"comment_status":"closed","ping_status":"closed","sticky":false,"template":"","format":"standard","meta":[],"categories":[52,1,61,32],"tags":[6263,4159,2705,5225,6472,2288,7186,2700],"_links":{"self":[{"href":"https:\/\/www.uv.mx\/prensa\/wp-json\/wp\/v2\/posts\/124489"}],"collection":[{"href":"https:\/\/www.uv.mx\/prensa\/wp-json\/wp\/v2\/posts"}],"about":[{"href":"https:\/\/www.uv.mx\/prensa\/wp-json\/wp\/v2\/types\/post"}],"author":[{"embeddable":true,"href":"https:\/\/www.uv.mx\/prensa\/wp-json\/wp\/v2\/users\/1869"}],"replies":[{"embeddable":true,"href":"https:\/\/www.uv.mx\/prensa\/wp-json\/wp\/v2\/comments?post=124489"}],"version-history":[{"count":1,"href":"https:\/\/www.uv.mx\/prensa\/wp-json\/wp\/v2\/posts\/124489\/revisions"}],"predecessor-version":[{"id":124506,"href":"https:\/\/www.uv.mx\/prensa\/wp-json\/wp\/v2\/posts\/124489\/revisions\/124506"}],"wp:featuredmedia":[{"embeddable":true,"href":"https:\/\/www.uv.mx\/prensa\/wp-json\/wp\/v2\/media\/124495"}],"wp:attachment":[{"href":"https:\/\/www.uv.mx\/prensa\/wp-json\/wp\/v2\/media?parent=124489"}],"wp:term":[{"taxonomy":"category","embeddable":true,"href":"https:\/\/www.uv.mx\/prensa\/wp-json\/wp\/v2\/categories?post=124489"},{"taxonomy":"post_tag","embeddable":true,"href":"https:\/\/www.uv.mx\/prensa\/wp-json\/wp\/v2\/tags?post=124489"}],"curies":[{"name":"wp","href":"https:\/\/api.w.org\/{rel}","templated":true}]}}