{"id":124575,"date":"2022-11-24T10:25:09","date_gmt":"2022-11-24T16:25:09","guid":{"rendered":"https:\/\/www.uv.mx\/prensa\/?p=124575"},"modified":"2022-11-24T13:04:26","modified_gmt":"2022-11-24T19:04:26","slug":"radio-uv-radio-buap-y-altavoz-radio-presentaron-la-diccionaria","status":"publish","type":"post","link":"https:\/\/www.uv.mx\/prensa\/general\/radio-uv-radio-buap-y-altavoz-radio-presentaron-la-diccionaria\/","title":{"rendered":"Radio UV, Radio BUAP y Altavoz Radio presentaron <i>La diccionaria<\/i>"},"content":{"rendered":"<ul>\n<li data-leveltext=\"\uf0b7\" data-font=\"Symbol\" data-listid=\"1\" data-list-defn-props=\"{&quot;335552541&quot;:1,&quot;335559684&quot;:-2,&quot;335559685&quot;:720,&quot;335559991&quot;:360,&quot;469769226&quot;:&quot;Symbol&quot;,&quot;469769242&quot;:[8226],&quot;469777803&quot;:&quot;left&quot;,&quot;469777804&quot;:&quot;\uf0b7&quot;,&quot;469777815&quot;:&quot;hybridMultilevel&quot;}\" data-aria-posinset=\"1\" data-aria-level=\"1\"><i><span data-contrast=\"auto\">La primera temporada de este glosario radiof\u00f3nico de g\u00e9nero incluye m\u00e1s de 60 t\u00e9rminos feministas, explicados por especialistas y ser\u00e1 transmitida en m\u00e1s de 40 radiodifusoras<\/span><\/i><span data-ccp-props=\"{}\">\u00a0<\/span><\/li>\n<\/ul>\n<p><span data-ccp-props=\"{}\">\u00a0<\/span><\/p>\n<div id=\"attachment_124578\" style=\"width: 732px\" class=\"wp-caption aligncenter\"><img aria-describedby=\"caption-attachment-124578\" decoding=\"async\" loading=\"lazy\" class=\"size-full wp-image-124578\" src=\"https:\/\/www.uv.mx\/prensa\/files\/2022\/11\/231122-La-diccionaria-1.jpg\" alt=\"\" width=\"722\" height=\"406\" srcset=\"https:\/\/www.uv.mx\/prensa\/files\/2022\/11\/231122-La-diccionaria-1.jpg 722w, https:\/\/www.uv.mx\/prensa\/files\/2022\/11\/231122-La-diccionaria-1-300x169.jpg 300w\" sizes=\"(max-width: 722px) 100vw, 722px\" \/><p id=\"caption-attachment-124578\" class=\"wp-caption-text\">Se transmite a partir de hoy en m\u00e1s de 40 radiodifusoras del pa\u00eds<\/p><\/div>\n<p><span data-ccp-props=\"{}\">\u00a0<\/span><\/p>\n<p><b><i><span data-contrast=\"auto\">24\/11\/2022, CDMX.-<\/span><\/i><\/b><span data-contrast=\"auto\"><a href=\"https:\/\/www.uv.mx\/radio\/transmision\/\" target=\"_blank\" rel=\"noopener\"> Radio Universidad Veracruzana<\/a> (Radio UV), Radio BUAP, de la Benem\u00e9rita Universidad Aut\u00f3noma de Puebla (BUAP), y Altavoz Radio, conjunto de estaciones de radio del Sistema P\u00fablico de Radiodifusi\u00f3n (SPR) del Estado Mexicano, presentaron la serie radiof\u00f3nica <\/span><i><span data-contrast=\"auto\">La diccionaria<\/span><\/i><span data-contrast=\"auto\">.<\/span><span data-ccp-props=\"{}\">\u00a0<\/span><\/p>\n<p><span data-contrast=\"auto\">La serie es un proyecto colaborativo en el que participan las tres instituciones referidas, el cual compila m\u00e1s de 60 t\u00e9rminos feministas analizados por especialistas y cuya primera temporada ser\u00e1 transmitida a partir de hoy en m\u00e1s de 40 radiodifusoras del pa\u00eds.<\/span><span data-ccp-props=\"{}\">\u00a0<\/span><\/p>\n<p><span data-contrast=\"auto\">La presentaci\u00f3n fue realizada en l\u00ednea, encabezada por el presidente de SPR, Jenaro Villamil, y la directora de Planeaci\u00f3n y Programaci\u00f3n de Radio del mismo sistema, Georgina Tapia. Cont\u00f3, adem\u00e1s, con la participaci\u00f3n de Mar\u00eda del Carmen Garc\u00eda, directora institucional de G\u00e9nero en la BUAP; Jos\u00e9 Carlos Bernal, vicerrector de Difusi\u00f3n Cultural de la misma universidad, y Ricardo Cartas, director de Medios de Comunicaci\u00f3n en la casa de estudios poblana.<\/span><span data-ccp-props=\"{}\">\u00a0<\/span><\/p>\n<p><span data-contrast=\"auto\">Por parte de la UV, el equipo de Radio destac\u00f3 la convergencia natural que esta producci\u00f3n radiof\u00f3nica guarda con el programa de trabajo de la instituci\u00f3n para el periodo 2021-2025 \u201cPor una transformaci\u00f3n integral\u201d, el cual se fundamenta en la reivindicaci\u00f3n de los derechos humanos y la sustentabilidad desde el espacio de la educaci\u00f3n superior.<\/span><span data-ccp-props=\"{}\">\u00a0<\/span><\/p>\n<p><i><span data-contrast=\"auto\">La diccionaria<\/span><\/i><span data-contrast=\"auto\"> podr\u00e1 escucharse en las frecuencias de Radio UV 90.5 FM, de Radio BUAP y de la Red Altavoz Radio: 104.3 FM Altavoz Coatzacoalcos, 103.5 FM Altavoz Mazatl\u00e1n, 102.5 FM Altavoz Colima, 101 FM Altavoz Tapachula y Altavoz <\/span><i><span data-contrast=\"auto\">online<\/span><\/i><span data-contrast=\"auto\">.<\/span><span data-ccp-props=\"{&quot;335559731&quot;:708}\">\u00a0<\/span><\/p>\n<p><span data-contrast=\"auto\">La serie contiene las aportaciones de especialistas en materia de g\u00e9nero y feminismo de la UV, la BUAP, otras casas de estudio y colectivas feministas.<\/span><span data-ccp-props=\"{&quot;335559731&quot;:708}\">\u00a0<\/span><\/p>\n<p><span data-contrast=\"auto\">El espacio pretende constituir un entorno de consulta para hombres y mujeres que buscan conceptos como \u201cempoderamiento\u201d, \u201cmicromachismos\u201d, \u201cfeminicidios\u201d o \u201cpiso pegajoso\u201d, en el que podr\u00e1n conocer de forma breve cu\u00e1ndo, c\u00f3mo y d\u00f3nde se genera un concepto sobre feminismo, o perspectiva de g\u00e9nero, qui\u00e9nes son sus principales autoras y c\u00f3mo lo aterrizamos en la realidad cotidiana.<\/span><span data-ccp-props=\"{&quot;335559731&quot;:708}\">\u00a0<\/span><\/p>\n<p><span data-ccp-props=\"{}\">\u00a0<\/span><\/p>\n<div id=\"attachment_124577\" style=\"width: 732px\" class=\"wp-caption aligncenter\"><img aria-describedby=\"caption-attachment-124577\" decoding=\"async\" loading=\"lazy\" class=\"size-full wp-image-124577\" src=\"https:\/\/www.uv.mx\/prensa\/files\/2022\/11\/231122-La-diccionaria-2.jpg\" alt=\"\" width=\"722\" height=\"364\" srcset=\"https:\/\/www.uv.mx\/prensa\/files\/2022\/11\/231122-La-diccionaria-2.jpg 722w, https:\/\/www.uv.mx\/prensa\/files\/2022\/11\/231122-La-diccionaria-2-300x151.jpg 300w\" sizes=\"(max-width: 722px) 100vw, 722px\" \/><p id=\"caption-attachment-124577\" class=\"wp-caption-text\">El equipo de Radio UV en la presentaci\u00f3n\u00a0en l\u00ednea, encabezada por el Presidente y la Directora de Planeaci\u00f3n y Programaci\u00f3n de Radio del SPR<\/p><\/div>\n","protected":false},"excerpt":{"rendered":"<p>La serie contiene las aportaciones de especialistas en materia de g\u00e9nero y feminismo de la UV, la BUAP, otras casas de estudio y colectivas feministas\u00a0<\/p>\n","protected":false},"author":1869,"featured_media":124578,"comment_status":"closed","ping_status":"closed","sticky":false,"template":"","format":"standard","meta":[],"categories":[47,1,61],"tags":[],"_links":{"self":[{"href":"https:\/\/www.uv.mx\/prensa\/wp-json\/wp\/v2\/posts\/124575"}],"collection":[{"href":"https:\/\/www.uv.mx\/prensa\/wp-json\/wp\/v2\/posts"}],"about":[{"href":"https:\/\/www.uv.mx\/prensa\/wp-json\/wp\/v2\/types\/post"}],"author":[{"embeddable":true,"href":"https:\/\/www.uv.mx\/prensa\/wp-json\/wp\/v2\/users\/1869"}],"replies":[{"embeddable":true,"href":"https:\/\/www.uv.mx\/prensa\/wp-json\/wp\/v2\/comments?post=124575"}],"version-history":[{"count":1,"href":"https:\/\/www.uv.mx\/prensa\/wp-json\/wp\/v2\/posts\/124575\/revisions"}],"predecessor-version":[{"id":124617,"href":"https:\/\/www.uv.mx\/prensa\/wp-json\/wp\/v2\/posts\/124575\/revisions\/124617"}],"wp:featuredmedia":[{"embeddable":true,"href":"https:\/\/www.uv.mx\/prensa\/wp-json\/wp\/v2\/media\/124578"}],"wp:attachment":[{"href":"https:\/\/www.uv.mx\/prensa\/wp-json\/wp\/v2\/media?parent=124575"}],"wp:term":[{"taxonomy":"category","embeddable":true,"href":"https:\/\/www.uv.mx\/prensa\/wp-json\/wp\/v2\/categories?post=124575"},{"taxonomy":"post_tag","embeddable":true,"href":"https:\/\/www.uv.mx\/prensa\/wp-json\/wp\/v2\/tags?post=124575"}],"curies":[{"name":"wp","href":"https:\/\/api.w.org\/{rel}","templated":true}]}}