{"id":124599,"date":"2022-11-25T10:08:22","date_gmt":"2022-11-25T16:08:22","guid":{"rendered":"https:\/\/www.uv.mx\/prensa\/?p=124599"},"modified":"2022-11-25T13:42:53","modified_gmt":"2022-11-25T19:42:53","slug":"editorial-uv-tendra-presencia-en-la-fil-guadalajara-2022","status":"publish","type":"post","link":"https:\/\/www.uv.mx\/prensa\/cultura\/editorial-uv-tendra-presencia-en-la-fil-guadalajara-2022\/","title":{"rendered":"Editorial UV tendr\u00e1 presencia en la FIL Guadalajara 2022"},"content":{"rendered":"<ul class=\"ul1\">\n<li class=\"li1\"><i>Tendr\u00e1 ocho presentaciones editoriales y un <\/i>stand<i> de venta de libros<\/i><\/li>\n<li class=\"li1\"><i>Se contar\u00e1 con invitados extranjeros de Puerto Rico y Francia<\/i><\/li>\n<\/ul>\n<p>&nbsp;<\/p>\n<div id=\"attachment_124600\" style=\"width: 732px\" class=\"wp-caption aligncenter\"><img aria-describedby=\"caption-attachment-124600\" decoding=\"async\" loading=\"lazy\" class=\"size-full wp-image-124600\" src=\"https:\/\/www.uv.mx\/prensa\/files\/2022\/11\/Editorial-UV-FIL-2022_980x800-px_Facebook-01-100k.jpg\" alt=\"La Editorial UV presentar\u00e1 ocho de sus publicaciones y tendr\u00e1 un stand de venta de libros en la FIL de Guadalajara\" width=\"722\" height=\"589\" srcset=\"https:\/\/www.uv.mx\/prensa\/files\/2022\/11\/Editorial-UV-FIL-2022_980x800-px_Facebook-01-100k.jpg 722w, https:\/\/www.uv.mx\/prensa\/files\/2022\/11\/Editorial-UV-FIL-2022_980x800-px_Facebook-01-100k-300x245.jpg 300w\" sizes=\"(max-width: 722px) 100vw, 722px\" \/><p id=\"caption-attachment-124600\" class=\"wp-caption-text\">La Editorial UV presentar\u00e1 ocho de sus publicaciones y tendr\u00e1 un stand de venta de libros en la FIL de Guadalajara<\/p><\/div>\n<p>&nbsp;<\/p>\n<p class=\"p1\"><span class=\"s1\"><b><i>Alma Espinosa Arroyo<\/i><\/b><\/span><\/p>\n<p class=\"p1\"><span class=\"s1\"><b><i>25\/11\/2022, Xalapa, Ver.- <\/i><\/b>Con la exposici\u00f3n y venta de libros y revistas en el <i>stand<\/i> J7 y ocho presentaciones de sus publicaciones, la <a href=\"https:\/\/www.uv.mx\/editorial\/\" target=\"_blank\" rel=\"noopener\">Editorial<\/a> de la Universidad Veracruzana (UV) tendr\u00e1 presencia en la Feria Internacional del Libro de Guadalajara (FIL), del 26 de noviembre al 4 de diciembre.<\/span><\/p>\n<p class=\"p3\"><span class=\"s1\">El s\u00e1bado 26 de noviembre a las 14:00 horas se presentar\u00e1 el libro <i>Control de l\u00edmites. Autoritarismo subnacional en democracias federales<\/i>, de Edward L. Gibson. La actividad estar\u00e1 a cargo de Alberto Olvera, Jorge Ram\u00edrez y Agust\u00edn Del Moral, y se realizar\u00e1 en el <i>stand<\/i> de la Red Nacional Altexto (F13).<\/span><\/p>\n<p class=\"p3\"><span class=\"s1\">M\u00e1s tarde, a las 18:30 horas, se presentar\u00e1n los t\u00edtulos recientes de la colecci\u00f3n Mar de Poes\u00eda, con la presencia de su traductor y coordinador Jos\u00e9 Luis Rivas, Silvia Eugenia Castillero y Godofredo Olivares. Se realizar\u00e1 en el Sal\u00f3n F del \u00c1rea Internacional.<\/span><\/p>\n<p class=\"p3\"><span class=\"s1\">Por la noche, a las 20:00 horas, en el <i>stand<\/i> de Altexto, tocar\u00e1 el turno al libro <i>Uso y valor de Henri Lefebvre. Siete ensayos a prop\u00f3sito de<\/i> El derecho a la ciudad, coordinado por Luis Fernando Granados. Los presentadores ser\u00e1n Dora Cecilia S\u00e1nchez Hidalgo y Jes\u00fas Guerrero.<\/span><\/p>\n<p class=\"p3\"><span class=\"s1\">El domingo 27 se organizar\u00e1n dos presentaciones. La primera ser\u00e1 a las 17:00 horas, en el Sal\u00f3n E, Radina Dimitrova, Karla S\u00e1nchez Dom\u00ednguez y \u00c9dgar Garc\u00eda Valencia conversar\u00e1n en torno a los cuatro tomos de <i>Historia del arte chino<\/i>. A las 18:30 horas, en el Sal\u00f3n B, Bernardo Garc\u00eda D\u00edaz, Gilberto Guti\u00e9rrez y Agust\u00edn Del Moral presentar\u00e1n el libro <i>El renacimiento del son jarocho y el grupo Mono Blanco (1977-2000)<\/i>.<\/span><\/p>\n<p class=\"p3\"><span class=\"s1\">Para el lunes 28 se tiene programada la presentaci\u00f3n de la colecci\u00f3n Ludwig Wittgenstein, con los comentarios de Lizbeth Pulido, Nora Rangel y Jes\u00fas Guerrero. Ser\u00e1 a las 17:00 horas, en el Sal\u00f3n E. M\u00e1s tarde, a las 18:30 horas, se presentar\u00e1 el libro <i>La interpretaci\u00f3n sociol\u00f3gica de los sue\u00f1os<\/i>, con la presencia de su autor, el soci\u00f3logo franc\u00e9s Bernard Lahire, quien estar\u00e1 acompa\u00f1ado de Alfredo Zavaleta y Nelson Arteaga. La cita ser\u00e1 a las 18:30 horas en el Sal\u00f3n F.<\/span><\/p>\n<p class=\"p3\"><span class=\"s1\">La \u00faltima actividad que tendr\u00e1 la Editorial de la UV en la FIL Guadalajara ser\u00e1 la lectura de poemas del libro <i>Lecciones de renuncia<\/i>, por su autora la poeta puertorrique\u00f1a Mayra Santos-Febres. Ser\u00e1 en el Sal\u00f3n de la Poes\u00eda, el viernes 2 de diciembre, a las 18:00 horas.<\/span><\/p>\n","protected":false},"excerpt":{"rendered":"<p>La m\u00e1xima casa de estudio de Veracruz estar\u00e1 nuevamente en la Feria Internacional del Libro de Guadalajara del 26 de noviembre al 4 de diciembre<\/p>\n","protected":false},"author":1775,"featured_media":124600,"comment_status":"closed","ping_status":"closed","sticky":false,"template":"","format":"standard","meta":[],"categories":[11,47],"tags":[6724,156,5790,9439,5791,334],"_links":{"self":[{"href":"https:\/\/www.uv.mx\/prensa\/wp-json\/wp\/v2\/posts\/124599"}],"collection":[{"href":"https:\/\/www.uv.mx\/prensa\/wp-json\/wp\/v2\/posts"}],"about":[{"href":"https:\/\/www.uv.mx\/prensa\/wp-json\/wp\/v2\/types\/post"}],"author":[{"embeddable":true,"href":"https:\/\/www.uv.mx\/prensa\/wp-json\/wp\/v2\/users\/1775"}],"replies":[{"embeddable":true,"href":"https:\/\/www.uv.mx\/prensa\/wp-json\/wp\/v2\/comments?post=124599"}],"version-history":[{"count":1,"href":"https:\/\/www.uv.mx\/prensa\/wp-json\/wp\/v2\/posts\/124599\/revisions"}],"predecessor-version":[{"id":124676,"href":"https:\/\/www.uv.mx\/prensa\/wp-json\/wp\/v2\/posts\/124599\/revisions\/124676"}],"wp:featuredmedia":[{"embeddable":true,"href":"https:\/\/www.uv.mx\/prensa\/wp-json\/wp\/v2\/media\/124600"}],"wp:attachment":[{"href":"https:\/\/www.uv.mx\/prensa\/wp-json\/wp\/v2\/media?parent=124599"}],"wp:term":[{"taxonomy":"category","embeddable":true,"href":"https:\/\/www.uv.mx\/prensa\/wp-json\/wp\/v2\/categories?post=124599"},{"taxonomy":"post_tag","embeddable":true,"href":"https:\/\/www.uv.mx\/prensa\/wp-json\/wp\/v2\/tags?post=124599"}],"curies":[{"name":"wp","href":"https:\/\/api.w.org\/{rel}","templated":true}]}}