{"id":124909,"date":"2022-12-09T11:54:46","date_gmt":"2022-12-09T17:54:46","guid":{"rendered":"https:\/\/www.uv.mx\/prensa\/?p=124909"},"modified":"2022-12-09T11:54:46","modified_gmt":"2022-12-09T17:54:46","slug":"volare-a-tu-lado-tesis-ganadora-del-premio-arte-ciencia-luz","status":"publish","type":"post","link":"https:\/\/www.uv.mx\/prensa\/general\/volare-a-tu-lado-tesis-ganadora-del-premio-arte-ciencia-luz\/","title":{"rendered":"<em>Volar\u00e9 a tu lado<\/em>, tesis ganadora del Premio \u201cArte, Ciencia, Luz\u201d"},"content":{"rendered":"<ul class=\"ul1\">\n<li class=\"li1\"><i>Con este trabajo plasmado en un libro infantil, Cecilia Gabriela S\u00e1nchez Aburto aborda el duelo con recursos tanatol\u00f3gicos<\/i><\/li>\n<li class=\"li1\"><i>Es egresada de la Licenciatura en Dise\u00f1o de la Comunicaci\u00f3n Visual y de la Facultad de Pedagog\u00eda del SEA-UV<\/i><\/li>\n<li class=\"li1\"><i>Realiz\u00f3 el dise\u00f1o editorial e ilustraci\u00f3n de la obra premiada en el \u00c1rea Acad\u00e9mica de Artes<\/i><\/li>\n<\/ul>\n<div id=\"attachment_124910\" style=\"width: 732px\" class=\"wp-caption aligncenter\"><img aria-describedby=\"caption-attachment-124910\" decoding=\"async\" loading=\"lazy\" class=\"size-full wp-image-124910\" src=\"https:\/\/www.uv.mx\/prensa\/files\/2022\/11\/301122-VOLARE\u0301-A-TU-LADO-1-100k.jpg\" alt=\"Cecilia Gabriela S\u00e1nchez Aburto, ganadora del Premio \u201cArte, Ciencia, Luz\u201d 2022\" width=\"722\" height=\"486\" srcset=\"https:\/\/www.uv.mx\/prensa\/files\/2022\/11\/301122-VOLARE\u0301-A-TU-LADO-1-100k.jpg 722w, https:\/\/www.uv.mx\/prensa\/files\/2022\/11\/301122-VOLARE\u0301-A-TU-LADO-1-100k-300x202.jpg 300w\" sizes=\"(max-width: 722px) 100vw, 722px\" \/><p id=\"caption-attachment-124910\" class=\"wp-caption-text\">Cecilia Gabriela S\u00e1nchez Aburto, ganadora del Premio \u201cArte, Ciencia, Luz\u201d 2022<\/p><\/div>\n<p>&nbsp;<\/p>\n<p class=\"p1\"><b><i>Claudia Peralta V\u00e1zquez<\/i><\/b><\/p>\n<p class=\"p1\"><b><i>Fotos: Omar Portilla Palacios<\/i><\/b><\/p>\n<p class=\"p1\"><b><i>09\/12\/2022, Xalapa, Ver.- <\/i><\/b>Para Cecilia Gabriela S\u00e1nchez Aburto, egresada de la Licenciatura en Dise\u00f1o de la Comunicaci\u00f3n Visual de la Facultad de Artes Pl\u00e1sticas de la Universidad Veracruzana (UV), su libro infantil <i>Volar\u00e9 a tu lado<\/i>, con el cual se hizo acreedora al Premio \u201cArte, Ciencia, Luz\u201d 2022, es un proyecto personal con gran impacto para los ni\u00f1os y adultos que han enfrentado el duelo por la p\u00e9rdida de un ser querido.<\/p>\n<p class=\"p3\">La historia, escrita por la joven en 2015, est\u00e1 ligada a la p\u00e9rdida de su abuelo materno, quien se despidi\u00f3 de ella a trav\u00e9s de un sue\u00f1o en el que se convert\u00eda en ave.<\/p>\n<p class=\"p3\">Con respecto a este premio impulsado por la UV, a trav\u00e9s de la Secretar\u00eda Acad\u00e9mica, para reconocer los trabajos recepcionales que se distingan por su originalidad y relevancia acad\u00e9mica, coment\u00f3 que todo empez\u00f3 con una carta que escribi\u00f3 para despedirse de su ser querido, sanar y enfrentar el proceso de duelo.<\/p>\n<p class=\"p3\">Esto, como resultado de su participaci\u00f3n en un taller de arteterapia donde emplearon el libro infantil como recurso terap\u00e9utico.<\/p>\n<p class=\"p3\">Al inicio, intent\u00f3 ilustrarlo en varias ocasiones, pero no pasaba de un proyecto de taller o de clase, hasta que finalmente se concret\u00f3 el libro de alrededor de 30 p\u00e1ginas, bajo la direcci\u00f3n y asesor\u00eda de Sergio Dom\u00ednguez Aguilar y Xavier C\u00f3zar Angulo, acad\u00e9micos de la Facultad de Artes Pl\u00e1sticas.<\/p>\n<p class=\"p3\">Cecilia Gabriela S\u00e1nchez, quien tambi\u00e9n hizo una estancia de movilidad internacional en 2019 en la Facultad de Bellas Artes de la Universidad de Vigo, en Pontevedra, Espa\u00f1a, reconoci\u00f3 que la ilustraci\u00f3n no es un \u00e1rea que le apasione, sin embargo se esforz\u00f3 porque \u00e9sta fuera fiel al tema de la muerte.<\/p>\n<p class=\"p3\">Para ello se prepar\u00f3 en el \u00e1rea tanatol\u00f3gica, en cursos sobre duelo y aceptaci\u00f3n. \u201cEl reto fue involucrar la parte tanatol\u00f3gica, tanto en el texto como en la ilustraci\u00f3n, que se viera el proceso y etapas de duelo\u201d.<\/p>\n<p class=\"p3\">Se\u00f1al\u00f3 que las ilustraciones de varios libros de tanatolog\u00eda manejan colores sobrios, tristes y no dejan de hablar de la muerte como algo melanc\u00f3lico.<\/p>\n<p class=\"p3\">Por eso, decidi\u00f3 emplear colores vivos y alegres para mostrar las etapas de duelo, y tambi\u00e9n comunicar que la muerte es vida; \u201clo mejor que podemos darle a alguien que ha partido es nuestra felicidad y no tristeza\u201d.<\/p>\n<p class=\"p3\">Una parte de trabajar el duelo es hacer que la persona fallecida permanezca en el recuerdo, la mente y el coraz\u00f3n. En ese sentido, en la \u00faltima p\u00e1gina del libro hay un espacio para colocar una foto o imagen de quien ya ha trascendido.<\/p>\n<p class=\"p3\">\u201cMe gusta mucho el dise\u00f1o y la pedagog\u00eda como herramienta educativa sirve para mejorar el desarrollo de los infantes y conocer sus emociones; de esta manera, una ni\u00f1ez m\u00e1s saludable permite un desarrollo y un mejor crecimiento personal.\u201d<\/p>\n<div id=\"attachment_124911\" style=\"width: 732px\" class=\"wp-caption aligncenter\"><img aria-describedby=\"caption-attachment-124911\" decoding=\"async\" loading=\"lazy\" class=\"size-full wp-image-124911\" src=\"https:\/\/www.uv.mx\/prensa\/files\/2022\/11\/301122-VOLARE\u0301-A-TU-LADO-2-100k.jpg\" alt=\"Volar\u00e9 a tu lado es el nombre del libro infantil que aborda el tema del duelo por la p\u00e9rdida de un ser querido\" width=\"722\" height=\"481\" srcset=\"https:\/\/www.uv.mx\/prensa\/files\/2022\/11\/301122-VOLARE\u0301-A-TU-LADO-2-100k.jpg 722w, https:\/\/www.uv.mx\/prensa\/files\/2022\/11\/301122-VOLARE\u0301-A-TU-LADO-2-100k-300x200.jpg 300w\" sizes=\"(max-width: 722px) 100vw, 722px\" \/><p id=\"caption-attachment-124911\" class=\"wp-caption-text\">Volar\u00e9 a tu lado es el nombre del libro infantil que aborda el tema del duelo por la p\u00e9rdida de un ser querido<\/p><\/div>\n<p>&nbsp;<\/p>\n<p class=\"p3\">Actualmente, la obra la ha utilizado como una herramienta en talleres impartidos a ni\u00f1os y adultos que han enfrentado alguna p\u00e9rdida.<\/p>\n<p class=\"p3\">\u201cLlega un momento en que incluso lloran, es interesante ver c\u00f3mo la reacci\u00f3n es a partir de la propia experiencia de la p\u00e9rdida y saber que el libro les deja algo.\u201d<\/p>\n<p class=\"p3\">Cecilia Gabriela, originaria de esta ciudad y egresada tambi\u00e9n del programa educativo de Pedagog\u00eda del Sistema de Ense\u00f1anza Abierta (SEA), reconoci\u00f3 que siempre hubo una intenci\u00f3n de su parte de que el libro creado, editado e ilustrado por ella durante el periodo de pandemia, fuera reconocido por el Premio \u201cArte, Ciencia, Luz\u201d.<\/p>\n<p class=\"p3\">\u201cNo s\u00f3lo es un proyecto de dise\u00f1o, hab\u00eda un prop\u00f3sito detr\u00e1s, aunado a la motivaci\u00f3n por el esfuerzo de todos los que me apoyaron, desde amigos, familiares y maestros; el resultado lo veo en el impacto del libro en los lectores y en el reconocimiento de un \u00e1rea a la que muchas veces no se toma en cuenta, como es la tanatolog\u00eda.\u201d<\/p>\n<p class=\"p3\">Respecto al hecho de que su trabajo fuera seleccionado expres\u00f3: \u201cEstoy contenta y agradecida, es un gran orgullo saber que por medio de mi trabajo puedo ayudar y generar un impacto positivo en las personas, adem\u00e1s de demostrarme que puedo alcanzar mis propias metas y objetivos\u201d.<\/p>\n<p class=\"p3\">Manifest\u00f3 que el reconocimiento representa darle voz al universitario, al trabajo de los j\u00f3venes, no s\u00f3lo como algo profesional, sino tambi\u00e9n acad\u00e9mico.<\/p>\n<p class=\"p3\">Para Cecilia \u00e9sta no es su primera obra centrada en la l\u00ednea psicol\u00f3gica y tanatol\u00f3gica, sin embargo, espera pronto recibir el apoyo de una casa editorial para su publicaci\u00f3n, y as\u00ed el mensaje llegue a m\u00e1s personas.<\/p>\n<p class=\"p3\">Entre sus aspiraciones futuras est\u00e1 cursar en el extranjero una maestr\u00eda enfocada en la creaci\u00f3n de cuentos, ayuda psicol\u00f3gica o arteterapia. Su inter\u00e9s radica en comunicar problemas sociales a partir de diferentes recursos.<\/p>\n<p class=\"p3\">Desde peque\u00f1a sab\u00eda que quer\u00eda involucrarse en el \u00e1rea de las artes y comunicarse a trav\u00e9s de la imagen, por eso el periodo de formaci\u00f3n universitaria en la UV result\u00f3 ser toda una aventura.<\/p>\n<p class=\"p3\">\u201cSiempre sobresali\u00f3 en m\u00ed el inter\u00e9s de desarrollar proyectos e ideas pensando en un p\u00fablico infantil, ahora los utilizo como recursos para ense\u00f1ar y crear mejor contenido did\u00e1ctico y educativo para ni\u00f1os, no como un <i>hobby<\/i> sino como algo que aporta a la formaci\u00f3n de este sector.\u201d<\/p>\n<p>&nbsp;<\/p>\n","protected":false},"excerpt":{"rendered":"<p>\u201cEstoy contenta y agradecida, es un gran orgullo saber que con mi trabajo puedo ayudar y generar un impacto positivo en las personas, adem\u00e1s de demostrarme que puedo alcanzar mis propias metas y objetivos\u201d, expres\u00f3 Cecilia Gabriela S\u00e1nchez<\/p>\n","protected":false},"author":1775,"featured_media":124912,"comment_status":"closed","ping_status":"closed","sticky":false,"template":"","format":"standard","meta":[],"categories":[11,47,1,61],"tags":[5541,9101,9560,4163,9561,360,1476,9562,777,6462,721,2459],"_links":{"self":[{"href":"https:\/\/www.uv.mx\/prensa\/wp-json\/wp\/v2\/posts\/124909"}],"collection":[{"href":"https:\/\/www.uv.mx\/prensa\/wp-json\/wp\/v2\/posts"}],"about":[{"href":"https:\/\/www.uv.mx\/prensa\/wp-json\/wp\/v2\/types\/post"}],"author":[{"embeddable":true,"href":"https:\/\/www.uv.mx\/prensa\/wp-json\/wp\/v2\/users\/1775"}],"replies":[{"embeddable":true,"href":"https:\/\/www.uv.mx\/prensa\/wp-json\/wp\/v2\/comments?post=124909"}],"version-history":[{"count":1,"href":"https:\/\/www.uv.mx\/prensa\/wp-json\/wp\/v2\/posts\/124909\/revisions"}],"predecessor-version":[{"id":125314,"href":"https:\/\/www.uv.mx\/prensa\/wp-json\/wp\/v2\/posts\/124909\/revisions\/125314"}],"wp:featuredmedia":[{"embeddable":true,"href":"https:\/\/www.uv.mx\/prensa\/wp-json\/wp\/v2\/media\/124912"}],"wp:attachment":[{"href":"https:\/\/www.uv.mx\/prensa\/wp-json\/wp\/v2\/media?parent=124909"}],"wp:term":[{"taxonomy":"category","embeddable":true,"href":"https:\/\/www.uv.mx\/prensa\/wp-json\/wp\/v2\/categories?post=124909"},{"taxonomy":"post_tag","embeddable":true,"href":"https:\/\/www.uv.mx\/prensa\/wp-json\/wp\/v2\/tags?post=124909"}],"curies":[{"name":"wp","href":"https:\/\/api.w.org\/{rel}","templated":true}]}}