{"id":125012,"date":"2022-12-02T16:15:07","date_gmt":"2022-12-02T22:15:07","guid":{"rendered":"https:\/\/www.uv.mx\/prensa\/?p=125012"},"modified":"2022-12-07T18:03:01","modified_gmt":"2022-12-08T00:03:01","slug":"uv-y-cfe-generacion-vi-firmaron-un-par-de-convenios-de-colaboracion","status":"publish","type":"post","link":"https:\/\/www.uv.mx\/prensa\/general\/uv-y-cfe-generacion-vi-firmaron-un-par-de-convenios-de-colaboracion\/","title":{"rendered":"UV y CFE-Generaci\u00f3n VI firmaron un par de convenios de colaboraci\u00f3n\u00a0"},"content":{"rendered":"<ul>\n<li data-leveltext=\"\uf0b7\" data-font=\"Symbol\" data-listid=\"6\" data-list-defn-props=\"{&quot;335552541&quot;:1,&quot;335559684&quot;:-2,&quot;335559685&quot;:720,&quot;335559991&quot;:360,&quot;469769226&quot;:&quot;Symbol&quot;,&quot;469769242&quot;:[8226],&quot;469777803&quot;:&quot;left&quot;,&quot;469777804&quot;:&quot;\uf0b7&quot;,&quot;469777815&quot;:&quot;hybridMultilevel&quot;}\" data-aria-posinset=\"1\" data-aria-level=\"1\"><i><span data-contrast=\"auto\">El primero es de car\u00e1cter general y tiene por objetivo delinear los marcos conceptuales, acad\u00e9micos, institucionales y temporales en los que habr\u00e1 de darse la cooperaci\u00f3n<\/span><\/i><span data-ccp-props=\"{}\">\u00a0<\/span><\/li>\n<li data-leveltext=\"\uf0b7\" data-font=\"Symbol\" data-listid=\"6\" data-list-defn-props=\"{&quot;335552541&quot;:1,&quot;335559684&quot;:-2,&quot;335559685&quot;:720,&quot;335559991&quot;:360,&quot;469769226&quot;:&quot;Symbol&quot;,&quot;469769242&quot;:[8226],&quot;469777803&quot;:&quot;left&quot;,&quot;469777804&quot;:&quot;\uf0b7&quot;,&quot;469777815&quot;:&quot;hybridMultilevel&quot;}\" data-aria-posinset=\"2\" data-aria-level=\"1\"><i><span data-contrast=\"auto\">El segundo, impulsa la capacitaci\u00f3n de estudiantes mujeres para incentivarlas a ocupar puestos vacantes en la empresa energ\u00e9tica<\/span><\/i><span data-ccp-props=\"{}\">\u00a0<\/span><\/li>\n<\/ul>\n<p><span data-ccp-props=\"{}\">\u00a0<\/span><\/p>\n<div id=\"attachment_125005\" style=\"width: 732px\" class=\"wp-caption aligncenter\"><img aria-describedby=\"caption-attachment-125005\" decoding=\"async\" loading=\"lazy\" class=\"size-full wp-image-125005\" src=\"https:\/\/www.uv.mx\/prensa\/files\/2022\/12\/021222-CARLOS-Convenio-UV-CFE-1.jpg\" alt=\"\" width=\"722\" height=\"482\" srcset=\"https:\/\/www.uv.mx\/prensa\/files\/2022\/12\/021222-CARLOS-Convenio-UV-CFE-1.jpg 722w, https:\/\/www.uv.mx\/prensa\/files\/2022\/12\/021222-CARLOS-Convenio-UV-CFE-1-300x200.jpg 300w\" sizes=\"(max-width: 722px) 100vw, 722px\" \/><p id=\"caption-attachment-125005\" class=\"wp-caption-text\">Los convenios fueron firmados por el rector Mart\u00edn Aguilar y Agust\u00edn Idelfonso Herrera, director general de CFE-Generaci\u00f3n VI<\/p><\/div>\n<p><span data-ccp-props=\"{}\">\u00a0<\/span><\/p>\n<p><b><i><span data-contrast=\"auto\">Carlos Hugo Hermida Rosales<\/span><\/i><\/b><span data-ccp-props=\"{}\">\u00a0<\/span><\/p>\n<p><b><i><span data-contrast=\"auto\">Fotos: C\u00e9sar Pisil Ramos<\/span><\/i><\/b><span data-ccp-props=\"{}\">\u00a0<\/span><\/p>\n<p><b><i><span data-contrast=\"auto\">02\/12\/2022, Xalapa, Ver<\/span><\/i><\/b><span data-contrast=\"auto\">. La <a href=\"https:\/\/www.uv.mx\/\" target=\"_blank\" rel=\"noopener\">Universidad Veracruzana<\/a> (UV) y CFE-Generaci\u00f3n VI, subsidiaria de la Comisi\u00f3n Federal de Electricidad (CFE), firmaron un convenio de colaboraci\u00f3n general y otro especifico, cuyo objetivo es establecer bases de cooperaci\u00f3n e impulsar la capacitaci\u00f3n de estudiantes mujeres para incentivarlas a ocupar puestos vacantes en la empresa energ\u00e9tica.<\/span><span data-ccp-props=\"{}\">\u00a0<\/span><\/p>\n<p><span data-contrast=\"auto\">La firma la realizaron en la Sala de Juntas de la Rector\u00eda; por parte de la m\u00e1xima casa de estudios estatal, el rector Mart\u00edn Aguilar S\u00e1nchez, y por la CFE-Generaci\u00f3n VI, Agust\u00edn Idelfonso Herrera Siller, director general.<\/span><span data-ccp-props=\"{&quot;335559731&quot;:708}\">\u00a0<\/span><\/p>\n<p><span data-contrast=\"auto\">Mart\u00edn Aguilar afirm\u00f3 que en M\u00e9xico el sector energ\u00e9tico ha sido un foco de desarrollo propiciador de transformaciones profundas en el circuito productivo, y pieza fundamental en creaci\u00f3n y reparto de riqueza.<\/span><span data-ccp-props=\"{&quot;335559731&quot;:708}\">\u00a0<\/span><\/p>\n<p>&nbsp;<\/p>\n<div id=\"attachment_125004\" style=\"width: 732px\" class=\"wp-caption aligncenter\"><img aria-describedby=\"caption-attachment-125004\" decoding=\"async\" loading=\"lazy\" class=\"size-full wp-image-125004\" src=\"https:\/\/www.uv.mx\/prensa\/files\/2022\/12\/021222-CARLOS-Convenio-UV-CFE-2.jpg\" alt=\"\" width=\"722\" height=\"482\" srcset=\"https:\/\/www.uv.mx\/prensa\/files\/2022\/12\/021222-CARLOS-Convenio-UV-CFE-2.jpg 722w, https:\/\/www.uv.mx\/prensa\/files\/2022\/12\/021222-CARLOS-Convenio-UV-CFE-2-300x200.jpg 300w\" sizes=\"(max-width: 722px) 100vw, 722px\" \/><p id=\"caption-attachment-125004\" class=\"wp-caption-text\">El Rector declar\u00f3 que en la UV se celebra con mucho entusiasmo la puesta en marcha de ambos convenios<\/p><\/div>\n<p>&nbsp;<\/p>\n<p><span data-contrast=\"auto\">\u201cEn esta historia la CFE ha tenido un papel decisivo, logrando diseminar sus efectos en todas las esferas del quehacer nacional, lo que la convierte en una instituci\u00f3n estrat\u00e9gica y motor de acci\u00f3n econ\u00f3mica y social\u201d, coment\u00f3.<\/span><span data-ccp-props=\"{&quot;335559731&quot;:708}\">\u00a0<\/span><\/p>\n<p><span data-contrast=\"auto\">Asegur\u00f3 que la firma de los convenios permitir\u00e1 continuar procesos de conocimiento, b\u00fasqueda y experimentaci\u00f3n energ\u00e9ticos que est\u00e1n en marcha en la UV, y ofrecer\u00e1 a los estudiantes de las ingenier\u00edas un espacio para realizar servicio social y pr\u00e1cticas profesionales, y vincularse con una potencial inserci\u00f3n laboral.<\/span><span data-ccp-props=\"{&quot;335559731&quot;:708}\">\u00a0<\/span><\/p>\n<p><span data-contrast=\"auto\">Puntualiz\u00f3 que el primer convenio es de car\u00e1cter general y tiene por objetivo delinear los marcos conceptuales, acad\u00e9micos, institucionales y temporales en los que habr\u00e1 de darse la colaboraci\u00f3n.<\/span><\/p>\n<p>&nbsp;<\/p>\n<div id=\"attachment_125003\" style=\"width: 732px\" class=\"wp-caption aligncenter\"><img aria-describedby=\"caption-attachment-125003\" decoding=\"async\" loading=\"lazy\" class=\"size-full wp-image-125003\" src=\"https:\/\/www.uv.mx\/prensa\/files\/2022\/12\/021222-CARLOS-Convenio-UV-CFE-3.jpg\" alt=\"\" width=\"722\" height=\"482\" srcset=\"https:\/\/www.uv.mx\/prensa\/files\/2022\/12\/021222-CARLOS-Convenio-UV-CFE-3.jpg 722w, https:\/\/www.uv.mx\/prensa\/files\/2022\/12\/021222-CARLOS-Convenio-UV-CFE-3-300x200.jpg 300w\" sizes=\"(max-width: 722px) 100vw, 722px\" \/><p id=\"caption-attachment-125003\" class=\"wp-caption-text\">Herrera Siller destac\u00f3 que CFE-Generaci\u00f3n VI desarrolla cuatro proyectos en el estado de Veracruz<\/p><\/div>\n<p><span data-ccp-props=\"{&quot;335559731&quot;:708}\">\u00a0<\/span><\/p>\n<p><span data-contrast=\"auto\">Mientras que el segundo gira en torno a las cuestiones de g\u00e9nero, el conocimiento producido por mujeres, y la serie de olvidos y rechazos por los cuales se han desarrollado lo masculino y lo femenino.<\/span><span data-ccp-props=\"{&quot;335559731&quot;:708}\">\u00a0<\/span><\/p>\n<p><span data-contrast=\"auto\">Declar\u00f3 que en la UV se celebra con mucho entusiasmo la puesta en marcha de ambos convenios y se espera que gradualmente se abran paso y dibujen contornos de amplia interlocuci\u00f3n.<\/span><span data-ccp-props=\"{&quot;335559731&quot;:708}\">\u00a0<\/span><\/p>\n<p><span data-contrast=\"auto\">\u201cInvitamos a toda la comunidad universitaria, sobre todo a las estudiantes mujeres, a conocerlos y utilizarlos como un recurso que a\u00f1ade valor a su educaci\u00f3n\u201d, manifest\u00f3.<\/span><span data-ccp-props=\"{&quot;335559731&quot;:708}\">\u00a0<\/span><\/p>\n<p>&nbsp;<\/p>\n<div id=\"attachment_125002\" style=\"width: 732px\" class=\"wp-caption aligncenter\"><img aria-describedby=\"caption-attachment-125002\" decoding=\"async\" loading=\"lazy\" class=\"size-full wp-image-125002\" src=\"https:\/\/www.uv.mx\/prensa\/files\/2022\/12\/021222-CARLOS-Convenio-UV-CFE-4.jpg\" alt=\"\" width=\"722\" height=\"482\" srcset=\"https:\/\/www.uv.mx\/prensa\/files\/2022\/12\/021222-CARLOS-Convenio-UV-CFE-4.jpg 722w, https:\/\/www.uv.mx\/prensa\/files\/2022\/12\/021222-CARLOS-Convenio-UV-CFE-4-300x200.jpg 300w\" sizes=\"(max-width: 722px) 100vw, 722px\" \/><p id=\"caption-attachment-125002\" class=\"wp-caption-text\">Anabel Ojeda dijo que el convenio espec\u00edfico implica un esfuerzo vanguardista para la inclusi\u00f3n femenina en disciplinas hist\u00f3ricamente masculinizadas<\/p><\/div>\n<p>&nbsp;<\/p>\n<p><span data-contrast=\"auto\">Por su parte, Herrera Siller destac\u00f3 que CFE-Generaci\u00f3n VI tiene representatividad en ocho estados del pa\u00eds con 13 proyectos en desarrollo, la mayor\u00eda centrados en la aplicaci\u00f3n de tecnolog\u00eda limpia y renovable.<\/span><span data-ccp-props=\"{&quot;335559731&quot;:708}\">\u00a0<\/span><\/p>\n<p><span data-contrast=\"auto\">\u201cCuatro de estos proyectos se llevan a cabo en Veracruz, por lo que existe la necesidad urgente de incorporar a las mujeres en este tipo de actividades de ingenier\u00eda\u201d, enfatiz\u00f3.<\/span><span data-ccp-props=\"{&quot;335559731&quot;:708}\">\u00a0<\/span><\/p>\n<p><span data-contrast=\"auto\">Anabel Ojeda Guti\u00e9rrez, coordinadora de la Unidad de G\u00e9nero de la UV, enunci\u00f3 que el convenio espec\u00edfico implica un esfuerzo vanguardista para la inclusi\u00f3n femenina en disciplinas hist\u00f3ricamente masculinizadas; asimismo, incentiva a que estudiantes mujeres de la UV puedan prestar su servicio social, desarrollar pr\u00e1cticas profesionales u ocupar puestos en \u00e1reas afines a sus carreras dentro de CFE-Generaci\u00f3n VI, lo que representa un gran avance en la lucha contra los estereotipos y roles de g\u00e9nero.<\/span><span data-ccp-props=\"{&quot;335559731&quot;:708}\">\u00a0<\/span><\/p>\n<p>&nbsp;<\/p>\n<div id=\"attachment_125001\" style=\"width: 732px\" class=\"wp-caption aligncenter\"><img aria-describedby=\"caption-attachment-125001\" decoding=\"async\" loading=\"lazy\" class=\"size-full wp-image-125001\" src=\"https:\/\/www.uv.mx\/prensa\/files\/2022\/12\/021222-CARLOS-Convenio-UV-CFE-5.jpg\" alt=\"\" width=\"722\" height=\"482\" srcset=\"https:\/\/www.uv.mx\/prensa\/files\/2022\/12\/021222-CARLOS-Convenio-UV-CFE-5.jpg 722w, https:\/\/www.uv.mx\/prensa\/files\/2022\/12\/021222-CARLOS-Convenio-UV-CFE-5-300x200.jpg 300w\" sizes=\"(max-width: 722px) 100vw, 722px\" \/><p id=\"caption-attachment-125001\" class=\"wp-caption-text\">Nimbe Daphne Dur\u00e1n explic\u00f3 que la esencia del segundo convenio es abrirle las puertas de CFE-Generaci\u00f3n VI a estudiantes mujeres de la UV<\/p><\/div>\n<p>&nbsp;<\/p>\n<p><span data-contrast=\"auto\">Nimbe Daphne Dur\u00e1n T\u00e9llez, titular de la Unidad de G\u00e9nero de CFE-Generaci\u00f3n VI, explic\u00f3 que la esencia del segundo convenio es abrirle las puertas de esta empresa a alumnas de la UV para revertir desigualdades hist\u00f3ricas y estructurales, y atacar las causas que inciden en que la industria el\u00e9ctrica est\u00e9 compuesta mayormente por hombres.<\/span><span data-ccp-props=\"{&quot;335559731&quot;:708}\">\u00a0<\/span><\/p>\n<p><span data-contrast=\"auto\">En la firma de los convenios tambi\u00e9n estuvieron: Juan Ortiz Escamilla, secretario Acad\u00e9mico; Marisol Luna Leal, Abogada General; Juan Carlos Ortega Guerrero, director general de Administraci\u00f3n Escolar; Seraf\u00edn Flores de la Cruz, director general de Vinculaci\u00f3n; Natalia Falf\u00e1n Trujillo, responsable del \u00c1rea de Asuntos Jur\u00eddicos de la Coordinaci\u00f3n de la Unidad de Genero, y directivos de CFE-Generaci\u00f3n VI.<\/span><\/p>\n<p>&nbsp;<\/p>\n<div id=\"attachment_125000\" style=\"width: 732px\" class=\"wp-caption aligncenter\"><img aria-describedby=\"caption-attachment-125000\" decoding=\"async\" loading=\"lazy\" class=\"size-full wp-image-125000\" src=\"https:\/\/www.uv.mx\/prensa\/files\/2022\/12\/021222-CARLOS-Convenio-UV-CFE-6.jpg\" alt=\"\" width=\"722\" height=\"482\" srcset=\"https:\/\/www.uv.mx\/prensa\/files\/2022\/12\/021222-CARLOS-Convenio-UV-CFE-6.jpg 722w, https:\/\/www.uv.mx\/prensa\/files\/2022\/12\/021222-CARLOS-Convenio-UV-CFE-6-300x200.jpg 300w\" sizes=\"(max-width: 722px) 100vw, 722px\" \/><p id=\"caption-attachment-125000\" class=\"wp-caption-text\">En la firma de convenios estuvieron presentes directivos y autoridades de ambas instituciones<\/p><\/div>\n","protected":false},"excerpt":{"rendered":"<p>La firma la realizaron el rector Mart\u00edn Aguilar S\u00e1nchez y Agust\u00edn Idelfonso Herrera Siller, director general de la empresa energ\u00e9tica subsidiaria de la paraestatal\u00a0<\/p>\n","protected":false},"author":1869,"featured_media":125006,"comment_status":"closed","ping_status":"closed","sticky":false,"template":"","format":"standard","meta":[],"categories":[47,1,61],"tags":[271,9579],"_links":{"self":[{"href":"https:\/\/www.uv.mx\/prensa\/wp-json\/wp\/v2\/posts\/125012"}],"collection":[{"href":"https:\/\/www.uv.mx\/prensa\/wp-json\/wp\/v2\/posts"}],"about":[{"href":"https:\/\/www.uv.mx\/prensa\/wp-json\/wp\/v2\/types\/post"}],"author":[{"embeddable":true,"href":"https:\/\/www.uv.mx\/prensa\/wp-json\/wp\/v2\/users\/1869"}],"replies":[{"embeddable":true,"href":"https:\/\/www.uv.mx\/prensa\/wp-json\/wp\/v2\/comments?post=125012"}],"version-history":[{"count":1,"href":"https:\/\/www.uv.mx\/prensa\/wp-json\/wp\/v2\/posts\/125012\/revisions"}],"predecessor-version":[{"id":125131,"href":"https:\/\/www.uv.mx\/prensa\/wp-json\/wp\/v2\/posts\/125012\/revisions\/125131"}],"wp:featuredmedia":[{"embeddable":true,"href":"https:\/\/www.uv.mx\/prensa\/wp-json\/wp\/v2\/media\/125006"}],"wp:attachment":[{"href":"https:\/\/www.uv.mx\/prensa\/wp-json\/wp\/v2\/media?parent=125012"}],"wp:term":[{"taxonomy":"category","embeddable":true,"href":"https:\/\/www.uv.mx\/prensa\/wp-json\/wp\/v2\/categories?post=125012"},{"taxonomy":"post_tag","embeddable":true,"href":"https:\/\/www.uv.mx\/prensa\/wp-json\/wp\/v2\/tags?post=125012"}],"curies":[{"name":"wp","href":"https:\/\/api.w.org\/{rel}","templated":true}]}}