{"id":125016,"date":"2022-12-02T16:08:59","date_gmt":"2022-12-02T22:08:59","guid":{"rendered":"https:\/\/www.uv.mx\/prensa\/?p=125016"},"modified":"2022-12-06T13:10:36","modified_gmt":"2022-12-06T19:10:36","slug":"culmino-ciclo-de-conferencias-organizado-por-la-junta-de-gobierno-uv","status":"publish","type":"post","link":"https:\/\/www.uv.mx\/prensa\/general\/culmino-ciclo-de-conferencias-organizado-por-la-junta-de-gobierno-uv\/","title":{"rendered":"Culmin\u00f3 ciclo de conferencias organizado por la Junta de Gobierno UV"},"content":{"rendered":"<ul style=\"font-weight: 400\">\n<li data-leveltext=\"\uf0b7\" data-font=\"Symbol\" data-listid=\"1\" data-list-defn-props=\"{&quot;335551671&quot;:0,&quot;335552541&quot;:1,&quot;335559684&quot;:-2,&quot;335559685&quot;:720,&quot;335559991&quot;:360,&quot;469769226&quot;:&quot;Symbol&quot;,&quot;469769242&quot;:[8226],&quot;469777803&quot;:&quot;left&quot;,&quot;469777804&quot;:&quot;\uf0b7&quot;,&quot;469777815&quot;:&quot;hybridMultilevel&quot;}\" data-aria-posinset=\"0\" data-aria-level=\"1\"><i><span data-contrast=\"auto\">El investigador Ricardo Corzo Ram\u00edrez disert\u00f3 sobre la importancia de la transparencia en las IES para una mayor legitimidad dentro de sus comunidades<\/span><\/i><span data-ccp-props=\"{&quot;134233117&quot;:false,&quot;134233118&quot;:false,&quot;201341983&quot;:0,&quot;335559738&quot;:0,&quot;335559739&quot;:0,&quot;335559740&quot;:240}\">\u00a0<\/span><\/li>\n<li data-leveltext=\"\uf0b7\" data-font=\"Symbol\" data-listid=\"1\" data-list-defn-props=\"{&quot;335551671&quot;:0,&quot;335552541&quot;:1,&quot;335559684&quot;:-2,&quot;335559685&quot;:720,&quot;335559991&quot;:360,&quot;469769226&quot;:&quot;Symbol&quot;,&quot;469769242&quot;:[8226],&quot;469777803&quot;:&quot;left&quot;,&quot;469777804&quot;:&quot;\uf0b7&quot;,&quot;469777815&quot;:&quot;hybridMultilevel&quot;}\" data-aria-posinset=\"0\" data-aria-level=\"1\"><i><span data-contrast=\"auto\">Las decisiones al interior de las IES deben responder a sus necesidades y posibilidades, apunt\u00f3 el acad\u00e9mico<\/span><\/i><\/li>\n<\/ul>\n<div id=\"attachment_125014\" style=\"width: 732px\" class=\"wp-caption aligncenter\"><img aria-describedby=\"caption-attachment-125014\" decoding=\"async\" loading=\"lazy\" class=\"size-full wp-image-125014\" src=\"https:\/\/www.uv.mx\/prensa\/files\/2022\/12\/02122022-Couttolenc-Conferencia-Corzo-1.jpg\" alt=\"\" width=\"722\" height=\"486\" srcset=\"https:\/\/www.uv.mx\/prensa\/files\/2022\/12\/02122022-Couttolenc-Conferencia-Corzo-1.jpg 722w, https:\/\/www.uv.mx\/prensa\/files\/2022\/12\/02122022-Couttolenc-Conferencia-Corzo-1-300x202.jpg 300w\" sizes=\"(max-width: 722px) 100vw, 722px\" \/><p id=\"caption-attachment-125014\" class=\"wp-caption-text\">En la toma de decisi\u00f3n tienen corresponsabilidad quien la asume como quien la acata, dijo Ricardo Corzo Ram\u00edrez<\/p><\/div>\n<p>&nbsp;<\/p>\n<p><b><i><span data-contrast=\"auto\">Jos\u00e9 Luis Couttolenc Soto<\/span><\/i><\/b><span data-ccp-props=\"{&quot;134233117&quot;:false,&quot;134233118&quot;:false,&quot;201341983&quot;:0,&quot;335559738&quot;:0,&quot;335559739&quot;:0,&quot;335559740&quot;:240}\">\u00a0<\/span><\/p>\n<p><b><i><span data-contrast=\"auto\">Fotos: Omar Portilla Palacios<\/span><\/i><\/b><span data-ccp-props=\"{&quot;134233117&quot;:false,&quot;134233118&quot;:false,&quot;201341983&quot;:0,&quot;335559738&quot;:0,&quot;335559739&quot;:0,&quot;335559740&quot;:240}\">\u00a0<\/span><\/p>\n<p><span data-ccp-props=\"{&quot;134233117&quot;:false,&quot;134233118&quot;:false,&quot;201341983&quot;:0,&quot;335559738&quot;:0,&quot;335559739&quot;:0,&quot;335559740&quot;:240}\">\u00a0<\/span><\/p>\n<p><b><i><span data-contrast=\"auto\">02\/12\/2022, Xalapa, Ver.- <\/span><\/i><\/b><span data-contrast=\"auto\">La <a href=\"https:\/\/www.uv.mx\/\" target=\"_blank\" rel=\"noopener\">Universidad Veracruzana<\/a> (UV) cumple con responsabilidad las decisiones que asume, afirm\u00f3 Ricardo Corzo Ram\u00edrez, investigador adscrito al Instituto de Investigaciones Hist\u00f3rico-Sociales (IIH-S), quien ofreci\u00f3 la charla \u201cLos viejos retos y las nuevas tensiones en los procesos de toma de decisi\u00f3n\u201d.<\/span><span data-ccp-props=\"{&quot;134233117&quot;:false,&quot;134233118&quot;:false,&quot;201341983&quot;:0,&quot;335559738&quot;:0,&quot;335559739&quot;:0,&quot;335559740&quot;:240}\">\u00a0<\/span><\/p>\n<p><span data-contrast=\"auto\">Con la participaci\u00f3n del reconocido polit\u00f3logo, historiador y soci\u00f3logo, la Junta de Gobierno (JG) de la UV cerr\u00f3 el ciclo de conferencias \u2013que inici\u00f3 en septiembre\u2013 con el que celebr\u00f3 el 25 aniversario de su instauraci\u00f3n y el 26 aniversario de la Autonom\u00eda Universitaria, as\u00ed lo dio a conocer Leticia Mora Perdomo, presidenta del organismo.<\/span><span data-ccp-props=\"{&quot;134233117&quot;:false,&quot;134233118&quot;:false,&quot;201341983&quot;:0,&quot;335559738&quot;:0,&quot;335559739&quot;:0,&quot;335559740&quot;:240}\">\u00a0<\/span><\/p>\n<p>&nbsp;<\/p>\n<div id=\"attachment_125013\" style=\"width: 732px\" class=\"wp-caption aligncenter\"><img aria-describedby=\"caption-attachment-125013\" decoding=\"async\" loading=\"lazy\" class=\"size-full wp-image-125013\" src=\"https:\/\/www.uv.mx\/prensa\/files\/2022\/12\/02122022-Couttolenc-Conferencia-Corzo-2.jpg\" alt=\"\" width=\"722\" height=\"480\" srcset=\"https:\/\/www.uv.mx\/prensa\/files\/2022\/12\/02122022-Couttolenc-Conferencia-Corzo-2.jpg 722w, https:\/\/www.uv.mx\/prensa\/files\/2022\/12\/02122022-Couttolenc-Conferencia-Corzo-2-300x199.jpg 300w\" sizes=\"(max-width: 722px) 100vw, 722px\" \/><p id=\"caption-attachment-125013\" class=\"wp-caption-text\">Leticia Mora Perdomo, presidenta de la Junta de Gobierno de la UV<\/p><\/div>\n<p>&nbsp;<\/p>\n<p><span data-contrast=\"auto\">Corzo Ram\u00edrez expres\u00f3 que en la toma de decisiones tiene corresponsabilidad tanto quien las asume como quien las acata, adem\u00e1s puntualiz\u00f3 que en las instituciones de educaci\u00f3n superior (IES) se requiere de mayor transparencia, a efecto de que sus acciones tengan m\u00e1s legitimidad en sus respectivas comunidades.<\/span><span data-ccp-props=\"{&quot;134233117&quot;:false,&quot;134233118&quot;:false,&quot;201341983&quot;:0,&quot;335559738&quot;:0,&quot;335559739&quot;:0,&quot;335559740&quot;:240}\">\u00a0<\/span><\/p>\n<p><span data-contrast=\"auto\">Refiri\u00f3 que las decisiones dentro de las IES deben responder a las necesidades y posibilidades circunstanciales, buscando dar respuesta en d\u00f3nde y para qu\u00e9, principalmente si se trata de cargos acad\u00e9micos o administrativos, que necesariamente requieren de un diagn\u00f3stico muy preciso.<\/span><span data-ccp-props=\"{&quot;134233117&quot;:false,&quot;134233118&quot;:false,&quot;201341983&quot;:0,&quot;335559738&quot;:0,&quot;335559739&quot;:0,&quot;335559740&quot;:240}\">\u00a0<\/span><\/p>\n<p><span data-contrast=\"auto\">Para cumplir con lo anterior, especific\u00f3 que en quien vaya a recaer la designaci\u00f3n deber\u00e1 contar con el perfil adecuado, \u201cporque siempre hay un inter\u00e9s dentro de la colectividad por participar en la vida colegiada o administrativa con un cargo como funcionario\u201d.<\/span><span data-ccp-props=\"{&quot;134233117&quot;:false,&quot;134233118&quot;:false,&quot;201341983&quot;:0,&quot;335559738&quot;:0,&quot;335559739&quot;:0,&quot;335559740&quot;:240}\">\u00a0<\/span><\/p>\n<p><span data-contrast=\"auto\">Corzo Ram\u00edrez, quien fue integrante de la Junta de Gobierno de 2013 a 2018, dijo que se viven tiempos que requieren cambios de sistemas y estructuras, as\u00ed como de mejorar la participaci\u00f3n colegiada colectiva, y de asumir responsabilidades.<\/span><span data-ccp-props=\"{&quot;134233117&quot;:false,&quot;134233118&quot;:false,&quot;201341983&quot;:0,&quot;335559738&quot;:0,&quot;335559739&quot;:0,&quot;335559740&quot;:240}\">\u00a0<\/span><\/p>\n<p><span data-contrast=\"auto\">\u201cEs oportuno reflexionar sobre las decisiones que se est\u00e1n tomando y dejar que la autoridad mande obedeciendo y, a su vez, obedezca mandando\u201d, concluy\u00f3.<\/span><span data-ccp-props=\"{&quot;134233117&quot;:false,&quot;134233118&quot;:false,&quot;201341983&quot;:0,&quot;335559731&quot;:708,&quot;335559738&quot;:0,&quot;335559739&quot;:0,&quot;335559740&quot;:240}\">\u00a0<\/span><\/p>\n<p><span data-contrast=\"auto\">La pl\u00e1tica de clausura del ciclo tuvo lugar en el Sal\u00f3n Azul de la Unidad de Humanidades.<\/span><\/p>\n<div id=\"attachment_125021\" style=\"width: 732px\" class=\"wp-caption aligncenter\"><img aria-describedby=\"caption-attachment-125021\" decoding=\"async\" loading=\"lazy\" class=\"size-full wp-image-125021\" src=\"https:\/\/www.uv.mx\/prensa\/files\/2022\/12\/02122022-Couttolenc-Conferencia-Corzo-3.jpg\" alt=\"\" width=\"722\" height=\"428\" srcset=\"https:\/\/www.uv.mx\/prensa\/files\/2022\/12\/02122022-Couttolenc-Conferencia-Corzo-3.jpg 722w, https:\/\/www.uv.mx\/prensa\/files\/2022\/12\/02122022-Couttolenc-Conferencia-Corzo-3-300x178.jpg 300w\" sizes=\"(max-width: 722px) 100vw, 722px\" \/><p id=\"caption-attachment-125021\" class=\"wp-caption-text\">En el Sal\u00f3n Azul de la Unidad de Humanidades concluy\u00f3 el ciclo de conferencias por el 25 aniversario de la Junta de Gobierno<\/p><\/div>\n<p>&nbsp;<\/p>\n","protected":false},"excerpt":{"rendered":"<p>Con la participaci\u00f3n del historiador Ricardo Corzo Ram\u00edrez, en el marco de los 25 a\u00f1os de este organismo y del 26 aniversario de la Autonom\u00eda Universitaria<\/p>\n","protected":false},"author":2349,"featured_media":125015,"comment_status":"closed","ping_status":"closed","sticky":false,"template":"","format":"standard","meta":[],"categories":[1,6607,61],"tags":[591,7190,4162,8771,1678,6462,3135,8690],"_links":{"self":[{"href":"https:\/\/www.uv.mx\/prensa\/wp-json\/wp\/v2\/posts\/125016"}],"collection":[{"href":"https:\/\/www.uv.mx\/prensa\/wp-json\/wp\/v2\/posts"}],"about":[{"href":"https:\/\/www.uv.mx\/prensa\/wp-json\/wp\/v2\/types\/post"}],"author":[{"embeddable":true,"href":"https:\/\/www.uv.mx\/prensa\/wp-json\/wp\/v2\/users\/2349"}],"replies":[{"embeddable":true,"href":"https:\/\/www.uv.mx\/prensa\/wp-json\/wp\/v2\/comments?post=125016"}],"version-history":[{"count":1,"href":"https:\/\/www.uv.mx\/prensa\/wp-json\/wp\/v2\/posts\/125016\/revisions"}],"predecessor-version":[{"id":125153,"href":"https:\/\/www.uv.mx\/prensa\/wp-json\/wp\/v2\/posts\/125016\/revisions\/125153"}],"wp:featuredmedia":[{"embeddable":true,"href":"https:\/\/www.uv.mx\/prensa\/wp-json\/wp\/v2\/media\/125015"}],"wp:attachment":[{"href":"https:\/\/www.uv.mx\/prensa\/wp-json\/wp\/v2\/media?parent=125016"}],"wp:term":[{"taxonomy":"category","embeddable":true,"href":"https:\/\/www.uv.mx\/prensa\/wp-json\/wp\/v2\/categories?post=125016"},{"taxonomy":"post_tag","embeddable":true,"href":"https:\/\/www.uv.mx\/prensa\/wp-json\/wp\/v2\/tags?post=125016"}],"curies":[{"name":"wp","href":"https:\/\/api.w.org\/{rel}","templated":true}]}}