{"id":12513,"date":"2016-06-21T12:54:29","date_gmt":"2016-06-21T17:54:29","guid":{"rendered":"https:\/\/www.uv.mx\/prensa\/?p=12513"},"modified":"2016-06-21T12:54:29","modified_gmt":"2016-06-21T17:54:29","slug":"motivan-a-estudiantes-a-investigar-sobre-probabilidad-y-estadistica","status":"publish","type":"post","link":"https:\/\/www.uv.mx\/prensa\/general\/motivan-a-estudiantes-a-investigar-sobre-probabilidad-y-estadistica\/","title":{"rendered":"Motivan a estudiantes a investigar sobre probabilidad y estad\u00edstica"},"content":{"rendered":"<ul>\n<li><em>La Facultad de Matem\u00e1ticas es sede del Quinto Congreso Regional de Probabilidad y Estad\u00edstica, del 20 al 24 de junio<\/em><\/li>\n<li><em>Fue inaugurado por Rafael D\u00edaz Sobac, director general del \u00c1rea Acad\u00e9mica T\u00e9cnica<\/em><\/li>\n<\/ul>\n<p>&nbsp;<\/p>\n<div id=\"attachment_12515\" style=\"width: 732px\" class=\"wp-caption aligncenter\"><a href=\"https:\/\/www.uv.mx\/prensa\/files\/2016\/06\/Cong-1.jpg\"><img aria-describedby=\"caption-attachment-12515\" decoding=\"async\" loading=\"lazy\" class=\"size-full wp-image-12515\" src=\"https:\/\/www.uv.mx\/prensa\/files\/2016\/06\/Cong-1.jpg\" alt=\"Rafael D\u00edaz Sobac, director general del \u00c1rea Acad\u00e9mica T\u00e9cnica de la UV\" width=\"722\" height=\"482\" srcset=\"https:\/\/www.uv.mx\/prensa\/files\/2016\/06\/Cong-1.jpg 722w, https:\/\/www.uv.mx\/prensa\/files\/2016\/06\/Cong-1-300x200.jpg 300w\" sizes=\"(max-width: 722px) 100vw, 722px\" \/><\/a><p id=\"caption-attachment-12515\" class=\"wp-caption-text\">Rafael D\u00edaz Sobac, director general del \u00c1rea Acad\u00e9mica T\u00e9cnica de la UV<\/p><\/div>\n<p>&nbsp;<\/p>\n<p><strong><em>Claudia Peralta V\u00e1zquez<\/em><\/strong><\/p>\n<p>&nbsp;<\/p>\n<p><strong><em>Xalapa, Ver. 21\/06\/2016.-<\/em><\/strong><em>\u00a0<\/em>La Facultad de Matem\u00e1ticas de la Universidad Veracruzana (UV) es sede \u2013desde el 20 y hasta el 24 de junio\u2013 del Quinto Congreso Regional de Probabilidad y Estad\u00edstica, el cual se desarrolla con el prop\u00f3sito de motivar a estudiantes de licenciatura y posgrado a realizar estudios de investigaci\u00f3n en estas disciplinas.<\/p>\n<p>El evento es patrocinado por el Centro de Investigaci\u00f3n y de Estudios Avanzados (<em>Cinvestav<\/em>) del Instituto Polit\u00e9cnico Nacional (IPN), el Consejo Nacional de Ciencia y Tecnolog\u00eda (<em>Conacyt<\/em>) y el Instituto de Investigaciones en Matem\u00e1ticas Aplicadas y en Sistemas de la Universidad Nacional Aut\u00f3noma de M\u00e9xico (UNAM).<\/p>\n<p>En la inauguraci\u00f3n, llevada a cabo en el auditorio de usos m\u00faltiples de la Facultad de Instrumentaci\u00f3n Electr\u00f3nica, el director general del \u00c1rea Acad\u00e9mica T\u00e9cnica, Rafael D\u00edaz Sobac, agradeci\u00f3 el apoyo de las instancias involucradas por considerar a la Universidad Veracruzana como sede del foro.<\/p>\n<p>\u201cSi los acad\u00e9micos \u2013quienes le damos sentido a los procesos de ense\u00f1anza-aprendizaje\u2013 no nos preparamos, actualizamos e innovamos, no podemos lograr ning\u00fan cambio en la calidad de la ense\u00f1anza y de formaci\u00f3n de los estudiantes.\u201d<\/p>\n<div id=\"attachment_12516\" style=\"width: 732px\" class=\"wp-caption aligncenter\"><a href=\"https:\/\/www.uv.mx\/prensa\/files\/2016\/06\/Con-2.jpg\"><img aria-describedby=\"caption-attachment-12516\" decoding=\"async\" loading=\"lazy\" class=\"size-full wp-image-12516\" src=\"https:\/\/www.uv.mx\/prensa\/files\/2016\/06\/Con-2.jpg\" alt=\"Rafael D\u00edaz Sobac inaugur\u00f3 el Quinto Congreso Regional de Probabilidad y Estad\u00edstica\" width=\"722\" height=\"481\" srcset=\"https:\/\/www.uv.mx\/prensa\/files\/2016\/06\/Con-2.jpg 722w, https:\/\/www.uv.mx\/prensa\/files\/2016\/06\/Con-2-300x200.jpg 300w\" sizes=\"(max-width: 722px) 100vw, 722px\" \/><\/a><p id=\"caption-attachment-12516\" class=\"wp-caption-text\">Rafael D\u00edaz Sobac inaugur\u00f3 el Quinto Congreso Regional de Probabilidad y Estad\u00edstica<\/p><\/div>\n<p>Exigir a los estudiantes de licenciatura y posgrado que sean mejores y estudien, no tiene sentido si no se ense\u00f1a con el ejemplo, reiter\u00f3. Por ello, las ganas de confrontar ideas es posible y sobre todo entre universidades hermanas, dijo el funcionario de la UV.<\/p>\n<p>En presencia de Raquiel L\u00f3pez Mart\u00ednez, director de la Facultad de Matem\u00e1ticas, confi\u00f3 en que estos d\u00edas se genere el intercambio de opiniones, discusiones, cuestionamientos y debates, ya que es la \u00fanica forma de aprender.<\/p>\n<p>Por su parte, Jorge Alberto Le\u00f3n V\u00e1zquez, profesor del <em>Cinvestav<\/em>, precis\u00f3 que en M\u00e9xico \u00fanicamente hay alrededor de 20 doctores activos en probabilidad y con reconocimiento internacional.<\/p>\n<p>Por esta raz\u00f3n, es prioritario atraer a estudiantes en la formaci\u00f3n de esta disciplina, as\u00ed como promover las \u00e1reas de matem\u00e1ticas y mostrar algunas de sus aplicaciones en la actividad humana.<\/p>\n<p>Uno de los problemas existentes, agreg\u00f3, es que muchas universidades no apoyan la divulgaci\u00f3n cient\u00edfica, lo cual hace dif\u00edcil la organizaci\u00f3n de eventos como \u00e9ste.<\/p>\n<p>Las matem\u00e1ticas son de gran importancia en el mundo real para poder modelar diversas situaciones, fen\u00f3menos o problemas que provienen de las ciencias de la naturaleza, ciencias sociales o de las ciencias de la ingenier\u00eda.<\/p>\n<p>Detall\u00f3 que la modelaci\u00f3n matem\u00e1tica es un \u00e1rea multidisciplinaria y de creciente importancia en M\u00e9xico.<\/p>\n<p>\u201cMuchos fen\u00f3menos o eventos suelen ser aleatorios, es decir, no es posible precisar la ocurrencia o no de cierto evento\u201d, es entonces cuando la probabilidad y la estad\u00edstica nos dan las herramientas necesarias para modelar y analizar estos fen\u00f3menos, dijo.<\/p>\n<p>Algunos ejemplos de ello son: el comportamiento de los mercados financieros, fen\u00f3menos f\u00edsicos y biol\u00f3gicos, problemas de ingenier\u00eda, contaminaci\u00f3n atmosf\u00e9rica, mecanismo de la b\u00fasqueda de <em>Google<\/em>, tr\u00e1fico urbano, entre otros.<\/p>\n<p>Inform\u00f3 que este mismo congreso ha sido realizado en a\u00f1os anteriores en los estados de Aguascalientes, Tabasco, Puebla, y en la Universidad Nacional Aut\u00f3noma de M\u00e9xico (UNAM).<\/p>\n<p>En cada uno de estos foros es costumbre becar a 10 estudiantes de diversas universidades del pa\u00eds. En esta ocasi\u00f3n participan alumnos de instituciones educativas de Yucat\u00e1n, Guerrero, Ciudad de M\u00e9xico y la UV.<\/p>\n<p>El foro consta de 10 conferencias de divulgaci\u00f3n que ser\u00e1n impartidas por especialistas, as\u00ed como dos cursos sobre t\u00f3picos de actualidad.<\/p>\n<p>Al t\u00e9rmino, se publicar\u00e1n memorias del Congreso Regional de Probabilidad y Estad\u00edstica en Aportaciones Matem\u00e1ticas, Serie Comunicaciones, de la Sociedad Matem\u00e1tica Mexicana, las cuales contendr\u00e1n notas de los cursos impartidos y art\u00edculos de divulgaci\u00f3n.<\/p>\n<p>En la inauguraci\u00f3n estuvieron presentes: Jos\u00e9 Mar\u00eda Gonz\u00e1lez Barrios, del Instituto de Investigaciones en Matem\u00e1ticas Aplicadas y en Sistemas (IIMAS) de la UNAM, y el director de la Facultad de Instrumentaci\u00f3n Electr\u00f3nica de la UV, Domitilo Pereyra D\u00edaz.<\/p>\n<p>El programa de actividades del foro puede consultarse en: \/<a href=\"https:\/\/www.uv.mx\/matematicas\/files\/2016\/06\/5crpe-23may16.pdf\">www.uv.mx\/matematicas\/files\/2016\/06\/5crpe-23may16.pdf<\/a>.<\/p>\n<div id=\"attachment_12517\" style=\"width: 732px\" class=\"wp-caption aligncenter\"><a href=\"https:\/\/www.uv.mx\/prensa\/files\/2016\/06\/3.jpg\"><img aria-describedby=\"caption-attachment-12517\" decoding=\"async\" loading=\"lazy\" class=\"size-full wp-image-12517\" src=\"https:\/\/www.uv.mx\/prensa\/files\/2016\/06\/3.jpg\" alt=\"Rafael D\u00edaz Sobac inaugur\u00f3 el Quinto Congreso Regional de Probabilidad y Estad\u00edstica \" width=\"722\" height=\"481\" \/><\/a><p id=\"caption-attachment-12517\" class=\"wp-caption-text\">Rafael D\u00edaz Sobac inaugur\u00f3 el Quinto Congreso Regional de Probabilidad y Estad\u00edstica<\/p><\/div>\n","protected":false},"excerpt":{"rendered":"<p><strong><em>Claudia Peralta.-<\/em><\/strong>La Facultad de Matem\u00e1ticas de la Universidad Veracruzana (UV) es sede \u2013desde el 20 y hasta el 24 de junio\u2013 del Quinto Congreso Regional de Probabilidad y Estad\u00edstica, el cual se desarrolla con el prop\u00f3sito de motivar a estudiantes de licenciatura y posgrado a realizar estudios de investigaci\u00f3n en estas disciplinas.<\/p>\n","protected":false},"author":1810,"featured_media":12514,"comment_status":"closed","ping_status":"closed","sticky":false,"template":"","format":"standard","meta":[],"categories":[1],"tags":[3],"_links":{"self":[{"href":"https:\/\/www.uv.mx\/prensa\/wp-json\/wp\/v2\/posts\/12513"}],"collection":[{"href":"https:\/\/www.uv.mx\/prensa\/wp-json\/wp\/v2\/posts"}],"about":[{"href":"https:\/\/www.uv.mx\/prensa\/wp-json\/wp\/v2\/types\/post"}],"author":[{"embeddable":true,"href":"https:\/\/www.uv.mx\/prensa\/wp-json\/wp\/v2\/users\/1810"}],"replies":[{"embeddable":true,"href":"https:\/\/www.uv.mx\/prensa\/wp-json\/wp\/v2\/comments?post=12513"}],"version-history":[{"count":0,"href":"https:\/\/www.uv.mx\/prensa\/wp-json\/wp\/v2\/posts\/12513\/revisions"}],"wp:featuredmedia":[{"embeddable":true,"href":"https:\/\/www.uv.mx\/prensa\/wp-json\/wp\/v2\/media\/12514"}],"wp:attachment":[{"href":"https:\/\/www.uv.mx\/prensa\/wp-json\/wp\/v2\/media?parent=12513"}],"wp:term":[{"taxonomy":"category","embeddable":true,"href":"https:\/\/www.uv.mx\/prensa\/wp-json\/wp\/v2\/categories?post=12513"},{"taxonomy":"post_tag","embeddable":true,"href":"https:\/\/www.uv.mx\/prensa\/wp-json\/wp\/v2\/tags?post=12513"}],"curies":[{"name":"wp","href":"https:\/\/api.w.org\/{rel}","templated":true}]}}