{"id":125231,"date":"2022-12-10T08:00:29","date_gmt":"2022-12-10T14:00:29","guid":{"rendered":"https:\/\/www.uv.mx\/prensa\/?p=125231"},"modified":"2022-12-14T13:53:02","modified_gmt":"2022-12-14T19:53:02","slug":"dgri-impulsa-el-intercambio-cultural-en-casa","status":"publish","type":"post","link":"https:\/\/www.uv.mx\/prensa\/general\/dgri-impulsa-el-intercambio-cultural-en-casa\/","title":{"rendered":"DGRI impulsa el intercambio cultural en casa"},"content":{"rendered":"<ul>\n<li data-leveltext=\"\uf0b7\" data-font=\"Symbol\" data-listid=\"1\" data-list-defn-props=\"{&quot;335552541&quot;:1,&quot;335559684&quot;:-2,&quot;335559685&quot;:720,&quot;335559991&quot;:360,&quot;469769226&quot;:&quot;Symbol&quot;,&quot;469769242&quot;:[8226],&quot;469777803&quot;:&quot;left&quot;,&quot;469777804&quot;:&quot;\uf0b7&quot;,&quot;469777815&quot;:&quot;hybridMultilevel&quot;}\" data-aria-posinset=\"1\" data-aria-level=\"1\"><i><span data-contrast=\"auto\">A trav\u00e9s de los programas Inmersi\u00f3n Cultural y Movilidad Nacional e Internacional<\/span><\/i><span data-ccp-props=\"{&quot;201341983&quot;:0,&quot;335559739&quot;:0,&quot;335559740&quot;:240}\">\u00a0<\/span><\/li>\n<\/ul>\n<p><span data-ccp-props=\"{&quot;201341983&quot;:0,&quot;335559739&quot;:0,&quot;335559740&quot;:240}\">\u00a0<\/span><\/p>\n<div id=\"attachment_125197\" style=\"width: 732px\" class=\"wp-caption aligncenter\"><img aria-describedby=\"caption-attachment-125197\" decoding=\"async\" loading=\"lazy\" class=\"size-full wp-image-125197\" src=\"https:\/\/www.uv.mx\/prensa\/files\/2022\/12\/061222-PAOLA-Programa-Inmersio\u0301n-Cultural-1-100k.jpg\" alt=\"\" width=\"722\" height=\"481\" srcset=\"https:\/\/www.uv.mx\/prensa\/files\/2022\/12\/061222-PAOLA-Programa-Inmersio\u0301n-Cultural-1-100k.jpg 722w, https:\/\/www.uv.mx\/prensa\/files\/2022\/12\/061222-PAOLA-Programa-Inmersio\u0301n-Cultural-1-100k-300x200.jpg 300w\" sizes=\"(max-width: 722px) 100vw, 722px\" \/><p id=\"caption-attachment-125197\" class=\"wp-caption-text\">Algunos de los estudiantes que participaron en Programa de Inmersi\u00f3n Cultural<\/p><\/div>\n<p><span data-ccp-props=\"{&quot;201341983&quot;:0,&quot;335559739&quot;:0,&quot;335559740&quot;:240}\">\u00a0<\/span><\/p>\n<p><b><i><span data-contrast=\"auto\">Paola Cort\u00e9s P\u00e9rez<\/span><\/i><\/b><span data-ccp-props=\"{&quot;201341983&quot;:0,&quot;335559739&quot;:0,&quot;335559740&quot;:240}\">\u00a0<\/span><\/p>\n<p><b><i><span data-contrast=\"auto\">Fotos: Omar Portilla Palacios y cortes\u00eda DGRI<\/span><\/i><\/b><span data-ccp-props=\"{&quot;201341983&quot;:0,&quot;335559739&quot;:0,&quot;335559740&quot;:240}\">\u00a0<\/span><\/p>\n<p><b><i><span data-contrast=\"auto\">10\/12\/2022, Xalapa, Ver.-<\/span><\/i><\/b><span data-contrast=\"auto\"> La <a href=\"https:\/\/www.uv.mx\/internacional\/\" target=\"_blank\" rel=\"noopener\">Direcci\u00f3n General de Relaciones Internacionales<\/a> (DGRI) de la Universidad Veracruzana (UV) impulsa la internacionalizaci\u00f3n e intercambio cultural en casa a trav\u00e9s de los programas Inmersi\u00f3n Cultural y Movilidad Nacional e Internacional.<\/span><span data-ccp-props=\"{&quot;201341983&quot;:0,&quot;335559739&quot;:0,&quot;335559740&quot;:240}\">\u00a0<\/span><\/p>\n<p><span data-contrast=\"auto\">Las actividades del Programa de Inmersi\u00f3n Cultural, dirigido a la comunidad visitante nacional e internacional, concluyeron con la entrega de constancias y una posada navide\u00f1a, ambas realizadas en la Escuela para Estudiantes Extranjeros (EEE) y encabezadas por el titular de la DGRI, Mario Oliva Su\u00e1rez, y la secretaria Acad\u00e9mica de la Vicerrector\u00eda Veracruz, Claudia Beatriz Enr\u00edquez Hern\u00e1ndez.<\/span><span data-ccp-props=\"{&quot;201341983&quot;:0,&quot;335559731&quot;:708,&quot;335559739&quot;:0,&quot;335559740&quot;:240}\">\u00a0<\/span><\/p>\n<p><span data-contrast=\"auto\">Asistieron 40 de los 52 estudiantes que realizaron intercambio acad\u00e9mico en las distintas regiones de esta casa de estudios, quienes participaron en las actividades del Programa de Inmersi\u00f3n Cultural, que tiene por objetivo fortalecer la habilitaci\u00f3n de sus perfiles internacional e intercultural.<\/span><span data-ccp-props=\"{&quot;201341983&quot;:0,&quot;335559731&quot;:708,&quot;335559739&quot;:0,&quot;335559740&quot;:240}\">\u00a0<\/span><\/p>\n<p><span data-contrast=\"auto\">A decir de los participantes, las actividades realizadas por el programa lograron su objetivo: hacerlos sentir en casa y la inmersi\u00f3n cultural es total, al grado que no tienen el deseo de regresar a sus pa\u00edses de origen.<\/span><\/p>\n<p>&nbsp;<\/p>\n<div id=\"attachment_125198\" style=\"width: 732px\" class=\"wp-caption aligncenter\"><img aria-describedby=\"caption-attachment-125198\" decoding=\"async\" loading=\"lazy\" class=\"size-full wp-image-125198\" src=\"https:\/\/www.uv.mx\/prensa\/files\/2022\/12\/061222-PAOLA-Programa-Inmersio\u0301n-Cultural-2-100k.jpg\" alt=\"\" width=\"722\" height=\"477\" srcset=\"https:\/\/www.uv.mx\/prensa\/files\/2022\/12\/061222-PAOLA-Programa-Inmersio\u0301n-Cultural-2-100k.jpg 722w, https:\/\/www.uv.mx\/prensa\/files\/2022\/12\/061222-PAOLA-Programa-Inmersio\u0301n-Cultural-2-100k-300x198.jpg 300w\" sizes=\"(max-width: 722px) 100vw, 722px\" \/><p id=\"caption-attachment-125198\" class=\"wp-caption-text\">Natalia Paris hizo su estancia acad\u00e9mica en la Facultad de Ingenier\u00eda Mec\u00e1nica y Ciencias Navales<\/p><\/div>\n<p><span data-ccp-props=\"{&quot;201341983&quot;:0,&quot;335559731&quot;:708,&quot;335559739&quot;:0,&quot;335559740&quot;:240}\">\u00a0<\/span><\/p>\n<p><span data-contrast=\"auto\">Sherina Schmith, estudiante de la Universidad de Hannover, Alemania, agradeci\u00f3 a la UV por su cobijo a lo largo de un semestre en la regi\u00f3n Xalapa, y a\u00f1adi\u00f3 que le agrad\u00f3 integrarse a la vida en M\u00e9xico.<\/span><span data-ccp-props=\"{&quot;201341983&quot;:0,&quot;335559731&quot;:708,&quot;335559739&quot;:0,&quot;335559740&quot;:240}\">\u00a0<\/span><\/p>\n<p><span data-contrast=\"auto\">Natalia Paris Gonz\u00e1lez, de C\u00facuta, Colombia, realiz\u00f3 un semestre en Ingenier\u00eda Industrial, en la Facultad de Mec\u00e1nica y Ciencias Navales, en la regi\u00f3n Veracruz. Durante este tiempo curs\u00f3 cinco experiencias educativas, de las cuales dijo que destacaron Distribuci\u00f3n y Localizaci\u00f3n de Planta y Desarrollo Sostenible.<\/span><span data-ccp-props=\"{&quot;201341983&quot;:0,&quot;335559731&quot;:708,&quot;335559739&quot;:0,&quot;335559740&quot;:240}\">\u00a0<\/span><\/p>\n<p><span data-contrast=\"auto\">\u201cLos profesores sobresalieron porque nos ense\u00f1aron a trav\u00e9s del desarrollo de proyectos, lo que result\u00f3 ser una manera sencilla de aprender. La metodolog\u00eda es diferente a la colombiana, ac\u00e1 \u2013en M\u00e9xico\u2013 vimos las mismas materias todos los d\u00edas, esto hace que se nos olviden menos las cosas.\u201d<\/span><span data-ccp-props=\"{&quot;201341983&quot;:0,&quot;335559731&quot;:708,&quot;335559739&quot;:0,&quot;335559740&quot;:240}\">\u00a0<\/span><\/p>\n<p><span data-contrast=\"auto\">Sus expectativas sobre la estancia fueron superadas, tanto que no se quiere ir de M\u00e9xico, \u201cmi estancia fue espectacular, la gente es muy amable y nos hacen sentir la verdadera experiencia mexicana\u201d. Sin embargo, el permanecer en el pa\u00eds s\u00f3lo es una parte de su proyecto de vida, \u201cestoy muy orgullosa de haber estado en la UV\u201d.<\/span><\/p>\n<p>&nbsp;<\/p>\n<div id=\"attachment_125199\" style=\"width: 732px\" class=\"wp-caption aligncenter\"><img aria-describedby=\"caption-attachment-125199\" decoding=\"async\" loading=\"lazy\" class=\"size-full wp-image-125199\" src=\"https:\/\/www.uv.mx\/prensa\/files\/2022\/12\/061222-PAOLA-Programa-Inmersio\u0301n-Cultural-3-100k.jpg\" alt=\"\" width=\"722\" height=\"481\" srcset=\"https:\/\/www.uv.mx\/prensa\/files\/2022\/12\/061222-PAOLA-Programa-Inmersio\u0301n-Cultural-3-100k.jpg 722w, https:\/\/www.uv.mx\/prensa\/files\/2022\/12\/061222-PAOLA-Programa-Inmersio\u0301n-Cultural-3-100k-300x200.jpg 300w\" sizes=\"(max-width: 722px) 100vw, 722px\" \/><p id=\"caption-attachment-125199\" class=\"wp-caption-text\">Alice Liandra Rodrigues, de la Universidad Estatal Paulista, Brasil<\/p><\/div>\n<p><span data-ccp-props=\"{&quot;201341983&quot;:0,&quot;335559731&quot;:708,&quot;335559739&quot;:0,&quot;335559740&quot;:240}\">\u00a0<\/span><\/p>\n<p><span data-contrast=\"auto\">Alice Liandra Rodrigues, de la Universidad Estatal Paulista, Brasil, donde estudia Relaciones Internacionales, decidi\u00f3 hacer la estancia en la Licenciatura en Administraci\u00f3n de Negocios Internacionales, de la Facultad de Ciencias Administrativas y Sociales (FCAS) en la regi\u00f3n Xalapa.<\/span><span data-ccp-props=\"{&quot;201341983&quot;:0,&quot;335559731&quot;:708,&quot;335559739&quot;:0,&quot;335559740&quot;:240}\">\u00a0<\/span><\/p>\n<p><span data-contrast=\"auto\">Opin\u00f3 que las clases que imparten en FCAS son muy buenas y tienen un abordaje distinto al de Brasil. Esta experiencia cambi\u00f3 su vida y perspectiva que ten\u00eda de M\u00e9xico y de la estancia internacional en Am\u00e9rica Latina.<\/span><span data-ccp-props=\"{&quot;201341983&quot;:0,&quot;335559731&quot;:708,&quot;335559739&quot;:0,&quot;335559740&quot;:240}\">\u00a0<\/span><\/p>\n<p><span data-contrast=\"auto\">\u201cEstoy muy agradecida, aunque es diferente a Brasil me siento en casa. Las personas y la cultura hacen que la estancia sea maravillosa. Todas las experiencias, vivencias, festividades y el d\u00eda a d\u00eda quedar\u00e1n para siempre en la memoria.\u201d<\/span><span data-ccp-props=\"{&quot;201341983&quot;:0,&quot;335559731&quot;:708,&quot;335559739&quot;:0,&quot;335559740&quot;:240}\">\u00a0<\/span><\/p>\n<p><span data-contrast=\"auto\">Dijo que sus expectativas acad\u00e9micas y personales se cumplieron completamente. \u201cCuando sal\u00ed de Brasil no pens\u00e9 que vivir\u00eda tantas cosas, con tanta intensidad y belleza. Me llevo la mirada m\u00e1gica, porque el pa\u00eds tiene esa magia en su cultura y las personas\u201d.<\/span><span data-ccp-props=\"{&quot;201341983&quot;:0,&quot;335559731&quot;:708,&quot;335559739&quot;:0,&quot;335559740&quot;:240}\">\u00a0<\/span><\/p>\n<p><span data-contrast=\"auto\">En la ceremonia protocolaria, Mario Oliva coment\u00f3 que al recibir a estudiantes de instituciones de educaci\u00f3n superior del extranjero se crea una internacionalizaci\u00f3n y un intercambio cultural en casa.<\/span><\/p>\n<p>&nbsp;<\/p>\n<div id=\"attachment_125200\" style=\"width: 732px\" class=\"wp-caption aligncenter\"><img aria-describedby=\"caption-attachment-125200\" decoding=\"async\" loading=\"lazy\" class=\"size-full wp-image-125200\" src=\"https:\/\/www.uv.mx\/prensa\/files\/2022\/12\/061222-PAOLA-Programa-Inmersio\u0301n-Cultural-4-100k.jpg\" alt=\"\" width=\"722\" height=\"481\" srcset=\"https:\/\/www.uv.mx\/prensa\/files\/2022\/12\/061222-PAOLA-Programa-Inmersio\u0301n-Cultural-4-100k.jpg 722w, https:\/\/www.uv.mx\/prensa\/files\/2022\/12\/061222-PAOLA-Programa-Inmersio\u0301n-Cultural-4-100k-300x200.jpg 300w\" sizes=\"(max-width: 722px) 100vw, 722px\" \/><p id=\"caption-attachment-125200\" class=\"wp-caption-text\">Los estudiantes realizaron conocieron de primera mano la cultura mexicana<\/p><\/div>\n<p>&nbsp;<\/p>\n<p><span data-contrast=\"auto\">El titular de la DGRI reiter\u00f3 que a nivel mundial s\u00f3lo el 2% de los estudiantes de educaci\u00f3n superior realizan una movilidad internacional. En M\u00e9xico apenas alcanza el 1%.<\/span><span data-ccp-props=\"{&quot;201341983&quot;:0,&quot;335559731&quot;:708,&quot;335559739&quot;:0,&quot;335559740&quot;:240}\">\u00a0<\/span><\/p>\n<p><span data-contrast=\"auto\">\u201cEntre las actividades que priorizamos en este programa se encuentran las vinculadas a las fortalezas institucionales, buscando robustecer el conocimiento de los visitantes sobre la cultura mexicana y la vinculaci\u00f3n que tiene la UV con la sociedad en la que se encuentra inmersa\u201d, destac\u00f3 Adriana Vivanco Guti\u00e9rrez, coordinadora de Programas y Servicios de la DGRI.<\/span><span data-ccp-props=\"{&quot;201341983&quot;:0,&quot;335559731&quot;:708,&quot;335559739&quot;:0,&quot;335559740&quot;:240}\">\u00a0<\/span><\/p>\n<p><span data-contrast=\"auto\">Mencion\u00f3 que las diferentes actividades recreativas, culturales y art\u00edsticas que se llevaron a cabo como parte del Programa de Inmersi\u00f3n Cultural, se organizaron en vinculaci\u00f3n con distintas \u00e1reas de la Universidad, entre ellas la Direcci\u00f3n General de Difusi\u00f3n Cultural.<\/span><span data-ccp-props=\"{&quot;201341983&quot;:0,&quot;335559731&quot;:708,&quot;335559739&quot;:0,&quot;335559740&quot;:240}\">\u00a0<\/span><\/p>\n<p><span data-contrast=\"auto\">\u201cCon esta entidad trabajamos muy de cerca a trav\u00e9s de sus grupos art\u00edsticos, que en la din\u00e1mica de los conciertos did\u00e1cticos nos apoyan para mostrar una de nuestras principales fortalezas institucionales que es el arte.\u201d<\/span><span data-ccp-props=\"{&quot;201341983&quot;:0,&quot;335559731&quot;:708,&quot;335559739&quot;:0,&quot;335559740&quot;:240}\">\u00a0<\/span><\/p>\n<p><span data-contrast=\"auto\">El evento concluy\u00f3 con la tradicional pi\u00f1ata y entrega de reconocimientos a los participantes en el programa por parte de Mario Oliva.<\/span><\/p>\n","protected":false},"excerpt":{"rendered":"<p>Las actividades organizadas por la dependencia universitaria lograron su objetivo: hacerlos sentir en casa y que la inmersi\u00f3n cultural es total\u00a0<\/p>\n","protected":false},"author":1869,"featured_media":125197,"comment_status":"closed","ping_status":"closed","sticky":false,"template":"","format":"standard","meta":[],"categories":[11,1,8455],"tags":[246,385,6462,4164],"_links":{"self":[{"href":"https:\/\/www.uv.mx\/prensa\/wp-json\/wp\/v2\/posts\/125231"}],"collection":[{"href":"https:\/\/www.uv.mx\/prensa\/wp-json\/wp\/v2\/posts"}],"about":[{"href":"https:\/\/www.uv.mx\/prensa\/wp-json\/wp\/v2\/types\/post"}],"author":[{"embeddable":true,"href":"https:\/\/www.uv.mx\/prensa\/wp-json\/wp\/v2\/users\/1869"}],"replies":[{"embeddable":true,"href":"https:\/\/www.uv.mx\/prensa\/wp-json\/wp\/v2\/comments?post=125231"}],"version-history":[{"count":1,"href":"https:\/\/www.uv.mx\/prensa\/wp-json\/wp\/v2\/posts\/125231\/revisions"}],"predecessor-version":[{"id":125539,"href":"https:\/\/www.uv.mx\/prensa\/wp-json\/wp\/v2\/posts\/125231\/revisions\/125539"}],"wp:featuredmedia":[{"embeddable":true,"href":"https:\/\/www.uv.mx\/prensa\/wp-json\/wp\/v2\/media\/125197"}],"wp:attachment":[{"href":"https:\/\/www.uv.mx\/prensa\/wp-json\/wp\/v2\/media?parent=125231"}],"wp:term":[{"taxonomy":"category","embeddable":true,"href":"https:\/\/www.uv.mx\/prensa\/wp-json\/wp\/v2\/categories?post=125231"},{"taxonomy":"post_tag","embeddable":true,"href":"https:\/\/www.uv.mx\/prensa\/wp-json\/wp\/v2\/tags?post=125231"}],"curies":[{"name":"wp","href":"https:\/\/api.w.org\/{rel}","templated":true}]}}