{"id":125247,"date":"2022-12-09T18:27:37","date_gmt":"2022-12-10T00:27:37","guid":{"rendered":"https:\/\/www.uv.mx\/prensa\/?p=125247"},"modified":"2022-12-09T18:27:37","modified_gmt":"2022-12-10T00:27:37","slug":"comunidad-egresada-mejor-aliada-de-la-uv-intercultural","status":"publish","type":"post","link":"https:\/\/www.uv.mx\/prensa\/general\/comunidad-egresada-mejor-aliada-de-la-uv-intercultural\/","title":{"rendered":"Comunidad egresada, mejor aliada de la UV-Intercultural"},"content":{"rendered":"<ul class=\"ul1\">\n<li class=\"li1\"><i>Ex estudiantes y docentes de la sede Huasteca colaboraron en el libro <\/i>La Huasteca y la Sierra Norte de Puebla: Estudios de la cultura nahua<\/li>\n<li class=\"li1\"><i>Los textos que lo integran abarcan diversas tem\u00e1ticas como territorios compartidos, procesos y expresiones culturales, cosmovisi\u00f3n y religiosidad<\/i><\/li>\n<\/ul>\n<p>&nbsp;<\/p>\n<div id=\"attachment_125248\" style=\"width: 732px\" class=\"wp-caption aligncenter\"><img aria-describedby=\"caption-attachment-125248\" decoding=\"async\" loading=\"lazy\" class=\"size-full wp-image-125248\" src=\"https:\/\/www.uv.mx\/prensa\/files\/2022\/12\/071222-CARLOS-Libro-Estudios-Nahuas.-Stock-2-1-100k.jpg\" alt=\"El libro fue presentado en octubre en la sede Huasteca de la UV-Intercultural\" width=\"722\" height=\"491\" srcset=\"https:\/\/www.uv.mx\/prensa\/files\/2022\/12\/071222-CARLOS-Libro-Estudios-Nahuas.-Stock-2-1-100k.jpg 722w, https:\/\/www.uv.mx\/prensa\/files\/2022\/12\/071222-CARLOS-Libro-Estudios-Nahuas.-Stock-2-1-100k-300x204.jpg 300w\" sizes=\"(max-width: 722px) 100vw, 722px\" \/><p id=\"caption-attachment-125248\" class=\"wp-caption-text\">El libro fue presentado en octubre en la sede Huasteca de la UV-Intercultural<\/p><\/div>\n<p>&nbsp;<\/p>\n<p class=\"p1\"><b><i>Carlos Hugo Hermida Rosales<\/i><\/b><\/p>\n<p class=\"p1\"><b><i>Fotos: Cortes\u00eda Jaime Mondrag\u00f3n Melo<\/i><\/b><\/p>\n<p class=\"p1\"><b><i>09\/12\/2022, Xalapa, Ver.-<\/i><\/b> Integrantes de la comunidad egresada y docente de la Universidad Veracruzana Intercultural (UV-Intercultural), sede Huasteca, colaboraron en el libro <i>La Huasteca y la Sierra Norte de Puebla: Estudios de la cultura nahua<\/i>, que fue coordinado por el antrop\u00f3logo social Arturo G\u00f3mez Mart\u00ednez.<\/p>\n<p class=\"p3\">Este proyecto editorial es resultado de un encuentro de estudios nahuas que se llev\u00f3 a cabo en 2018 en la localidad de Huauchinango, Puebla, tambi\u00e9n impulsado por G\u00f3mez Mart\u00ednez; los textos que lo integran abarcan diversas tem\u00e1ticas como territorios compartidos, procesos y expresiones culturales, cosmovisi\u00f3n y religiosidad.<\/p>\n<p class=\"p3\">Jaime Mondrag\u00f3n Melo, responsable de la orientaci\u00f3n en Comunicaci\u00f3n de la UV-Intercultural Huasteca y colaborador del proyecto, destac\u00f3 que el libro no fue organizado a partir de la academia, sino desde el conocimiento de las propias comunidades que se encuentran en las regiones estudiadas de los estados de Puebla y Veracruz.<\/p>\n<p class=\"p3\">Comparti\u00f3 que en la obra participan profesionistas e intelectuales de origen ind\u00edgena que, con base en su organizaci\u00f3n, decidieron darse voz a s\u00ed mismos con la finalidad de hablar de su cultura, lengua y conflictos.<\/p>\n<div id=\"attachment_125249\" style=\"width: 496px\" class=\"wp-caption aligncenter\"><img aria-describedby=\"caption-attachment-125249\" decoding=\"async\" loading=\"lazy\" class=\"size-full wp-image-125249\" src=\"https:\/\/www.uv.mx\/prensa\/files\/2022\/12\/071222-CARLOS-Libro-Estudios-Nahuas.-Stock-2-2-100k.jpg\" alt=\"En la obra colaboraron profesionistas e intelectuales de origen ind\u00edgena\" width=\"486\" height=\"480\" srcset=\"https:\/\/www.uv.mx\/prensa\/files\/2022\/12\/071222-CARLOS-Libro-Estudios-Nahuas.-Stock-2-2-100k.jpg 486w, https:\/\/www.uv.mx\/prensa\/files\/2022\/12\/071222-CARLOS-Libro-Estudios-Nahuas.-Stock-2-2-100k-300x296.jpg 300w, https:\/\/www.uv.mx\/prensa\/files\/2022\/12\/071222-CARLOS-Libro-Estudios-Nahuas.-Stock-2-2-100k-120x120.jpg 120w\" sizes=\"(max-width: 486px) 100vw, 486px\" \/><p id=\"caption-attachment-125249\" class=\"wp-caption-text\">En la obra colaboraron profesionistas e intelectuales de origen ind\u00edgena<\/p><\/div>\n<p>&nbsp;<\/p>\n<p class=\"p3\">Entre ellos est\u00e1n la catedr\u00e1tica de la UV-Intercultural Jacinta Toribio Torres, y cuatro ex alumnos de la Licenciatura en Gesti\u00f3n Intercultural para el Desarrollo: Santiago Bautista Cabrera, Ren\u00e9 Esteban Trinidad, Jes\u00fas Alberto Flores Mart\u00ednez y Rafael Ram\u00edrez Gonz\u00e1lez.<\/p>\n<p class=\"p3\">Mondrag\u00f3n Melo declar\u00f3 que los egresados son los mejores aliados de la UV-Intercultural, debido a que son excelentes divulgadores del conocimiento generado al interior y dan a conocer sus voces, im\u00e1genes, palabras y diversidad.<\/p>\n<p class=\"p3\">Asegur\u00f3 que los docentes e investigadores de esta entidad acad\u00e9mica mantienen una comunicaci\u00f3n constante con sus egresados y les brindan apoyo y asesoramiento continuos, ya que algunos de ellos se enfrentan a un entorno generalizado de racismo y discriminaci\u00f3n en su desenvolvimiento profesional.<\/p>\n","protected":false},"excerpt":{"rendered":"<p>Jaime Mondrag\u00f3n Melo, catedr\u00e1tico de la sede Huasteca, afirm\u00f3 que son excelentes divulgadores del conocimiento que se genera al interior de la instituci\u00f3n<\/p>\n","protected":false},"author":1775,"featured_media":125249,"comment_status":"closed","ping_status":"closed","sticky":false,"template":"","format":"standard","meta":[],"categories":[11,1],"tags":[9637,7735,4161,1039,9635,9636,9638,6290,6286,8523,586,9639,1691,9641,8525,9640,2488,469,6632],"_links":{"self":[{"href":"https:\/\/www.uv.mx\/prensa\/wp-json\/wp\/v2\/posts\/125247"}],"collection":[{"href":"https:\/\/www.uv.mx\/prensa\/wp-json\/wp\/v2\/posts"}],"about":[{"href":"https:\/\/www.uv.mx\/prensa\/wp-json\/wp\/v2\/types\/post"}],"author":[{"embeddable":true,"href":"https:\/\/www.uv.mx\/prensa\/wp-json\/wp\/v2\/users\/1775"}],"replies":[{"embeddable":true,"href":"https:\/\/www.uv.mx\/prensa\/wp-json\/wp\/v2\/comments?post=125247"}],"version-history":[{"count":1,"href":"https:\/\/www.uv.mx\/prensa\/wp-json\/wp\/v2\/posts\/125247\/revisions"}],"predecessor-version":[{"id":125326,"href":"https:\/\/www.uv.mx\/prensa\/wp-json\/wp\/v2\/posts\/125247\/revisions\/125326"}],"wp:featuredmedia":[{"embeddable":true,"href":"https:\/\/www.uv.mx\/prensa\/wp-json\/wp\/v2\/media\/125249"}],"wp:attachment":[{"href":"https:\/\/www.uv.mx\/prensa\/wp-json\/wp\/v2\/media?parent=125247"}],"wp:term":[{"taxonomy":"category","embeddable":true,"href":"https:\/\/www.uv.mx\/prensa\/wp-json\/wp\/v2\/categories?post=125247"},{"taxonomy":"post_tag","embeddable":true,"href":"https:\/\/www.uv.mx\/prensa\/wp-json\/wp\/v2\/tags?post=125247"}],"curies":[{"name":"wp","href":"https:\/\/api.w.org\/{rel}","templated":true}]}}