{"id":12526,"date":"2016-06-21T13:35:35","date_gmt":"2016-06-21T18:35:35","guid":{"rendered":"https:\/\/www.uv.mx\/prensa\/?p=12526"},"modified":"2016-06-21T13:35:35","modified_gmt":"2016-06-21T18:35:35","slug":"estudiantes-ofrecen-enfoque-sobre-cuidado-ambiental","status":"publish","type":"post","link":"https:\/\/www.uv.mx\/prensa\/regiones\/estudiantes-ofrecen-enfoque-sobre-cuidado-ambiental\/","title":{"rendered":"Estudiantes ofrecen enfoque sobre cuidado ambiental"},"content":{"rendered":"<ul>\n<li><em>Sus trabajos fueron compilados en un libro<\/em><\/li>\n<\/ul>\n<p>&nbsp;<\/p>\n<p>&nbsp;<\/p>\n<div id=\"attachment_12533\" style=\"width: 732px\" class=\"wp-caption aligncenter\"><a href=\"https:\/\/www.uv.mx\/prensa\/files\/2016\/06\/Enf1.jpg\"><img aria-describedby=\"caption-attachment-12533\" decoding=\"async\" loading=\"lazy\" class=\"size-full wp-image-12533\" src=\"https:\/\/www.uv.mx\/prensa\/files\/2016\/06\/Enf1.jpg\" alt=\"Comunidad acad\u00e9mica y sociedad en general durante la presentaci\u00f3n del libro\" width=\"722\" height=\"481\" srcset=\"https:\/\/www.uv.mx\/prensa\/files\/2016\/06\/Enf1.jpg 722w, https:\/\/www.uv.mx\/prensa\/files\/2016\/06\/Enf1-300x200.jpg 300w\" sizes=\"(max-width: 722px) 100vw, 722px\" \/><\/a><p id=\"caption-attachment-12533\" class=\"wp-caption-text\">Comunidad acad\u00e9mica y sociedad en general durante la presentaci\u00f3n del libro<\/p><\/div>\n<p>&nbsp;<\/p>\n<p><strong><em>Eduardo Ca\u00f1edo Lom\u00e1n<\/em><\/strong><\/p>\n<p>&nbsp;<\/p>\n<p><strong><em>C\u00f3rdoba, Ver.21\/06\/2016.-<em>\u00a0<\/em><\/em><\/strong>En el marco del D\u00eda Mundial del Medio Ambiente y como una forma de reflexi\u00f3n en torno a los problemas vinculados a \u00e9ste, se llev\u00f3 a cabo la presentaci\u00f3n del libro <em>Educaci\u00f3n ambiental y conservaci\u00f3n de recursos naturales<\/em>, compilado por la acad\u00e9mica de la Universidad Veracruzana (UV), Leticia Garibay Pardo.<\/p>\n<p>El evento tuvo como escenario el patio interior del ayuntamiento cordob\u00e9s y en \u00e9l se dio cita la comunidad universitaria y p\u00fablico en general interesado en temas ambientales.<\/p>\n<p>El libro presenta los resultados de 28 proyectos realizados por estudiantes de la Facultad de Biolog\u00eda, regi\u00f3n Xalapa, enfocados en una primera parte a tem\u00e1ticas como manejo de residuos s\u00f3lidos, conservaci\u00f3n de sitios protegidos, especies en peligro, y conciencia ciudadana; en la segunda parte se estudian las propuestas y experiencias que la Facultad ha tenido a favor del medio ambiente, dando un amplio panorama sobre las fortalezas y sobre todo \u00e1reas de oportunidad que a\u00fan se tienen.<\/p>\n<p>En la presentaci\u00f3n la compiladora estuvo acompa\u00f1ada de: Eric Houbr\u00f3n, coordinador regional para la Sustentabilidad; Roberto G\u00e1mez Pastrana, acad\u00e9mico de la Facultad de Ciencias Biol\u00f3gicas y Agropecuarias, y Mar\u00eda de los \u00c1ngeles Morales Oyarzabal, coordinadora de Ecolog\u00eda y Medio Ambiente del ayuntamiento.<\/p>\n<p>Eric Houbr\u00f3n mencion\u00f3 que el libro plantea una visi\u00f3n de la p\u00e9rdida de la biodiversidad y la degradaci\u00f3n de los sistemas ambientales, en gran medida como consecuencia del uso irracional de los recursos energ\u00e9ticos. \u201cTomamos de la naturaleza m\u00e1s de lo que es capaz de darnos y debemos ver a la educaci\u00f3n ambiental como una disciplina formal m\u00e1s que como una tendencia contempor\u00e1nea\u201d.<\/p>\n<p>Destac\u00f3 la necesidad de crear conciencia entre la poblaci\u00f3n respecto del consumismo excesivo, pues las grandes empresas y marcas comerciales crean necesidades artificiales. Esto conlleva una mayor producci\u00f3n de cosas y una sobreexplotaci\u00f3n de los recursos naturales.<\/p>\n<div id=\"attachment_12535\" style=\"width: 732px\" class=\"wp-caption aligncenter\"><a href=\"https:\/\/www.uv.mx\/prensa\/files\/2016\/06\/ano-2.jpg\"><img aria-describedby=\"caption-attachment-12535\" decoding=\"async\" loading=\"lazy\" class=\"size-full wp-image-12535\" src=\"https:\/\/www.uv.mx\/prensa\/files\/2016\/06\/ano-2.jpg\" alt=\"Leticia Garibay Pardo durante su intervenci\u00f3n\" width=\"722\" height=\"481\" srcset=\"https:\/\/www.uv.mx\/prensa\/files\/2016\/06\/ano-2.jpg 722w, https:\/\/www.uv.mx\/prensa\/files\/2016\/06\/ano-2-300x200.jpg 300w\" sizes=\"(max-width: 722px) 100vw, 722px\" \/><\/a><p id=\"caption-attachment-12535\" class=\"wp-caption-text\">Leticia Garibay Pardo durante su intervenci\u00f3n<\/p><\/div>\n<p>Por su parte, Morales Oyarzabal felicit\u00f3 a los realizadores de las investigaciones publicadas y destac\u00f3 su aporte para la protecci\u00f3n y preservaci\u00f3n de especies. \u201cEn esta compilaci\u00f3n podemos encontrar temas muy importantes que nos ayuden a desmentir los mitos que existen en torno a los murci\u00e9lagos y las serpientes, por ejemplo, los cuales no son valorados pero cumplen, como todos los organismos, una funci\u00f3n espec\u00edfica dentro de la biodiversidad\u201d.<\/p>\n<p>De igual forma, habl\u00f3 de la sencillez de la redacci\u00f3n, lo cual contribuye a que cualquier lector comprenda los cap\u00edtulos y genere sus propias conclusiones: \u201cEste trabajo es por dem\u00e1s incluyente, en \u00e9l podemos observar distintos puntos de vista, y es notoria la colaboraci\u00f3n interinstitucional, la cual enriquece el texto.<\/p>\n<p>\u201dSe nota el gran compromiso de la UV con el cuidado del medio ambiente, y sobre todo su esfuerzo por compartir sus experiencias buscando una duplicidad de acciones correctas que eviten cometer errores\u201d, finaliz\u00f3 Morales Oyarzabal.<\/p>\n<p>En tanto, G\u00e1mez Pastrana refiri\u00f3 que la vida se ha diversificado desde sus inicios para lograr una adaptaci\u00f3n a su entorno y mantener siempre un equilibrio; no obstante, con la llegada de nuestra especie se produjo un cambio que en la historia reciente se ha convertido en una crisis global.<\/p>\n<p>\u201cEl medio ambiente como concepto ha emergido en diversos \u00e1mbitos como el educativo, pol\u00edtico y social, pero la identificaci\u00f3n de los problemas no es suficiente\u201d, dijo y agreg\u00f3 que la conciencia ambiental debe provenir desde la unidad m\u00e1s b\u00e1sica de la sociedad, la familia.<\/p>\n<p>\u201cEn el libro damos testimonio de la manera en que grupos y comunidades se unen para buscar la conservaci\u00f3n del ambiente, identificando soluciones reales y no enga\u00f1osas; la falta de agua y temperaturas extremas no se resuelven comprando climas o trayendo agua desde otros sitios, pues lo que ocurre en un lado tiene repercusi\u00f3n en otros.\u201d<\/p>\n<p>Al final de la presentaci\u00f3n Garibay Pardo reconoci\u00f3 la necesidad de seguir informando y difundiendo qu\u00e9 son los ecosistemas y el medio ambiente: \u201cPara construir estamos acostumbrados a destruir y eso inevitablemente tendr\u00e1 un efecto en la temperatura; estamos viviendo las consecuencias de una sobreexplotaci\u00f3n de muchos a\u00f1os atr\u00e1s, en las ciudades ya no hay lluvias sino inundaciones, cada d\u00eda son m\u00e1s frecuentes los incendios, el crecimiento desmedido de las zonas urbanas est\u00e1n restando territorio a la naturaleza\u201d.<\/p>\n<p>Destac\u00f3 adem\u00e1s el deterioro ambiental en consecuencia por la generaci\u00f3n de residuos: \u201cEn 1955 una persona produc\u00eda 500 gramos de basura en promedio, hoy la poblaci\u00f3n se ha quintuplicado y producimos aproximadamente kilo y medio de desechos, nos estamos inundando de pl\u00e1stico, hasta un 30 por ciento de lo que compramos va a dar a la basura, hay productos que tardar\u00e1n m\u00e1s de 500 a\u00f1os en degradarse, hablamos de desechos radiactivos y tecnol\u00f3gicos, elementos que no conoc\u00edamos en el pasado\u201d.<\/p>\n<div id=\"attachment_12536\" style=\"width: 732px\" class=\"wp-caption aligncenter\"><a href=\"https:\/\/www.uv.mx\/prensa\/files\/2016\/06\/Enf-3.jpg\"><img aria-describedby=\"caption-attachment-12536\" decoding=\"async\" loading=\"lazy\" class=\"size-full wp-image-12536\" src=\"https:\/\/www.uv.mx\/prensa\/files\/2016\/06\/Enf-3.jpg\" alt=\"El alcalde Tom\u00e1s R\u00edos Bernal y la vicerrectora Beatriz Rodr\u00edguez Villafuerte entregaron reconocimientos\" width=\"722\" height=\"481\" srcset=\"https:\/\/www.uv.mx\/prensa\/files\/2016\/06\/Enf-3.jpg 722w, https:\/\/www.uv.mx\/prensa\/files\/2016\/06\/Enf-3-300x200.jpg 300w\" sizes=\"(max-width: 722px) 100vw, 722px\" \/><\/a><p id=\"caption-attachment-12536\" class=\"wp-caption-text\">El alcalde Tom\u00e1s R\u00edos Bernal y la vicerrectora Beatriz Rodr\u00edguez Villafuerte entregaron reconocimientos<\/p><\/div>\n<p>&nbsp;<\/p>\n","protected":false},"excerpt":{"rendered":"<p><strong><em>Eduardo Ca\u00f1edo.-<\/em><\/strong>En el marco del D\u00eda Mundial del Medio Ambiente y como una forma de reflexi\u00f3n en torno a los problemas vinculados a \u00e9ste, se llev\u00f3 a cabo la presentaci\u00f3n del libro Educaci\u00f3n ambiental y conservaci\u00f3n de recursos naturales, compilado por la acad\u00e9mica de la Universidad Veracruzana (UV), Leticia Garibay Pardo.<\/p>\n","protected":false},"author":1810,"featured_media":12531,"comment_status":"closed","ping_status":"closed","sticky":false,"template":"","format":"standard","meta":[],"categories":[32],"tags":[33],"_links":{"self":[{"href":"https:\/\/www.uv.mx\/prensa\/wp-json\/wp\/v2\/posts\/12526"}],"collection":[{"href":"https:\/\/www.uv.mx\/prensa\/wp-json\/wp\/v2\/posts"}],"about":[{"href":"https:\/\/www.uv.mx\/prensa\/wp-json\/wp\/v2\/types\/post"}],"author":[{"embeddable":true,"href":"https:\/\/www.uv.mx\/prensa\/wp-json\/wp\/v2\/users\/1810"}],"replies":[{"embeddable":true,"href":"https:\/\/www.uv.mx\/prensa\/wp-json\/wp\/v2\/comments?post=12526"}],"version-history":[{"count":0,"href":"https:\/\/www.uv.mx\/prensa\/wp-json\/wp\/v2\/posts\/12526\/revisions"}],"wp:featuredmedia":[{"embeddable":true,"href":"https:\/\/www.uv.mx\/prensa\/wp-json\/wp\/v2\/media\/12531"}],"wp:attachment":[{"href":"https:\/\/www.uv.mx\/prensa\/wp-json\/wp\/v2\/media?parent=12526"}],"wp:term":[{"taxonomy":"category","embeddable":true,"href":"https:\/\/www.uv.mx\/prensa\/wp-json\/wp\/v2\/categories?post=12526"},{"taxonomy":"post_tag","embeddable":true,"href":"https:\/\/www.uv.mx\/prensa\/wp-json\/wp\/v2\/tags?post=12526"}],"curies":[{"name":"wp","href":"https:\/\/api.w.org\/{rel}","templated":true}]}}