{"id":125287,"date":"2022-12-12T09:43:31","date_gmt":"2022-12-12T15:43:31","guid":{"rendered":"https:\/\/www.uv.mx\/prensa\/?p=125287"},"modified":"2024-01-10T13:56:37","modified_gmt":"2024-01-10T19:56:37","slug":"me-siento-honrado-y-agradecido-con-la-uv-emmanuel-solis","status":"publish","type":"post","link":"https:\/\/www.uv.mx\/prensa\/general\/me-siento-honrado-y-agradecido-con-la-uv-emmanuel-solis\/","title":{"rendered":"Me siento honrado y agradecido con la UV: Emmanuel Sol\u00eds"},"content":{"rendered":"<ul style=\"font-weight: 400\">\n<li data-leveltext=\"\uf0b7\" data-font=\"Symbol\" data-listid=\"1\" data-list-defn-props=\"{&quot;335552541&quot;:1,&quot;335559684&quot;:-2,&quot;335559685&quot;:720,&quot;335559991&quot;:360,&quot;469769226&quot;:&quot;Symbol&quot;,&quot;469769242&quot;:[8226],&quot;469777803&quot;:&quot;left&quot;,&quot;469777804&quot;:&quot;\uf0b7&quot;,&quot;469777815&quot;:&quot;hybridMultilevel&quot;}\" data-aria-posinset=\"1\" data-aria-level=\"1\"><i><span data-contrast=\"auto\">Fue reconocido con el Premio \u201cArte, Ciencia, Luz\u201d al mejor trabajo recepcional 2022, en el nivel Maestr\u00eda, del \u00c1rea Acad\u00e9mica de Humanidades<\/span><\/i><span data-ccp-props=\"{&quot;201341983&quot;:0,&quot;335559739&quot;:0,&quot;335559740&quot;:240}\">\u00a0<\/span><\/li>\n<li data-leveltext=\"\uf0b7\" data-font=\"Symbol\" data-listid=\"1\" data-list-defn-props=\"{&quot;335552541&quot;:1,&quot;335559684&quot;:-2,&quot;335559685&quot;:720,&quot;335559991&quot;:360,&quot;469769226&quot;:&quot;Symbol&quot;,&quot;469769242&quot;:[8226],&quot;469777803&quot;:&quot;left&quot;,&quot;469777804&quot;:&quot;\uf0b7&quot;,&quot;469777815&quot;:&quot;hybridMultilevel&quot;}\" data-aria-posinset=\"2\" data-aria-level=\"1\"><i><span data-contrast=\"auto\">En su tesis abord\u00f3 el tema de la desaparici\u00f3n de personas en el pa\u00eds, visto a trav\u00e9s del documental<\/span><\/i><span data-ccp-props=\"{&quot;201341983&quot;:0,&quot;335559739&quot;:0,&quot;335559740&quot;:240}\">\u00a0<\/span><\/li>\n<\/ul>\n<p>&nbsp;<\/p>\n<div id=\"attachment_125288\" style=\"width: 732px\" class=\"wp-caption aligncenter\"><a href=\"https:\/\/www.uv.mx\/prensa\/files\/2022\/12\/071222-PAOLA-Entrevista-Emmanuel-ACL-1.jpg\"><img aria-describedby=\"caption-attachment-125288\" decoding=\"async\" loading=\"lazy\" class=\"size-full wp-image-125288\" src=\"https:\/\/www.uv.mx\/prensa\/files\/2022\/12\/071222-PAOLA-Entrevista-Emmanuel-ACL-1.jpg\" alt=\"\" width=\"722\" height=\"406\" srcset=\"https:\/\/www.uv.mx\/prensa\/files\/2022\/12\/071222-PAOLA-Entrevista-Emmanuel-ACL-1.jpg 722w, https:\/\/www.uv.mx\/prensa\/files\/2022\/12\/071222-PAOLA-Entrevista-Emmanuel-ACL-1-300x169.jpg 300w\" sizes=\"(max-width: 722px) 100vw, 722px\" \/><\/a><p id=\"caption-attachment-125288\" class=\"wp-caption-text\">Emmanuel Sol\u00eds, egresado de posgrado del Centro de Estudios de la Cultura y la Comunicaci\u00f3n<\/p><\/div>\n<p>&nbsp;<\/p>\n<p><b><i><span data-contrast=\"auto\">Paola Cort\u00e9s P\u00e9rez<\/span><\/i><\/b><span data-ccp-props=\"{&quot;201341983&quot;:0,&quot;335559739&quot;:0,&quot;335559740&quot;:240}\">\u00a0<\/span><\/p>\n<p><b><i><span data-contrast=\"auto\">Fotos: Cortes\u00eda Emmanuel Sol\u00eds P\u00e9rez<\/span><\/i><\/b><span data-ccp-props=\"{&quot;201341983&quot;:0,&quot;335559739&quot;:0,&quot;335559740&quot;:240}\">\u00a0<\/span><\/p>\n<p><b><i><span data-contrast=\"auto\">12\/12\/2022, Xalapa, Ver.-<\/span><\/i><\/b><span data-contrast=\"auto\"> Emmanuel Sol\u00eds P\u00e9rez, egresado de la Maestr\u00eda en Estudios de la Cultura y la Comunicaci\u00f3n que imparte el <a href=\"https:\/\/www.uv.mx\/cecc\/\" target=\"_blank\" rel=\"noopener\">Centro de Estudios de la Cultura y la Comunicaci\u00f3n<\/a> (CECC) de la Universidad Veracruzana (UV), expres\u00f3 sentirse honrado y agradecido con esta casa de estudios por la apertura e innovaciones acad\u00e9micas para dejar a sus alumnos explorar nuevos horizontes.<\/span><span data-ccp-props=\"{&quot;201341983&quot;:0,&quot;335559739&quot;:0,&quot;335559740&quot;:240}\">\u00a0<\/span><\/p>\n<p><span data-contrast=\"auto\">Su trabajo de investigaci\u00f3n intitulado \u201cContranarrativas de la desaparici\u00f3n de personas: estrategias cinematogr\u00e1ficas en los documentales <\/span><i><span data-contrast=\"auto\">Ausencias<\/span><\/i><span data-contrast=\"auto\"> (2015) y <\/span><i><span data-contrast=\"auto\">Tempestad<\/span><\/i><span data-contrast=\"auto\"> (2016) de Tatiana Huezo\u201d, fue reconocido con el Premio \u201cArte, Ciencia, Luz\u201d al mejor trabajo recepcional 2022, en el nivel Maestr\u00eda, del \u00c1rea Acad\u00e9mica de Humanidades.<\/span><span data-ccp-props=\"{&quot;201341983&quot;:0,&quot;335559731&quot;:708,&quot;335559739&quot;:0,&quot;335559740&quot;:240}\">\u00a0<\/span><\/p>\n<p><span data-contrast=\"auto\">\u201cMe sorprendi\u00f3 recibir el reconocimiento, no lo esperaba. En estos momentos en que curso el Doctorado en Estudios Latinoamericanos en Territorio, Sociedad y Cultura, en la Universidad Aut\u00f3noma de San Luis Potos\u00ed, me motiva mucho.<\/span><span data-ccp-props=\"{&quot;201341983&quot;:0,&quot;335559731&quot;:708,&quot;335559739&quot;:0,&quot;335559740&quot;:240}\">\u00a0<\/span><\/p>\n<p><span data-contrast=\"auto\">\u201dLas experiencias que tuve en el posgrado del CECC fueron determinantes en mi formaci\u00f3n, estoy agradecido con la instituci\u00f3n y con cada miembro del centro porque en cada sesi\u00f3n y clase hubo algo con lo que me qued\u00e9 y lo proyect\u00e9 en la investigaci\u00f3n.\u201d<\/span><span data-ccp-props=\"{&quot;201341983&quot;:0,&quot;335559731&quot;:708,&quot;335559739&quot;:0,&quot;335559740&quot;:240}\">\u00a0<\/span><\/p>\n<p><span data-contrast=\"auto\">Consider\u00f3 que los trabajos recepcionales deben tomar en cuenta a las personas que est\u00e1n alrededor e invit\u00f3 a los estudiantes a interesarse en los temas y corporizarlos, hacerlos suyos y vivirlos, a fin de ver rutas distintas con el rigor acad\u00e9mico necesario y no s\u00f3lo ser una r\u00e9plica de los fen\u00f3menos.<\/span><span data-ccp-props=\"{&quot;201341983&quot;:0,&quot;335559731&quot;:708,&quot;335559739&quot;:0,&quot;335559740&quot;:240}\">\u00a0<\/span><\/p>\n<p><span data-contrast=\"auto\">Dijo que se trat\u00f3 de un trabajo colectivo con las v\u00edctimas y los profesores del CECC; con apoyo de Fabiola Pensado \u2013madre de Yosemar Pensado, quien est\u00e1 desparecido\u2013; Adriana Pozos Barcelata, experta en el tema, y Elissa Rashkin, investigadora del centro que \u201cfueron determinantes\u201d, declar\u00f3.<\/span><span data-ccp-props=\"{&quot;201341983&quot;:0,&quot;335559731&quot;:708,&quot;335559739&quot;:0,&quot;335559740&quot;:240}\">\u00a0<\/span><\/p>\n<p>&nbsp;<\/p>\n<div id=\"attachment_125289\" style=\"width: 732px\" class=\"wp-caption aligncenter\"><a href=\"https:\/\/www.uv.mx\/prensa\/files\/2022\/12\/071222-PAOLA-Entrevista-Emmanuel-ACL-2.jpg\"><img aria-describedby=\"caption-attachment-125289\" decoding=\"async\" loading=\"lazy\" class=\"size-full wp-image-125289\" src=\"https:\/\/www.uv.mx\/prensa\/files\/2022\/12\/071222-PAOLA-Entrevista-Emmanuel-ACL-2.jpg\" alt=\"\" width=\"722\" height=\"482\" srcset=\"https:\/\/www.uv.mx\/prensa\/files\/2022\/12\/071222-PAOLA-Entrevista-Emmanuel-ACL-2.jpg 722w, https:\/\/www.uv.mx\/prensa\/files\/2022\/12\/071222-PAOLA-Entrevista-Emmanuel-ACL-2-300x200.jpg 300w\" sizes=\"(max-width: 722px) 100vw, 722px\" \/><\/a><p id=\"caption-attachment-125289\" class=\"wp-caption-text\">En su trabajo de investigaci\u00f3n hace un an\u00e1lisis y reflexi\u00f3n sobre la crisis de desapariciones a trav\u00e9s del material cinematogr\u00e1fico<\/p><\/div>\n<p>&nbsp;<\/p>\n<p><b><span data-contrast=\"auto\">Representar la desaparici\u00f3n de personas en el cine documental<\/span><\/b><span data-ccp-props=\"{&quot;201341983&quot;:0,&quot;335559739&quot;:0,&quot;335559740&quot;:240}\">\u00a0<\/span><\/p>\n<p><span data-contrast=\"auto\">Emmanuel Sol\u00eds cont\u00f3 que el tema de su investigaci\u00f3n: crisis de la desaparici\u00f3n de personas, surgi\u00f3 mientras curs\u00f3 la Especializaci\u00f3n en Estudios Cinematogr\u00e1ficos, donde hizo un ejercicio de an\u00e1lisis de la filmograf\u00eda de Tatiana Huezo S\u00e1nchez, directora de cine salvadore\u00f1a.<\/span><span data-ccp-props=\"{&quot;201341983&quot;:0,&quot;335559739&quot;:0,&quot;335559740&quot;:240}\">\u00a0<\/span><\/p>\n<p><span data-contrast=\"auto\">La experiencia lo motiv\u00f3 a profundizar en el mismo al cursar la Maestr\u00eda en Estudios de la Cultura y la Comunicaci\u00f3n. Trat\u00f3 de darle la vuelta al problema social para conocer c\u00f3mo se representa en la producci\u00f3n cultural, espec\u00edficamente en el cine y documental.<\/span><span data-ccp-props=\"{&quot;201341983&quot;:0,&quot;335559731&quot;:708,&quot;335559739&quot;:0,&quot;335559740&quot;:240}\">\u00a0<\/span><\/p>\n<p><span data-contrast=\"auto\">Como parte de su investigaci\u00f3n, hizo un recorrido hist\u00f3rico de c\u00f3mo se instaur\u00f3, se desbord\u00f3 durante la era de la guerra contra el narcotr\u00e1fico y c\u00f3mo ahora hay un subg\u00e9nero documental dedicado a los casos de desaparici\u00f3n que presentan constantes como: madres buscadoras, fotograf\u00edas representando a quien no est\u00e1 presente, colectivos de b\u00fasqueda y conformaci\u00f3n de comunidades.<\/span><span data-ccp-props=\"{&quot;201341983&quot;:0,&quot;335559731&quot;:708,&quot;335559739&quot;:0,&quot;335559740&quot;:240}\">\u00a0<\/span><\/p>\n<p><span data-contrast=\"auto\">\u201cTatiana Huezo me sirvi\u00f3 como un estudio paradigm\u00e1tico en donde se pueden ver las buenas pr\u00e1cticas de representaci\u00f3n de estos casos. El hecho de ver tantos videos en Internet y en cine de una madre llorando por su hijo desaparecido, puede naturalizar el fen\u00f3meno y abonar al entumecimiento social.\u201d<\/span><span data-ccp-props=\"{&quot;201341983&quot;:0,&quot;335559731&quot;:708,&quot;335559739&quot;:0,&quot;335559740&quot;:240}\">\u00a0<\/span><\/p>\n<p><span data-contrast=\"auto\">Dijo que el proyecto fue posible gracias al apoyo y ayuda de Adriana Pozos, quien estuvo al frente de la Comisi\u00f3n Estatal de B\u00fasqueda y lo vincul\u00f3 con Fabiola Pensado, madre, l\u00edder y activista en la b\u00fasqueda de personas desaparecidas en Veracruz.<\/span><span data-ccp-props=\"{&quot;201341983&quot;:0,&quot;335559731&quot;:708,&quot;335559739&quot;:0,&quot;335559740&quot;:240}\">\u00a0<\/span><\/p>\n<p><span data-contrast=\"auto\">Con respecto a los retos que implic\u00f3 realizar dicha tesis, comparti\u00f3 que fueron: poder interpretar bien y dignamente los dolores de todas las familias, evitar la naturalizaci\u00f3n, pensar en c\u00f3mo mover a la sociedad y qu\u00e9 hacer para cambiar esta situaci\u00f3n.<\/span><span data-ccp-props=\"{&quot;201341983&quot;:0,&quot;335559731&quot;:708,&quot;335559739&quot;:0,&quot;335559740&quot;:240}\">\u00a0<\/span><\/p>\n<p><span data-contrast=\"auto\">Tambi\u00e9n, escuchar a personas que buscan a sus familiares desaparecidos y saber que est\u00e1n verdaderamente solas, no s\u00f3lo por sus ausentes sino por la impotencia que sienten ante las pr\u00e1cticas del Estado y del gobierno.<\/span><span data-ccp-props=\"{&quot;201341983&quot;:0,&quot;335559731&quot;:708,&quot;335559739&quot;:0,&quot;335559740&quot;:240}\">\u00a0<\/span><\/p>\n<p><span data-contrast=\"auto\">\u201cEllos tienen que salir todos los d\u00edas a buscar restos humanos en el campo, lo que es una pr\u00e1ctica dolorosa. Recib\u00ed mucha motivaci\u00f3n e inspiraci\u00f3n de su parte.\u201d<\/span><span data-ccp-props=\"{&quot;201341983&quot;:0,&quot;335559731&quot;:708,&quot;335559739&quot;:0,&quot;335559740&quot;:240}\">\u00a0<\/span><\/p>\n<p><span data-contrast=\"auto\">Mencion\u00f3 que como parte de las aportaciones y resultados est\u00e1 la identificaci\u00f3n de tres tipos de documentales: aquellos elaborados desde el periodismo; el cinematogr\u00e1fico, hecho con equipo profesional de producci\u00f3n audiovisual, guion, rodaje y edici\u00f3n; y los de autorrepresentaci\u00f3n, provenientes de grupos y colectivos.<\/span><span data-ccp-props=\"{&quot;201341983&quot;:0,&quot;335559731&quot;:708,&quot;335559739&quot;:0,&quot;335559740&quot;:240}\">\u00a0<\/span><\/p>\n<p>&nbsp;<\/p>\n<div id=\"attachment_125290\" style=\"width: 732px\" class=\"wp-caption aligncenter\"><a href=\"https:\/\/www.uv.mx\/prensa\/files\/2022\/12\/071222-PAOLA-Entrevista-Emmanuel-ACL-3.jpg\"><img aria-describedby=\"caption-attachment-125290\" decoding=\"async\" loading=\"lazy\" class=\"size-full wp-image-125290\" src=\"https:\/\/www.uv.mx\/prensa\/files\/2022\/12\/071222-PAOLA-Entrevista-Emmanuel-ACL-3.jpg\" alt=\"\" width=\"722\" height=\"490\" srcset=\"https:\/\/www.uv.mx\/prensa\/files\/2022\/12\/071222-PAOLA-Entrevista-Emmanuel-ACL-3.jpg 722w, https:\/\/www.uv.mx\/prensa\/files\/2022\/12\/071222-PAOLA-Entrevista-Emmanuel-ACL-3-300x204.jpg 300w\" sizes=\"(max-width: 722px) 100vw, 722px\" \/><\/a><p id=\"caption-attachment-125290\" class=\"wp-caption-text\">Para realizar el estudio cont\u00f3 con el apoyo de la activista Fabiola Pensado, Adriana Pozos, Elissa Rashkin y profesores del CECC<\/p><\/div>\n<p>&nbsp;<\/p>\n<p><span data-contrast=\"auto\">Tambi\u00e9n est\u00e1 el listado de documentales a partir de una l\u00ednea de tiempo que parte de 2006 \u2013inicio de la declaraci\u00f3n de la guerra contra el narcotr\u00e1fico\u2013 hasta abril de 2021. Para ello, rastre\u00f3 la producci\u00f3n cinematogr\u00e1fica y documental: primero sobre violencia, que arroj\u00f3 mil 122 productos, de ellos registr\u00f3 60 que tocan la desaparici\u00f3n.<\/span><span data-ccp-props=\"{&quot;201341983&quot;:0,&quot;335559731&quot;:708,&quot;335559739&quot;:0,&quot;335559740&quot;:240}\">\u00a0<\/span><\/p>\n<p><span data-contrast=\"auto\">\u201cUn dato importante es darse cuenta de que el caso Ayotzinapa fue fundamental para que la representaci\u00f3n documental se diera y fuera en aumento, lo cual tambi\u00e9n sucedi\u00f3 con las pr\u00e1cticas de b\u00fasqueda por parte de las familias y colectivos.\u201d<\/span><span data-ccp-props=\"{&quot;201341983&quot;:0,&quot;335559731&quot;:708,&quot;335559739&quot;:0,&quot;335559740&quot;:240}\">\u00a0<\/span><\/p>\n<p><span data-contrast=\"auto\">Asimismo, realiz\u00f3 una divisi\u00f3n de temporalidades entre la desaparici\u00f3n provocada por el Estado de mediados del siglo XX e inicios del XXI \u2013conocida como Guerra Sucia\u2013 y las desapariciones contempor\u00e1neas, que son directamente ocasionadas por otros actores como los grupos criminales, pero el Estado <\/span>tambi\u00e9n <span data-contrast=\"auto\">es responsable por la poca capacidad que tiene para resolver y encontrar a los culpables.<\/span><span data-ccp-props=\"{&quot;201341983&quot;:0,&quot;335559731&quot;:708,&quot;335559739&quot;:0,&quot;335559740&quot;:240}\">\u00a0<\/span><\/p>\n<p><span data-contrast=\"auto\">Actualmente, Emmanuel Sol\u00eds estudia los procesos migratorios en la frontera sur. Existe una categor\u00eda que se denomina desaparici\u00f3n social, la cual engloba un espectro de m\u00faltiples desapariciones simb\u00f3licas y metaf\u00f3ricas.<\/span><span data-ccp-props=\"{&quot;201341983&quot;:0,&quot;335559731&quot;:708,&quot;335559739&quot;:0,&quot;335559740&quot;:240}\">\u00a0<\/span><\/p>\n<p><span data-contrast=\"auto\">\u201cEs la gente que no vemos y desaparecemos del mapa: ancianos, los que tienen casa, los enfermos, las comunidades ind\u00edgenas desplazadas y los migrantes. La cuesti\u00f3n de la representaci\u00f3n no la dejo a un lado.<\/span><span data-ccp-props=\"{&quot;201341983&quot;:0,&quot;335559731&quot;:708,&quot;335559739&quot;:0,&quot;335559740&quot;:240}\">\u00a0<\/span><\/p>\n<p><span data-contrast=\"auto\">\u201dAunque desparecen socialmente, est\u00e1n ah\u00ed, los migrantes se hacen presentes con las movilizaciones, caravanas y denuncias ante el Instituto Nacional de Migraci\u00f3n.\u201d<\/span><span data-ccp-props=\"{&quot;201341983&quot;:0,&quot;335559731&quot;:708,&quot;335559739&quot;:0,&quot;335559740&quot;:240}\">\u00a0<\/span><\/p>\n<p><span data-contrast=\"auto\">Con el seguimiento de estos casos pretende hacer un registro audiovisual de estos fen\u00f3menos sociales; pensar en los cuestionamientos cr\u00edticos sobre c\u00f3mo representar a estos grupos sociales que atraviesan por niveles de precariedad, invisibilizaci\u00f3n y\/o abandono; c\u00f3mo son representados en los medios de comunicaci\u00f3n adem\u00e1s de c\u00f3mo son vistos y entendidos.<\/span><span data-ccp-props=\"{&quot;201341983&quot;:0,&quot;335559731&quot;:708,&quot;335559739&quot;:0,&quot;335559740&quot;:240}\">\u00a0<\/span><\/p>\n<p><span data-contrast=\"auto\">\u201cLa cuesti\u00f3n de la representaci\u00f3n no la dejo a un lado\u201d, puntualiz\u00f3.<\/span><span data-ccp-props=\"{&quot;201341983&quot;:0,&quot;335559731&quot;:708,&quot;335559739&quot;:0,&quot;335559740&quot;:240}\">\u00a0<\/span><\/p>\n<p><span data-ccp-props=\"{&quot;201341983&quot;:0,&quot;335559739&quot;:0,&quot;335559740&quot;:240}\">\u00a0<\/span><\/p>\n","protected":false},"excerpt":{"rendered":"<p>El egresado de la Maestr\u00eda en Estudios de la Cultura y la Comunicaci\u00f3n estudi\u00f3 la desaparici\u00f3n de personas en el pa\u00eds y c\u00f3mo se representa en la producci\u00f3n cultural, espec\u00edficamente en el cine y documental <\/p>\n","protected":false},"author":1809,"featured_media":125289,"comment_status":"closed","ping_status":"closed","sticky":false,"template":"","format":"standard","meta":[],"categories":[11,47,1,61],"tags":[723,9653,724,3554,4164,9649],"_links":{"self":[{"href":"https:\/\/www.uv.mx\/prensa\/wp-json\/wp\/v2\/posts\/125287"}],"collection":[{"href":"https:\/\/www.uv.mx\/prensa\/wp-json\/wp\/v2\/posts"}],"about":[{"href":"https:\/\/www.uv.mx\/prensa\/wp-json\/wp\/v2\/types\/post"}],"author":[{"embeddable":true,"href":"https:\/\/www.uv.mx\/prensa\/wp-json\/wp\/v2\/users\/1809"}],"replies":[{"embeddable":true,"href":"https:\/\/www.uv.mx\/prensa\/wp-json\/wp\/v2\/comments?post=125287"}],"version-history":[{"count":2,"href":"https:\/\/www.uv.mx\/prensa\/wp-json\/wp\/v2\/posts\/125287\/revisions"}],"predecessor-version":[{"id":138590,"href":"https:\/\/www.uv.mx\/prensa\/wp-json\/wp\/v2\/posts\/125287\/revisions\/138590"}],"wp:featuredmedia":[{"embeddable":true,"href":"https:\/\/www.uv.mx\/prensa\/wp-json\/wp\/v2\/media\/125289"}],"wp:attachment":[{"href":"https:\/\/www.uv.mx\/prensa\/wp-json\/wp\/v2\/media?parent=125287"}],"wp:term":[{"taxonomy":"category","embeddable":true,"href":"https:\/\/www.uv.mx\/prensa\/wp-json\/wp\/v2\/categories?post=125287"},{"taxonomy":"post_tag","embeddable":true,"href":"https:\/\/www.uv.mx\/prensa\/wp-json\/wp\/v2\/tags?post=125287"}],"curies":[{"name":"wp","href":"https:\/\/api.w.org\/{rel}","templated":true}]}}