{"id":125384,"date":"2022-12-12T11:00:40","date_gmt":"2022-12-12T17:00:40","guid":{"rendered":"https:\/\/www.uv.mx\/prensa\/?p=125384"},"modified":"2022-12-12T14:25:24","modified_gmt":"2022-12-12T20:25:24","slug":"iap-celebra-45-aniversario-con-exposicion-colectiva-en-el-max","status":"publish","type":"post","link":"https:\/\/www.uv.mx\/prensa\/cultura\/iap-celebra-45-aniversario-con-exposicion-colectiva-en-el-max\/","title":{"rendered":"IAP celebra 45 aniversario con exposici\u00f3n colectiva en el MAX"},"content":{"rendered":"<ul style=\"font-weight: 400\">\n<li data-leveltext=\"\uf0b7\" data-font=\"Symbol\" data-listid=\"1\" data-list-defn-props=\"{&quot;335552541&quot;:1,&quot;335559684&quot;:-2,&quot;335559685&quot;:720,&quot;335559991&quot;:360,&quot;469769226&quot;:&quot;Symbol&quot;,&quot;469769242&quot;:[8226],&quot;469777803&quot;:&quot;left&quot;,&quot;469777804&quot;:&quot;\uf0b7&quot;,&quot;469777815&quot;:&quot;hybridMultilevel&quot;}\" data-aria-posinset=\"1\" data-aria-level=\"1\"><i><span data-contrast=\"auto\">Las obras son autor\u00eda de acad\u00e9micos del instituto, entre ellas se exhibe una pieza autor\u00eda de Carlos Jurado<\/span><\/i><span data-ccp-props=\"{}\">\u00a0<\/span><\/li>\n<li data-leveltext=\"\uf0b7\" data-font=\"Symbol\" data-listid=\"1\" data-list-defn-props=\"{&quot;335552541&quot;:1,&quot;335559684&quot;:-2,&quot;335559685&quot;:720,&quot;335559991&quot;:360,&quot;469769226&quot;:&quot;Symbol&quot;,&quot;469769242&quot;:[8226],&quot;469777803&quot;:&quot;left&quot;,&quot;469777804&quot;:&quot;\uf0b7&quot;,&quot;469777815&quot;:&quot;hybridMultilevel&quot;}\" data-aria-posinset=\"2\" data-aria-level=\"1\"><i><span data-contrast=\"auto\">Podr\u00e1 ser visitada por el p\u00fablico hasta febrero de 2023 en la Sala de Exposiciones Temporales<\/span><\/i><span data-ccp-props=\"{}\">\u00a0<\/span><\/li>\n<\/ul>\n<p>&nbsp;<\/p>\n<div id=\"attachment_125385\" style=\"width: 732px\" class=\"wp-caption aligncenter\"><a href=\"https:\/\/www.uv.mx\/prensa\/files\/2022\/12\/091222-PAOLA-Exposicio\u0301n-MAX-1.jpg\"><img aria-describedby=\"caption-attachment-125385\" decoding=\"async\" loading=\"lazy\" class=\"size-full wp-image-125385\" src=\"https:\/\/www.uv.mx\/prensa\/files\/2022\/12\/091222-PAOLA-Exposicio\u0301n-MAX-1.jpg\" alt=\"\" width=\"722\" height=\"410\" srcset=\"https:\/\/www.uv.mx\/prensa\/files\/2022\/12\/091222-PAOLA-Exposicio\u0301n-MAX-1.jpg 722w, https:\/\/www.uv.mx\/prensa\/files\/2022\/12\/091222-PAOLA-Exposicio\u0301n-MAX-1-300x170.jpg 300w\" sizes=\"(max-width: 722px) 100vw, 722px\" \/><\/a><p id=\"caption-attachment-125385\" class=\"wp-caption-text\">Funcionarios universitarios y acad\u00e9micos del instituto inauguraron la exposici\u00f3n en el MAX<\/p><\/div>\n<p>&nbsp;<\/p>\n<p><b><i><span data-contrast=\"auto\">Paola Cort\u00e9s P\u00e9rez<\/span><\/i><\/b><span data-ccp-props=\"{}\">\u00a0<\/span><\/p>\n<p><b><i><span data-contrast=\"auto\">Fotos: Omar Portilla Palacios<\/span><\/i><\/b><span data-ccp-props=\"{}\">\u00a0<\/span><\/p>\n<p><b><i><span data-contrast=\"auto\">12\/12\/2022, Xalapa, Ver.-<\/span><\/i><\/b><span data-contrast=\"auto\"> El <a href=\"https:\/\/www.uv.mx\/iap\/\">Instituto de Artes Pl\u00e1sticas<\/a> (IAP) de la Universidad Veracruzana (UV) celebra su 45 aniversario con una muestra art\u00edstica en la Sala de Exposiciones Temporales del Museo de Antropolog\u00eda de Xalapa (MAX), la cual permanecer\u00e1 abierta al p\u00fablico hasta febrero de 2023.<\/span><span data-ccp-props=\"{}\">\u00a0<\/span><\/p>\n<p><span data-contrast=\"auto\">La exposici\u00f3n colectiva fue inaugurada por la directora general del \u00c1rea Acad\u00e9mica de Artes, Beatriz S\u00e1nchez Zurita; el director del IAP, Jos\u00e9 Manuel Morelos Villegas, y el director del MAX, Alfredo Delgado Calder\u00f3n.<\/span><span data-ccp-props=\"{&quot;335559731&quot;:708}\">\u00a0<\/span><\/p>\n<p><span data-contrast=\"auto\">Los acad\u00e9micos, integrantes del instituto, festejan los 45 a\u00f1os de fundaci\u00f3n con un conjunto de piezas que muestran su labor sustantiva: la creaci\u00f3n-investigaci\u00f3n art\u00edstica.<\/span><span data-ccp-props=\"{&quot;335559731&quot;:708}\">\u00a0<\/span><\/p>\n<p><span data-contrast=\"auto\">Los artistas participantes fueron: Abraham M\u00e9ndez, Alfredo Ayala, Beatriz S\u00e1nchez Zurita, Byron Brauchli, Citlalli Gonz\u00e1lez Ponce, Gerardo Vargas Fr\u00edas, Ilana Boltvinik, Natalia Calder\u00f3n, Roberto Rodr\u00edguez, Ryuichi Yahagi, Sergio Dom\u00ednguez, Xavier C\u00f3zar Angulo, Yosi Anaya y Jos\u00e9 Manuel Morelos.<\/span><span data-ccp-props=\"{&quot;335559731&quot;:708}\">\u00a0<\/span><\/p>\n<p><span data-contrast=\"auto\">Cabe mencionar que las obras pasar\u00e1n a formar parte del acervo art\u00edstico de la UV dentro del modelo denominado cuota de obra, como una suerte de retribuci\u00f3n social.<\/span><span data-ccp-props=\"{&quot;335559731&quot;:708}\">\u00a0<\/span><\/p>\n<p><span data-contrast=\"auto\">Jos\u00e9 Manuel Morelos dijo que la exposici\u00f3n es una forma de dar continuidad al legado de sus antecesores, al tiempo que tambi\u00e9n les agradecen. \u201cYa trabajamos en una publicaci\u00f3n sobre el instituto, la cual probablemente quede lista el pr\u00f3ximo a\u00f1o\u201d, adelant\u00f3.<\/span><span data-ccp-props=\"{&quot;335559731&quot;:708}\">\u00a0<\/span><\/p>\n<p><span data-contrast=\"auto\">Durante la investigaci\u00f3n que realizan para el libro encontraron dos piezas importantes que tambi\u00e9n son parte de la exposici\u00f3n: una del maestro Carlos Jurado \u2013la cual fue prestada\u2013 y un video autor\u00eda de Teresa Torres Chaires.<\/span><span data-ccp-props=\"{&quot;335559731&quot;:708}\">\u00a0<\/span><\/p>\n<p>&nbsp;<\/p>\n<div id=\"attachment_125386\" style=\"width: 732px\" class=\"wp-caption aligncenter\"><a href=\"https:\/\/www.uv.mx\/prensa\/files\/2022\/12\/091222-PAOLA-Exposicio\u0301n-MAX-2.jpg\"><img aria-describedby=\"caption-attachment-125386\" decoding=\"async\" loading=\"lazy\" class=\"size-full wp-image-125386\" src=\"https:\/\/www.uv.mx\/prensa\/files\/2022\/12\/091222-PAOLA-Exposicio\u0301n-MAX-2.jpg\" alt=\"\" width=\"722\" height=\"426\" srcset=\"https:\/\/www.uv.mx\/prensa\/files\/2022\/12\/091222-PAOLA-Exposicio\u0301n-MAX-2.jpg 722w, https:\/\/www.uv.mx\/prensa\/files\/2022\/12\/091222-PAOLA-Exposicio\u0301n-MAX-2-300x177.jpg 300w\" sizes=\"(max-width: 722px) 100vw, 722px\" \/><\/a><p id=\"caption-attachment-125386\" class=\"wp-caption-text\"><span class=\"TextRun SCXW40063615 BCX0\" lang=\"ES-MX\" xml:lang=\"ES-MX\" data-contrast=\"auto\"><span class=\"NormalTextRun SCXW40063615 BCX0\">Las obras exhibidas muestran la creaci\u00f3n-investigaci\u00f3n art\u00edstica de los integrantes del IAP<\/span><\/span><\/p><\/div>\n<p>&nbsp;<\/p>\n<p><span data-contrast=\"auto\">En su oportunidad, Alfredo Delgado invit\u00f3 a la comunidad art\u00edstica y de la Universidad a visitar el museo para conocer las obras de quienes hicieron arte sin saberlo y sin quererlo. Se puede observar la manera en que la gente hizo arte, c\u00f3mo la creatividad se manifest\u00f3 y expres\u00f3 en pueblos de diferentes \u00e9pocas y regiones.<\/span><span data-ccp-props=\"{&quot;335559731&quot;:708}\">\u00a0<\/span><\/p>\n<p><span data-contrast=\"auto\">\u201cNo s\u00f3lo tenemos las cabezas olmecas colosales, que son espectaculares, tambi\u00e9n hay arte en barro y hueso, una gran variedad de textiles y copias de varios c\u00f3dices.<\/span><span data-ccp-props=\"{&quot;335559731&quot;:708}\">\u00a0<\/span><\/p>\n<p><span data-contrast=\"auto\">\u201dNo sabemos c\u00f3mo en 100 o 200 a\u00f1os nos ver\u00e1n las generaciones, seguramente varias de estas obras no ser\u00e1n piezas en un museo de arte, sino de arqueolog\u00eda e historia.\u201d<\/span><span data-ccp-props=\"{&quot;335559731&quot;:708}\">\u00a0<\/span><\/p>\n<p><b><span data-contrast=\"auto\">Instituto de Artes Pl\u00e1sticas<\/span><\/b><span data-ccp-props=\"{}\">\u00a0<\/span><\/p>\n<p><span data-contrast=\"auto\">En 1973 el maestro Carlos Jurado lleg\u00f3 a la direcci\u00f3n de la Escuela de Artes, hoy Facultad de Artes Pl\u00e1sticas, siendo sus aportes un parteaguas en la docencia y la producci\u00f3n universitaria.<\/span><span data-ccp-props=\"{}\">\u00a0<\/span><\/p>\n<p><span data-contrast=\"auto\">Inici\u00f3 sus actividades en 1977, sin embargo, qued\u00f3 constituido formalmente en marzo de 1978, por acuerdo del Consejo Universitario General.<\/span><span data-ccp-props=\"{&quot;335559731&quot;:708}\">\u00a0<\/span><\/p>\n<p><span data-contrast=\"auto\">Carlos Jurado adopt\u00f3 lo que se conoce como tecnolog\u00eda alternativa, que consiste en una autosuficiencia para construir a partir de elementos accesibles, maquinaria, materiales y desarrollar metodolog\u00edas propias de creaci\u00f3n art\u00edstica.<\/span><span data-ccp-props=\"{&quot;335559731&quot;:708}\">\u00a0<\/span><\/p>\n<p><span data-contrast=\"auto\">\u201cLa suma de la tecnolog\u00eda alternativa y el entusiasmo de los artistas integrantes del IAP dieron como resultado que la producci\u00f3n fuera y siga siendo el eje fundamental del instituto\u201d, expresa Jos\u00e9 Manuel Morelos en el texto de sala.<\/span><span data-ccp-props=\"{&quot;335559731&quot;:708}\">\u00a0<\/span><\/p>\n<p>&nbsp;<\/p>\n<div id=\"attachment_125387\" style=\"width: 732px\" class=\"wp-caption aligncenter\"><a href=\"https:\/\/www.uv.mx\/prensa\/files\/2022\/12\/091222-PAOLA-Exposicio\u0301n-MAX-3.jpg\"><img aria-describedby=\"caption-attachment-125387\" decoding=\"async\" loading=\"lazy\" class=\"size-full wp-image-125387\" src=\"https:\/\/www.uv.mx\/prensa\/files\/2022\/12\/091222-PAOLA-Exposicio\u0301n-MAX-3.jpg\" alt=\"\" width=\"722\" height=\"421\" srcset=\"https:\/\/www.uv.mx\/prensa\/files\/2022\/12\/091222-PAOLA-Exposicio\u0301n-MAX-3.jpg 722w, https:\/\/www.uv.mx\/prensa\/files\/2022\/12\/091222-PAOLA-Exposicio\u0301n-MAX-3-300x175.jpg 300w\" sizes=\"(max-width: 722px) 100vw, 722px\" \/><\/a><p id=\"caption-attachment-125387\" class=\"wp-caption-text\">Los visitantes podr\u00e1n disfrutar de la exposici\u00f3n colectiva hasta febrero del pr\u00f3ximo a\u00f1o<\/p><\/div>\n","protected":false},"excerpt":{"rendered":"<p>El conjunto de piezas exhibidas en la Sala de Exposiciones Temporales muestra la labor sustantiva de los acad\u00e9micos del instituto: la creaci\u00f3n-investigaci\u00f3n art\u00edstica<\/p>\n","protected":false},"author":1809,"featured_media":125396,"comment_status":"closed","ping_status":"closed","sticky":false,"template":"","format":"standard","meta":[],"categories":[11,61],"tags":[1121,1012,4164],"_links":{"self":[{"href":"https:\/\/www.uv.mx\/prensa\/wp-json\/wp\/v2\/posts\/125384"}],"collection":[{"href":"https:\/\/www.uv.mx\/prensa\/wp-json\/wp\/v2\/posts"}],"about":[{"href":"https:\/\/www.uv.mx\/prensa\/wp-json\/wp\/v2\/types\/post"}],"author":[{"embeddable":true,"href":"https:\/\/www.uv.mx\/prensa\/wp-json\/wp\/v2\/users\/1809"}],"replies":[{"embeddable":true,"href":"https:\/\/www.uv.mx\/prensa\/wp-json\/wp\/v2\/comments?post=125384"}],"version-history":[{"count":1,"href":"https:\/\/www.uv.mx\/prensa\/wp-json\/wp\/v2\/posts\/125384\/revisions"}],"predecessor-version":[{"id":125425,"href":"https:\/\/www.uv.mx\/prensa\/wp-json\/wp\/v2\/posts\/125384\/revisions\/125425"}],"wp:featuredmedia":[{"embeddable":true,"href":"https:\/\/www.uv.mx\/prensa\/wp-json\/wp\/v2\/media\/125396"}],"wp:attachment":[{"href":"https:\/\/www.uv.mx\/prensa\/wp-json\/wp\/v2\/media?parent=125384"}],"wp:term":[{"taxonomy":"category","embeddable":true,"href":"https:\/\/www.uv.mx\/prensa\/wp-json\/wp\/v2\/categories?post=125384"},{"taxonomy":"post_tag","embeddable":true,"href":"https:\/\/www.uv.mx\/prensa\/wp-json\/wp\/v2\/tags?post=125384"}],"curies":[{"name":"wp","href":"https:\/\/api.w.org\/{rel}","templated":true}]}}