{"id":125631,"date":"2022-12-15T19:16:38","date_gmt":"2022-12-16T01:16:38","guid":{"rendered":"https:\/\/www.uv.mx\/prensa\/?p=125631"},"modified":"2022-12-19T14:09:22","modified_gmt":"2022-12-19T20:09:22","slug":"firma-uv-convenio-con-mecayapan-y-tecnologico-de-las-choapas","status":"publish","type":"post","link":"https:\/\/www.uv.mx\/prensa\/general\/firma-uv-convenio-con-mecayapan-y-tecnologico-de-las-choapas\/","title":{"rendered":"Firma UV convenio con Mecayapan y Tecnol\u00f3gico de Las Choapas"},"content":{"rendered":"<ul class=\"ul1\">\n<li class=\"li1\"><i>Se fortalecen funciones sustantivas universitarias como docencia e investigaci\u00f3n<\/i><\/li>\n<li class=\"li1\"><i>En el primer a\u00f1o de la presente administraci\u00f3n vicerrectoral se han suscrito ocho convenios<\/i><\/li>\n<\/ul>\n<p>&nbsp;<\/p>\n<div id=\"attachment_125632\" style=\"width: 732px\" class=\"wp-caption aligncenter\"><img aria-describedby=\"caption-attachment-125632\" decoding=\"async\" loading=\"lazy\" class=\"size-full wp-image-125632\" src=\"https:\/\/www.uv.mx\/prensa\/files\/2022\/12\/151222-IRIS-COATZA-Convenios1-100k.jpg\" alt=\"Firma de convenio con el ITSLCH y el Ayuntamiento de Mecayapan\" width=\"722\" height=\"481\" srcset=\"https:\/\/www.uv.mx\/prensa\/files\/2022\/12\/151222-IRIS-COATZA-Convenios1-100k.jpg 722w, https:\/\/www.uv.mx\/prensa\/files\/2022\/12\/151222-IRIS-COATZA-Convenios1-100k-300x200.jpg 300w\" sizes=\"(max-width: 722px) 100vw, 722px\" \/><p id=\"caption-attachment-125632\" class=\"wp-caption-text\">Firma de convenio con el ITSLCH y el Ayuntamiento de Mecayapan<\/p><\/div>\n<p>&nbsp;<\/p>\n<p class=\"p1\"><b><i>15\/12\/2022, Coatzacoalcos Ver.- <\/i><\/b>La Universidad Veracruzana (UV), a trav\u00e9s de la <a href=\"https:\/\/www.uv.mx\/coatza\/region\/directorio-regional\/\" target=\"_blank\" rel=\"noopener\">Vicerrector\u00eda Coatzacoalcos-Minatitl\u00e1n<\/a>, firm\u00f3 un convenio de colaboraci\u00f3n con el Ayuntamiento de Mecayapan y el Instituto Tecnol\u00f3gico Superior de Las Choapas (ITSLCH).<\/p>\n<p class=\"p2\">La alianza tiene como objetivo establecer bases generales para realizar acciones de inter\u00e9s mutuo en materia de transferencia de tecnolog\u00eda, asesor\u00eda t\u00e9cnica, servicio social, trabajos de investigaci\u00f3n y actividades que coadyuven al desarrollo econ\u00f3mico y social del municipio.<\/p>\n<p class=\"p2\">\u201cA trav\u00e9s de esta estrategia, la UV busca beneficios bidireccionales, procurando que las vinculaciones fortalezcan la docencia, investigaci\u00f3n, difusi\u00f3n de la cultura y la extensi\u00f3n de los servicios, as\u00ed como la formaci\u00f3n integral de los estudiantes\u201d enfatiz\u00f3 la vicerrectora Georgina Hern\u00e1ndez R\u00edos.<\/p>\n<p class=\"p2\">Con el gobierno municipal de Mecayapan, el convenio establece las bases generales en materia de transferencia de tecnolog\u00edas, asesor\u00eda t\u00e9cnica, servicio social, trabajos de investigaci\u00f3n y actividades que coadyuven al desarrollo econ\u00f3mico y social de esa municipalidad asentada en la sierra de Soteapan, regi\u00f3n donde se localiza la sede Las Selvas de la Universidad Veracruzana Intercultural (UV-Intercultural).<\/p>\n<div id=\"attachment_125633\" style=\"width: 732px\" class=\"wp-caption aligncenter\"><img aria-describedby=\"caption-attachment-125633\" decoding=\"async\" loading=\"lazy\" class=\"size-full wp-image-125633\" src=\"https:\/\/www.uv.mx\/prensa\/files\/2022\/12\/151222-IRIS-COATZA-Convenios2-100k.jpg\" alt=\"Georgina Hern\u00e1ndez R\u00edos, vicerrectora de la regi\u00f3n Coatzacoalcos-Minatitl\u00e1n\" width=\"722\" height=\"481\" srcset=\"https:\/\/www.uv.mx\/prensa\/files\/2022\/12\/151222-IRIS-COATZA-Convenios2-100k.jpg 722w, https:\/\/www.uv.mx\/prensa\/files\/2022\/12\/151222-IRIS-COATZA-Convenios2-100k-300x200.jpg 300w\" sizes=\"(max-width: 722px) 100vw, 722px\" \/><p id=\"caption-attachment-125633\" class=\"wp-caption-text\">Georgina Hern\u00e1ndez R\u00edos, vicerrectora de la regi\u00f3n Coatzacoalcos-Minatitl\u00e1n<\/p><\/div>\n<p>&nbsp;<\/p>\n<p class=\"p2\">Por su parte, al formar alianzas de trabajo con el ITSLCH, se llevar\u00e1n a cabo actividades de investigaci\u00f3n, pr\u00e1cticas y residencias profesionales, servicio social, ensayos, tesis, difusi\u00f3n de tecnolog\u00edas, capacitaci\u00f3n, cursos y estancias.<\/p>\n<p class=\"p2\">Igualmente, se facilitar\u00e1 el acceso a las instalaciones, laboratorios y talleres de ambas instituciones educativas para el desarrollo de pr\u00e1cticas y visitas, y en general todas las actividades que generen beneficios a sus alumnos y profesores.<\/p>\n<p class=\"p2\">Cabe mencionar que en el primer a\u00f1o de la presente administraci\u00f3n vicerrectoral se han suscrito ocho convenios, celebrados con todos los municipios donde se localizan los <i>campus<\/i> de esta regi\u00f3n universitaria.<\/p>\n<div id=\"attachment_125634\" style=\"width: 732px\" class=\"wp-caption aligncenter\"><img aria-describedby=\"caption-attachment-125634\" decoding=\"async\" loading=\"lazy\" class=\"size-full wp-image-125634\" src=\"https:\/\/www.uv.mx\/prensa\/files\/2022\/12\/151222-IRIS-COATZA-Convenios3-100k.jpg\" alt=\"Directores, secretarios y coordinadores del campus Coatzacoalcos\" width=\"722\" height=\"395\" srcset=\"https:\/\/www.uv.mx\/prensa\/files\/2022\/12\/151222-IRIS-COATZA-Convenios3-100k.jpg 722w, https:\/\/www.uv.mx\/prensa\/files\/2022\/12\/151222-IRIS-COATZA-Convenios3-100k-300x164.jpg 300w\" sizes=\"(max-width: 722px) 100vw, 722px\" \/><p id=\"caption-attachment-125634\" class=\"wp-caption-text\">Directores, secretarios y coordinadores del campus Coatzacoalcos<\/p><\/div>\n<p>&nbsp;<\/p>\n<p class=\"p2\">Atestiguaron el evento: Florentino Cruz Mart\u00ednez y Mar\u00eda In\u00e9s Quevedo L\u00f3pez, secretarios regionales Acad\u00e9mico y de Administraci\u00f3n y Finanzas, respectivamente; Ana Mar\u00eda Rueda, coordinadora regional de Vinculaci\u00f3n, as\u00ed como directores, secretarios y coordinadores de las entidades acad\u00e9micas.<\/p>\n<p class=\"p2\">Del Ayuntamiento de Mecayapan acudieron: Antonio Cervantes Vargas, presidente municipal, y Marcelina Hern\u00e1ndez Gonz\u00e1lez, s\u00edndica.<\/p>\n<p class=\"p2\">Asisti\u00f3 en representaci\u00f3n del ITSLCH, Anah\u00ed Ficachi S\u00e1nchez, directora de Planeaci\u00f3n y Vinculaci\u00f3n.<\/p>\n","protected":false},"excerpt":{"rendered":"<p>Fortalecer\u00e1 la docencia, investigaci\u00f3n, difusi\u00f3n de la cultura y la extensi\u00f3n de los servicios, as\u00ed como la formaci\u00f3n integral de los estudiantes<\/p>\n","protected":false},"author":1775,"featured_media":125632,"comment_status":"closed","ping_status":"closed","sticky":false,"template":"","format":"standard","meta":[],"categories":[52,1,32],"tags":[9772,9768,2419,9774,9775,5225,9769,9770,4747,1968,7741,9773,9771,469,6632,5226,2823],"_links":{"self":[{"href":"https:\/\/www.uv.mx\/prensa\/wp-json\/wp\/v2\/posts\/125631"}],"collection":[{"href":"https:\/\/www.uv.mx\/prensa\/wp-json\/wp\/v2\/posts"}],"about":[{"href":"https:\/\/www.uv.mx\/prensa\/wp-json\/wp\/v2\/types\/post"}],"author":[{"embeddable":true,"href":"https:\/\/www.uv.mx\/prensa\/wp-json\/wp\/v2\/users\/1775"}],"replies":[{"embeddable":true,"href":"https:\/\/www.uv.mx\/prensa\/wp-json\/wp\/v2\/comments?post=125631"}],"version-history":[{"count":1,"href":"https:\/\/www.uv.mx\/prensa\/wp-json\/wp\/v2\/posts\/125631\/revisions"}],"predecessor-version":[{"id":125746,"href":"https:\/\/www.uv.mx\/prensa\/wp-json\/wp\/v2\/posts\/125631\/revisions\/125746"}],"wp:featuredmedia":[{"embeddable":true,"href":"https:\/\/www.uv.mx\/prensa\/wp-json\/wp\/v2\/media\/125632"}],"wp:attachment":[{"href":"https:\/\/www.uv.mx\/prensa\/wp-json\/wp\/v2\/media?parent=125631"}],"wp:term":[{"taxonomy":"category","embeddable":true,"href":"https:\/\/www.uv.mx\/prensa\/wp-json\/wp\/v2\/categories?post=125631"},{"taxonomy":"post_tag","embeddable":true,"href":"https:\/\/www.uv.mx\/prensa\/wp-json\/wp\/v2\/tags?post=125631"}],"curies":[{"name":"wp","href":"https:\/\/api.w.org\/{rel}","templated":true}]}}