{"id":125636,"date":"2022-12-15T19:29:03","date_gmt":"2022-12-16T01:29:03","guid":{"rendered":"https:\/\/www.uv.mx\/prensa\/?p=125636"},"modified":"2022-12-19T20:09:34","modified_gmt":"2022-12-20T02:09:34","slug":"uv-construye-una-cultura-para-la-paz-magistrada","status":"publish","type":"post","link":"https:\/\/www.uv.mx\/prensa\/eventos\/uv-construye-una-cultura-para-la-paz-magistrada\/","title":{"rendered":"UV construye una cultura para la paz: magistrada"},"content":{"rendered":"<ul class=\"ul1\">\n<li class=\"li1\"><i>As\u00ed lo expres\u00f3 Itzetl Castro Castillo, magistrada presidenta del Tribunal de Conciliaci\u00f3n y Arbitraje del Poder Judicial del Estado de Veracruz<\/i><\/li>\n<li class=\"li1\"><i>El IIJ imparti\u00f3 el Diplomado para Formar Mediador-Conciliador-Facilitador; sus egresados ser\u00e1n promotores de la cultura para paz<\/i><\/li>\n<\/ul>\n<p>&nbsp;<\/p>\n<div id=\"attachment_125637\" style=\"width: 732px\" class=\"wp-caption aligncenter\"><img aria-describedby=\"caption-attachment-125637\" decoding=\"async\" loading=\"lazy\" class=\"size-full wp-image-125637\" src=\"https:\/\/www.uv.mx\/prensa\/files\/2022\/12\/151222-PAOLA-Diplomado-IIJ-1-100k.jpg\" alt=\"Concluy\u00f3 la segunda edici\u00f3n del Diplomado para Formar Mediador-Conciliador-Facilitador\" width=\"722\" height=\"544\" srcset=\"https:\/\/www.uv.mx\/prensa\/files\/2022\/12\/151222-PAOLA-Diplomado-IIJ-1-100k.jpg 722w, https:\/\/www.uv.mx\/prensa\/files\/2022\/12\/151222-PAOLA-Diplomado-IIJ-1-100k-300x226.jpg 300w\" sizes=\"(max-width: 722px) 100vw, 722px\" \/><p id=\"caption-attachment-125637\" class=\"wp-caption-text\">Concluy\u00f3 la segunda edici\u00f3n del Diplomado para Formar Mediador-Conciliador-Facilitador<\/p><\/div>\n<p>&nbsp;<\/p>\n<p class=\"p1\"><b><i>Texto y fotos: Paola Cort\u00e9s P\u00e9rez<\/i><\/b><\/p>\n<p class=\"p1\"><b><i>15\/12\/2022, Xalapa, Ver.-<\/i><\/b> La<a href=\"https:\/\/www.uv.mx\/\" target=\"_blank\" rel=\"noopener\"> Universidad Veracruzana<\/a> (UV), a trav\u00e9s del Diplomado para Formar Mediador-Conciliador-Facilitador, apoya a la construcci\u00f3n de una cultura para la paz, expres\u00f3 Itzetl Castro Castillo, magistrada presidenta del Tribunal de Conciliaci\u00f3n y Arbitraje del Poder Judicial del Estado de Veracruz.<\/p>\n<p class=\"p3\">A la ceremonia de clausura del diplomado en el Auditorio \u201cH\u00e9ctor Fix Zamudio\u201d del Instituto de Investigaciones Jur\u00eddicas (IIJ) de esta casa de estudios, se dieron cita Itzetl Castro; Roberto Zenteno Cuevas, director general de Investigaciones; Arturo Miguel Ch\u00edpuli Castillo, director del Instituto de Investigaciones Jur\u00eddicas (IIJ), y Araceli Reyes L\u00f3pez, directora de la Facultad de Derecho.<\/p>\n<p class=\"p3\">Castro Castillo dijo que es una gran satisfacci\u00f3n ver y saber que el IIJ contin\u00faa formando mediadores, conciliadores-facilitadores, que ser\u00e1n promotores de la cultura para paz a trav\u00e9s de las herramientas de acuerdo a la materia que corresponda.<\/p>\n<div id=\"attachment_125638\" style=\"width: 732px\" class=\"wp-caption aligncenter\"><img aria-describedby=\"caption-attachment-125638\" decoding=\"async\" loading=\"lazy\" class=\"size-full wp-image-125638\" src=\"https:\/\/www.uv.mx\/prensa\/files\/2022\/12\/151222-PAOLA-Diplomado-IIJ-2-100k.jpg\" alt=\"Arturo Miguel Ch\u00edpuli dijo que el IIJ est\u00e1 comprometido con el fortalecimiento de las competencias de la comunidad jur\u00eddica\" width=\"722\" height=\"544\" srcset=\"https:\/\/www.uv.mx\/prensa\/files\/2022\/12\/151222-PAOLA-Diplomado-IIJ-2-100k.jpg 722w, https:\/\/www.uv.mx\/prensa\/files\/2022\/12\/151222-PAOLA-Diplomado-IIJ-2-100k-300x226.jpg 300w\" sizes=\"(max-width: 722px) 100vw, 722px\" \/><p id=\"caption-attachment-125638\" class=\"wp-caption-text\">Arturo Miguel Ch\u00edpuli dijo que el IIJ est\u00e1 comprometido con el fortalecimiento de las competencias de la comunidad jur\u00eddica<\/p><\/div>\n<p>&nbsp;<\/p>\n<p class=\"p3\">\u201cLa conciliaci\u00f3n es una herramienta maravillosa no s\u00f3lo en materia laboral y administrativa, tambi\u00e9n en la sede judicial. Cada uno de nosotros debemos comprometernos a generar los acuerdos y las posibilidades de di\u00e1logo, formular y crear puentes de comunicaci\u00f3n para llegar a la mejor de las soluciones.\u201d<\/p>\n<p class=\"p3\">Roberto Zenteno felicit\u00f3 al IIJ por mantener e impulsar eventos acad\u00e9micos de esta \u00edndole, lo cual hace que tenga una presencia social importante; \u201cno todo debe ser investigaci\u00f3n, sino compartir los saberes que est\u00e1n resguardados en los institutos y centros\u201d.<\/p>\n<p class=\"p3\">Arturo Miguel Ch\u00edpuli record\u00f3 que \u00e9sta fue la segunda edici\u00f3n del diplomado del presente a\u00f1o. Tuvo una duraci\u00f3n de 180 horas, en la que los alumnos tuvieron una formaci\u00f3n integral en los mecanismos alternos de soluci\u00f3n de controversias, de la mano de instructores de primer nivel.<\/p>\n<div id=\"attachment_125639\" style=\"width: 732px\" class=\"wp-caption aligncenter\"><img aria-describedby=\"caption-attachment-125639\" decoding=\"async\" loading=\"lazy\" class=\"size-full wp-image-125639\" src=\"https:\/\/www.uv.mx\/prensa\/files\/2022\/12\/151222-PAOLA-Diplomado-IIJ-3-100k.jpg\" alt=\"Las autoridades entregaron constancias a quienes cursaron el diplomado\" width=\"722\" height=\"544\" srcset=\"https:\/\/www.uv.mx\/prensa\/files\/2022\/12\/151222-PAOLA-Diplomado-IIJ-3-100k.jpg 722w, https:\/\/www.uv.mx\/prensa\/files\/2022\/12\/151222-PAOLA-Diplomado-IIJ-3-100k-300x226.jpg 300w\" sizes=\"(max-width: 722px) 100vw, 722px\" \/><p id=\"caption-attachment-125639\" class=\"wp-caption-text\">Las autoridades entregaron constancias a quienes cursaron el diplomado<\/p><\/div>\n<p>&nbsp;<\/p>\n<p class=\"p3\">\u201cNo s\u00f3lo les brindaron las herramientas y competencias necesarias, tambi\u00e9n han sembrado en ustedes la semilla de la cultura para la paz, la cual \u2013hoy m\u00e1s que nunca\u2013 es necesaria para vivir de forma arm\u00f3nica, romper con la cultura del conflicto y la violencia, y abonar al respecto de los derechos humanos.\u201d<\/p>\n<p class=\"p3\">Finaliz\u00f3 su participaci\u00f3n al decir que el IIJ est\u00e1 comprometido con el fortalecimiento de las habilidades y competencias necesarias de la comunidad jur\u00eddica del estado y en la atenci\u00f3n de las grandes problem\u00e1ticas que se presentan en el pa\u00eds.<\/p>\n","protected":false},"excerpt":{"rendered":"<p>El IIJ est\u00e1 comprometido con el fortalecimiento de las habilidades y competencias necesarias de la comunidad jur\u00eddica del estado, ejemplo de ello es el Diplomado para Formar Mediador-Conciliador-Facilitador<\/p>\n","protected":false},"author":1775,"featured_media":125645,"comment_status":"closed","ping_status":"closed","sticky":false,"template":"","format":"standard","meta":[],"categories":[47,61],"tags":[2496,3489,75,2739,9776,9781,593,592,9777,9778,4164,9780,9779],"_links":{"self":[{"href":"https:\/\/www.uv.mx\/prensa\/wp-json\/wp\/v2\/posts\/125636"}],"collection":[{"href":"https:\/\/www.uv.mx\/prensa\/wp-json\/wp\/v2\/posts"}],"about":[{"href":"https:\/\/www.uv.mx\/prensa\/wp-json\/wp\/v2\/types\/post"}],"author":[{"embeddable":true,"href":"https:\/\/www.uv.mx\/prensa\/wp-json\/wp\/v2\/users\/1775"}],"replies":[{"embeddable":true,"href":"https:\/\/www.uv.mx\/prensa\/wp-json\/wp\/v2\/comments?post=125636"}],"version-history":[{"count":1,"href":"https:\/\/www.uv.mx\/prensa\/wp-json\/wp\/v2\/posts\/125636\/revisions"}],"predecessor-version":[{"id":125737,"href":"https:\/\/www.uv.mx\/prensa\/wp-json\/wp\/v2\/posts\/125636\/revisions\/125737"}],"wp:featuredmedia":[{"embeddable":true,"href":"https:\/\/www.uv.mx\/prensa\/wp-json\/wp\/v2\/media\/125645"}],"wp:attachment":[{"href":"https:\/\/www.uv.mx\/prensa\/wp-json\/wp\/v2\/media?parent=125636"}],"wp:term":[{"taxonomy":"category","embeddable":true,"href":"https:\/\/www.uv.mx\/prensa\/wp-json\/wp\/v2\/categories?post=125636"},{"taxonomy":"post_tag","embeddable":true,"href":"https:\/\/www.uv.mx\/prensa\/wp-json\/wp\/v2\/tags?post=125636"}],"curies":[{"name":"wp","href":"https:\/\/api.w.org\/{rel}","templated":true}]}}