{"id":125696,"date":"2022-12-16T17:46:01","date_gmt":"2022-12-16T23:46:01","guid":{"rendered":"https:\/\/www.uv.mx\/prensa\/?p=125696"},"modified":"2023-01-04T17:40:22","modified_gmt":"2023-01-04T23:40:22","slug":"personal-uv-contribuyo-a-cumplir-metas-en-2022-rector","status":"publish","type":"post","link":"https:\/\/www.uv.mx\/prensa\/general\/personal-uv-contribuyo-a-cumplir-metas-en-2022-rector\/","title":{"rendered":"Personal UV contribuy\u00f3 a cumplir metas en 2022: Rector\u00a0"},"content":{"rendered":"<ul>\n<li data-leveltext=\"\uf0b7\" data-font=\"Symbol\" data-listid=\"6\" data-list-defn-props=\"{&quot;335552541&quot;:1,&quot;335559684&quot;:-2,&quot;335559685&quot;:720,&quot;335559991&quot;:360,&quot;469769226&quot;:&quot;Symbol&quot;,&quot;469769242&quot;:[8226],&quot;469777803&quot;:&quot;left&quot;,&quot;469777804&quot;:&quot;\uf0b7&quot;,&quot;469777815&quot;:&quot;hybridMultilevel&quot;}\" data-aria-posinset=\"1\" data-aria-level=\"1\"><i><span data-contrast=\"auto\">Mart\u00edn Aguilar encabez\u00f3 la celebraci\u00f3n con motivo de las fiestas decembrinas 2022 y felicitaci\u00f3n por a\u00f1o nuevo 2023 que se realiz\u00f3 en la Unidad Central de Rector\u00eda<\/span><\/i><span data-ccp-props=\"{}\">\u00a0<\/span><\/li>\n<li data-leveltext=\"\uf0b7\" data-font=\"Symbol\" data-listid=\"6\" data-list-defn-props=\"{&quot;335552541&quot;:1,&quot;335559684&quot;:-2,&quot;335559685&quot;:720,&quot;335559991&quot;:360,&quot;469769226&quot;:&quot;Symbol&quot;,&quot;469769242&quot;:[8226],&quot;469777803&quot;:&quot;left&quot;,&quot;469777804&quot;:&quot;\uf0b7&quot;,&quot;469777815&quot;:&quot;hybridMultilevel&quot;}\" data-aria-posinset=\"2\" data-aria-level=\"1\"><i><span data-contrast=\"auto\">Durante el evento, inst\u00f3 a las y los trabajadores a que en el pr\u00f3ximo a\u00f1o se reencuentren con el entusiasmo de proponer y desarrollar ideas, proyectos y mejoras<\/span><\/i><span data-ccp-props=\"{}\">\u00a0<\/span><\/li>\n<\/ul>\n<p><span data-ccp-props=\"{}\">\u00a0<\/span><\/p>\n<div id=\"attachment_125691\" style=\"width: 732px\" class=\"wp-caption aligncenter\"><img aria-describedby=\"caption-attachment-125691\" decoding=\"async\" loading=\"lazy\" class=\"size-full wp-image-125691\" src=\"https:\/\/www.uv.mx\/prensa\/files\/2022\/12\/161222-CARLOS-Festejo-Naviden\u0303o-1.jpg\" alt=\"\" width=\"722\" height=\"481\" srcset=\"https:\/\/www.uv.mx\/prensa\/files\/2022\/12\/161222-CARLOS-Festejo-Naviden\u0303o-1.jpg 722w, https:\/\/www.uv.mx\/prensa\/files\/2022\/12\/161222-CARLOS-Festejo-Naviden\u0303o-1-300x200.jpg 300w\" sizes=\"(max-width: 722px) 100vw, 722px\" \/><p id=\"caption-attachment-125691\" class=\"wp-caption-text\">La celebraci\u00f3n reuni\u00f3 a trabajadores de distintas dependencias de la UV<\/p><\/div>\n<p><span data-ccp-props=\"{}\">\u00a0<\/span><\/p>\n<p><b><i><span data-contrast=\"auto\">Carlos Hugo Hermida Rosales<\/span><\/i><\/b><span data-ccp-props=\"{}\">\u00a0<\/span><\/p>\n<p><b><i><span data-contrast=\"auto\">Fotos: Jos\u00e9 Rujiro Hern\u00e1ndez Temis<\/span><\/i><\/b><span data-ccp-props=\"{}\">\u00a0<\/span><\/p>\n<p><b><i><span data-contrast=\"auto\">16\/12\/2022, Xalapa, Ver.-<\/span><\/i><\/b><span data-contrast=\"auto\">. \u201cFelicito a los empleados universitarios por el a\u00f1o brindado a la <a href=\"https:\/\/www.uv.mx\/\" target=\"_blank\" rel=\"noopener\">Universidad Veracruzana<\/a> (UV), con su trabajo, saberes, profesionalismo y lealtad, que contribuy\u00f3 al cumplimiento cabal de los objetivos que la instituci\u00f3n se traz\u00f3 a principios de 2022\u201d, manifest\u00f3 Mart\u00edn Aguilar S\u00e1nchez, rector de esta casa de estudios, durante el tradicional festejo navide\u00f1o de la Unidad Central de Rector\u00eda, que se realiz\u00f3 el viernes 16 de diciembre.<\/span><span data-ccp-props=\"{}\">\u00a0<\/span><\/p>\n<p><span data-contrast=\"auto\">El evento cont\u00f3 con la participaci\u00f3n de la Orquesta Universitaria de M\u00fasica Popular, el grupo Tlen Huicani y del Ballet Folkl\u00f3rico de la UV, que interpretaron diversas canciones y bailables; adem\u00e1s, se desarroll\u00f3 un concurso de ramas navide\u00f1as.<\/span><\/p>\n<p>&nbsp;<\/p>\n<div id=\"attachment_125692\" style=\"width: 732px\" class=\"wp-caption aligncenter\"><img aria-describedby=\"caption-attachment-125692\" decoding=\"async\" loading=\"lazy\" class=\"size-full wp-image-125692\" src=\"https:\/\/www.uv.mx\/prensa\/files\/2022\/12\/161222-CARLOS-Festejo-Naviden\u0303o-2.jpg\" alt=\"\" width=\"722\" height=\"481\" srcset=\"https:\/\/www.uv.mx\/prensa\/files\/2022\/12\/161222-CARLOS-Festejo-Naviden\u0303o-2.jpg 722w, https:\/\/www.uv.mx\/prensa\/files\/2022\/12\/161222-CARLOS-Festejo-Naviden\u0303o-2-300x200.jpg 300w\" sizes=\"(max-width: 722px) 100vw, 722px\" \/><p id=\"caption-attachment-125692\" class=\"wp-caption-text\">El Rector invit\u00f3 a directivos y empleados universitarios a retomar iniciativas de todo tipo y ponerse al d\u00eda en lo que incumbe a su campo profesional<\/p><\/div>\n<p>&nbsp;<\/p>\n<p><span data-contrast=\"auto\">El Rector invit\u00f3 a titulares de direcciones y diversas \u00e1reas, as\u00ed como al personal en general, a celebrar la navidad mirando al pasado y a la vida, retomar iniciativas de todo tipo, responder necesidades de seres queridos, ponerse al d\u00eda en lo que incumbe a su campo profesional, y encontrar amigos y cultivar su afecto.<\/span><span data-ccp-props=\"{&quot;335559731&quot;:708}\">\u00a0<\/span><\/p>\n<p><span data-contrast=\"auto\">\u201cLes deseo un feliz periodo vacacional y espero que en 2023 nos reencontremos con el entusiasmo de proponer y desarrollar ideas, proyectos y mejoras que est\u00e1n por llevarse a cabo\u201d, expres\u00f3.<\/span><\/p>\n<p>&nbsp;<\/p>\n<div id=\"attachment_125693\" style=\"width: 732px\" class=\"wp-caption aligncenter\"><img aria-describedby=\"caption-attachment-125693\" decoding=\"async\" loading=\"lazy\" class=\"size-full wp-image-125693\" src=\"https:\/\/www.uv.mx\/prensa\/files\/2022\/12\/161222-CARLOS-Festejo-Naviden\u0303o-3.jpg\" alt=\"\" width=\"722\" height=\"481\" srcset=\"https:\/\/www.uv.mx\/prensa\/files\/2022\/12\/161222-CARLOS-Festejo-Naviden\u0303o-3.jpg 722w, https:\/\/www.uv.mx\/prensa\/files\/2022\/12\/161222-CARLOS-Festejo-Naviden\u0303o-3-300x200.jpg 300w\" sizes=\"(max-width: 722px) 100vw, 722px\" \/><p id=\"caption-attachment-125693\" class=\"wp-caption-text\">Parejas del Ballet Folkl\u00f3rico de la UV interpretaron diversos bailables<\/p><\/div>\n<p>&nbsp;<\/p>\n<p><span data-contrast=\"auto\">Inst\u00f3 a la comunidad universitaria a pensar c\u00f3mo quieren que la UV sea en el futuro y lo que est\u00e1n dispuestos a hacer por ella, ya que nunca es tarde para introducir un cambio y compartir y ampliar aprendizajes.<\/span><span data-ccp-props=\"{&quot;335559731&quot;:708}\">\u00a0<\/span><\/p>\n<p><span data-contrast=\"auto\">\u201cCristalizar esa visi\u00f3n es tarea de todos y todas\u201d, concluy\u00f3.<\/span><span data-ccp-props=\"{&quot;335559731&quot;:708}\">\u00a0<\/span><\/p>\n<p><span data-contrast=\"auto\">Al evento asistieron Juan Ortiz Escamilla, secretario Acad\u00e9mico; Lizbeth Viveros Cancino y Jacqueline Jongitud Zamora, titulares de las secretar\u00edas de Administraci\u00f3n y Finanzas y de Desarrollo Institucional, respectivamente; Marisol Luna Leal, Abogada General; Leopoldo Alafita M\u00e9ndez, asesor de Rector\u00eda, y Norma Trujillo B\u00e1ez, directora general de Comunicaci\u00f3n Universitaria.<\/span><span data-ccp-props=\"{&quot;335559731&quot;:708}\">\u00a0<\/span><\/p>\n<p><span data-contrast=\"auto\">Adem\u00e1s de directores generales de \u00e1rea, jefes de departamento y personal de las dependencias que se encuentran en la Unidad Central de Rector\u00eda.<\/span><span data-ccp-props=\"{&quot;335559731&quot;:708}\">\u00a0<\/span><\/p>\n<p>&nbsp;<\/p>\n<div id=\"attachment_125694\" style=\"width: 732px\" class=\"wp-caption aligncenter\"><img aria-describedby=\"caption-attachment-125694\" decoding=\"async\" loading=\"lazy\" class=\"size-full wp-image-125694\" src=\"https:\/\/www.uv.mx\/prensa\/files\/2022\/12\/161222-CARLOS-Festejo-Naviden\u0303o-4.jpg\" alt=\"\" width=\"722\" height=\"481\" srcset=\"https:\/\/www.uv.mx\/prensa\/files\/2022\/12\/161222-CARLOS-Festejo-Naviden\u0303o-4.jpg 722w, https:\/\/www.uv.mx\/prensa\/files\/2022\/12\/161222-CARLOS-Festejo-Naviden\u0303o-4-300x200.jpg 300w\" sizes=\"(max-width: 722px) 100vw, 722px\" \/><p id=\"caption-attachment-125694\" class=\"wp-caption-text\">El tradicional festejo navide\u00f1o congreg\u00f3 a los principales directivos de la UV<\/p><\/div>\n<p><span data-ccp-props=\"{}\">\u00a0<\/span><\/p>\n<div id=\"attachment_125697\" style=\"width: 732px\" class=\"wp-caption aligncenter\"><img aria-describedby=\"caption-attachment-125697\" decoding=\"async\" loading=\"lazy\" class=\"size-full wp-image-125697\" src=\"https:\/\/www.uv.mx\/prensa\/files\/2022\/12\/PUV_8556-rama.jpg\" alt=\"\" width=\"722\" height=\"481\" srcset=\"https:\/\/www.uv.mx\/prensa\/files\/2022\/12\/PUV_8556-rama.jpg 722w, https:\/\/www.uv.mx\/prensa\/files\/2022\/12\/PUV_8556-rama-300x200.jpg 300w\" sizes=\"(max-width: 722px) 100vw, 722px\" \/><p id=\"caption-attachment-125697\" class=\"wp-caption-text\">En el concurso de ramas participaron trabajadores de distintas dependencias universitarias<\/p><\/div>\n","protected":false},"excerpt":{"rendered":"<p>Durante el festejo navide\u00f1o de la Unidad Central, Mart\u00edn Aguilar felicit\u00f3 a los empleados universitarios por su trabajo, saberes, profesionalismo y lealtad\u00a0\u00a0<\/p>\n","protected":false},"author":1869,"featured_media":125698,"comment_status":"closed","ping_status":"closed","sticky":false,"template":"","format":"standard","meta":[],"categories":[47,1,61],"tags":[9796,4161,6767,4735,145],"_links":{"self":[{"href":"https:\/\/www.uv.mx\/prensa\/wp-json\/wp\/v2\/posts\/125696"}],"collection":[{"href":"https:\/\/www.uv.mx\/prensa\/wp-json\/wp\/v2\/posts"}],"about":[{"href":"https:\/\/www.uv.mx\/prensa\/wp-json\/wp\/v2\/types\/post"}],"author":[{"embeddable":true,"href":"https:\/\/www.uv.mx\/prensa\/wp-json\/wp\/v2\/users\/1869"}],"replies":[{"embeddable":true,"href":"https:\/\/www.uv.mx\/prensa\/wp-json\/wp\/v2\/comments?post=125696"}],"version-history":[{"count":1,"href":"https:\/\/www.uv.mx\/prensa\/wp-json\/wp\/v2\/posts\/125696\/revisions"}],"predecessor-version":[{"id":125734,"href":"https:\/\/www.uv.mx\/prensa\/wp-json\/wp\/v2\/posts\/125696\/revisions\/125734"}],"wp:featuredmedia":[{"embeddable":true,"href":"https:\/\/www.uv.mx\/prensa\/wp-json\/wp\/v2\/media\/125698"}],"wp:attachment":[{"href":"https:\/\/www.uv.mx\/prensa\/wp-json\/wp\/v2\/media?parent=125696"}],"wp:term":[{"taxonomy":"category","embeddable":true,"href":"https:\/\/www.uv.mx\/prensa\/wp-json\/wp\/v2\/categories?post=125696"},{"taxonomy":"post_tag","embeddable":true,"href":"https:\/\/www.uv.mx\/prensa\/wp-json\/wp\/v2\/tags?post=125696"}],"curies":[{"name":"wp","href":"https:\/\/api.w.org\/{rel}","templated":true}]}}