{"id":125758,"date":"2022-12-19T19:28:00","date_gmt":"2022-12-20T01:28:00","guid":{"rendered":"https:\/\/www.uv.mx\/prensa\/?p=125758"},"modified":"2023-01-04T17:40:22","modified_gmt":"2023-01-04T23:40:22","slug":"respalda-cug-propuesta-y-recurso-extraordinario-a-presupuesto","status":"publish","type":"post","link":"https:\/\/www.uv.mx\/prensa\/general\/respalda-cug-propuesta-y-recurso-extraordinario-a-presupuesto\/","title":{"rendered":"Respalda CUG propuesta y recurso extraordinario a presupuesto\u00a0"},"content":{"rendered":"<ul>\n<li data-leveltext=\"\uf0b7\" data-font=\"Symbol\" data-listid=\"1\" data-list-defn-props=\"{&quot;335552541&quot;:1,&quot;335559684&quot;:-2,&quot;335559685&quot;:720,&quot;335559991&quot;:360,&quot;469769226&quot;:&quot;Symbol&quot;,&quot;469769242&quot;:[8226],&quot;469777803&quot;:&quot;left&quot;,&quot;469777804&quot;:&quot;\uf0b7&quot;,&quot;469777815&quot;:&quot;hybridMultilevel&quot;}\" data-aria-posinset=\"1\" data-aria-level=\"1\"><i><span data-contrast=\"auto\">El Estado otorgar\u00e1 a la UV 250 millones de pesos para 2023, los cuales se suman al presupuesto que aprobar\u00e1 el Congreso estatal<\/span><\/i><span data-ccp-props=\"{&quot;201341983&quot;:0,&quot;335559739&quot;:0,&quot;335559740&quot;:240}\">\u00a0<\/span><\/li>\n<li data-leveltext=\"\uf0b7\" data-font=\"Symbol\" data-listid=\"1\" data-list-defn-props=\"{&quot;335552541&quot;:1,&quot;335559684&quot;:-2,&quot;335559685&quot;:720,&quot;335559991&quot;:360,&quot;469769226&quot;:&quot;Symbol&quot;,&quot;469769242&quot;:[8226],&quot;469777803&quot;:&quot;left&quot;,&quot;469777804&quot;:&quot;\uf0b7&quot;,&quot;469777815&quot;:&quot;hybridMultilevel&quot;}\" data-aria-posinset=\"2\" data-aria-level=\"1\"><i><span data-contrast=\"auto\">Se mantendr\u00e1 la postura de exigir en legal y leg\u00edtima defensa que el gobierno estatal cumpla con lo establecido en la Constituci\u00f3n de la entidad, y asigne a la UV el 4% de su presupuesto total<\/span><\/i><span data-ccp-props=\"{&quot;201341983&quot;:0,&quot;335559739&quot;:0,&quot;335559740&quot;:240}\">\u00a0<\/span><\/li>\n<\/ul>\n<p>&nbsp;<\/p>\n<div id=\"attachment_125753\" style=\"width: 732px\" class=\"wp-caption aligncenter\"><img aria-describedby=\"caption-attachment-125753\" decoding=\"async\" loading=\"lazy\" class=\"wp-image-125753 size-full\" src=\"https:\/\/www.uv.mx\/prensa\/files\/2022\/12\/PUV_9110-CUG-191222.jpg\" alt=\"\" width=\"722\" height=\"481\" srcset=\"https:\/\/www.uv.mx\/prensa\/files\/2022\/12\/PUV_9110-CUG-191222.jpg 722w, https:\/\/www.uv.mx\/prensa\/files\/2022\/12\/PUV_9110-CUG-191222-300x200.jpg 300w\" sizes=\"(max-width: 722px) 100vw, 722px\" \/><p id=\"caption-attachment-125753\" class=\"wp-caption-text\">Integrantes del CUG aprobaron la propuesta por mayor\u00eda<\/p><\/div>\n<p><span data-ccp-props=\"{&quot;201341983&quot;:0,&quot;335559739&quot;:0,&quot;335559740&quot;:240}\">\u00a0<\/span><\/p>\n<p><b><i><span data-contrast=\"auto\">Carlos Hugo Hermida Rosales<\/span><\/i><\/b><span data-ccp-props=\"{&quot;201341983&quot;:0,&quot;335559739&quot;:0,&quot;335559740&quot;:240}\">\u00a0<\/span><\/p>\n<p><b><i><span data-contrast=\"auto\">Fotos: C\u00e9sar Pisil Ramos y Jos\u00e9 Rujiro Hern\u00e1ndez Temis<\/span><\/i><\/b><span data-ccp-props=\"{&quot;201341983&quot;:0,&quot;335559739&quot;:0,&quot;335559740&quot;:240}\">\u00a0<\/span><\/p>\n<p><b><i><span data-contrast=\"auto\">19\/12\/2022, Xalapa, Ver.-<\/span><\/i><\/b><span data-contrast=\"auto\"> En un ejercicio democr\u00e1tico, el <a href=\"https:\/\/www.uv.mx\/secretariaacademica\/consejo-universitario-general\/\" target=\"_blank\" rel=\"noopener\">Consejo Universitario General<\/a> (CUG) de la Universidad Veracruzana (UV) aprob\u00f3 por mayor\u00eda la propuesta de aceptar el subsidio extraordinario de 250 millones de pesos que el Gobierno del Estado otorgar\u00e1 a esta casa de estudios para 2023, monto adicional al presupuesto que asigne el Congreso del estado a la instituci\u00f3n.<\/span><span data-ccp-props=\"{&quot;201341983&quot;:0,&quot;335559739&quot;:0,&quot;335559740&quot;:240}\">\u00a0<\/span><\/p>\n<p><span data-contrast=\"auto\">La propuesta que expuso el rector de la UV, Mart\u00edn Aguilar S\u00e1nchez, incluye mantener la postura de exigir en legal y leg\u00edtima defensa que el gobierno estatal cumpla con lo establecido en la Constituci\u00f3n Pol\u00edtica del Estado de Veracruz, y asigne a la UV el 4% de su presupuesto total, para lo cual se intensificar\u00e1n el di\u00e1logo y las negociaciones.<\/span><span data-ccp-props=\"{&quot;201341983&quot;:0,&quot;335559731&quot;:708,&quot;335559739&quot;:0,&quot;335559740&quot;:240}\">\u00a0<\/span><\/p>\n<p><span data-contrast=\"auto\">Se lleg\u00f3 a este acuerdo en la sesi\u00f3n ordinaria del CUG que se realiz\u00f3 este 19 de diciembre en la sala anexa de Tlaqn\u00e1, Centro Cultural, en el que participaron 337 de sus 431 integrantes, lo que representa el 78%.<\/span><span data-ccp-props=\"{&quot;201341983&quot;:0,&quot;335559731&quot;:708,&quot;335559739&quot;:0,&quot;335559740&quot;:240}\">\u00a0<\/span><\/p>\n<p><span data-contrast=\"auto\">El Consejo Universitario fue encabezado por Mart\u00edn Aguilar S\u00e1nchez, en su calidad de Presidente, a quien acompa\u00f1aron el secretario Acad\u00e9mico, Juan Ortiz Escamilla; las titulares de las secretar\u00edas de Administraci\u00f3n y Finanzas y de Desarrollo Institucional, Lizbeth Viveros Cancino y Jaqueline Jongitud Zamora, respectivamente; la Abogada General, Marisol Luna Leal, y los vicerrectores de las regiones Veracruz, Orizaba-C\u00f3rdoba, Poza Rica-Tuxpan y Coatzacoalcos-Minatitl\u00e1n.<\/span><span data-ccp-props=\"{&quot;201341983&quot;:0,&quot;335559731&quot;:708,&quot;335559739&quot;:0,&quot;335559740&quot;:240}\">\u00a0<\/span><\/p>\n<p><span data-contrast=\"auto\">Como invitados especiales asistieron las y los integrantes de la Junta de Gobierno y el Contralor General de la Universidad.<\/span><span data-ccp-props=\"{&quot;201341983&quot;:0,&quot;335559731&quot;:708,&quot;335559739&quot;:0,&quot;335559740&quot;:240}\">\u00a0<\/span><\/p>\n<p>&nbsp;<\/p>\n<p>&nbsp;<\/p>\n<div id=\"attachment_125751\" style=\"width: 732px\" class=\"wp-caption aligncenter\"><img aria-describedby=\"caption-attachment-125751\" decoding=\"async\" loading=\"lazy\" class=\"size-full wp-image-125751\" src=\"https:\/\/www.uv.mx\/prensa\/files\/2022\/12\/DSC_7065-CUG-191222.jpg\" alt=\"\" width=\"722\" height=\"482\" srcset=\"https:\/\/www.uv.mx\/prensa\/files\/2022\/12\/DSC_7065-CUG-191222.jpg 722w, https:\/\/www.uv.mx\/prensa\/files\/2022\/12\/DSC_7065-CUG-191222-300x200.jpg 300w\" sizes=\"(max-width: 722px) 100vw, 722px\" \/><p id=\"caption-attachment-125751\" class=\"wp-caption-text\">Mart\u00edn Aguilar manifest\u00f3 que la UV no debe abandonar su derecho a recibir el 4% del presupuesto global del gobierno estatal<\/p><\/div>\n<p>&nbsp;<\/p>\n<p><span data-contrast=\"auto\">Mart\u00edn Aguilar manifest\u00f3 que la UV no debe abandonar su derecho a recibir el 4% del presupuesto global del gobierno estatal, por lo que se insistir\u00e1 en el di\u00e1logo y negociaci\u00f3n para mantener esta perspectiva.<\/span><span data-ccp-props=\"{&quot;201341983&quot;:0,&quot;335559731&quot;:708,&quot;335559739&quot;:0,&quot;335559740&quot;:240}\">\u00a0<\/span><\/p>\n<p><span data-contrast=\"auto\">En su participaci\u00f3n advirti\u00f3 que es la primera ocasi\u00f3n en que se formaliza la exigencia al gobierno estatal que se asigne el presupuesto acordado, a diferencia de a\u00f1os anteriores, que la instituci\u00f3n no se hab\u00eda pronunciado al respecto.<\/span><span data-ccp-props=\"{&quot;201341983&quot;:0,&quot;335559731&quot;:708,&quot;335559739&quot;:0,&quot;335559740&quot;:240}\">\u00a0<\/span><\/p>\n<p><span data-contrast=\"auto\">Puntualiz\u00f3 que este incremento presupuestal permitir\u00e1 llevar a cabo acciones sustantivas, entre ellas: la ampliaci\u00f3n de la matr\u00edcula y planes de estudio, el fortalecimiento de la investigaci\u00f3n, la inclusi\u00f3n de programas para grupos vulnerables y la extensi\u00f3n de los servicios.<\/span><\/p>\n<p>Asimismo, mostr\u00f3 ante el pleno una tabla comparativa con las asignaciones presupuestales que abarcan del 2017 al 2023<\/p>\n<p>&nbsp;<\/p>\n<p>&nbsp;<\/p>\n<p><img decoding=\"async\" loading=\"lazy\" class=\"aligncenter size-full wp-image-125793\" src=\"https:\/\/www.uv.mx\/prensa\/files\/2022\/12\/CUG-191222-TABLA2.jpg\" alt=\"\" width=\"1280\" height=\"739\" srcset=\"https:\/\/www.uv.mx\/prensa\/files\/2022\/12\/CUG-191222-TABLA2.jpg 1280w, https:\/\/www.uv.mx\/prensa\/files\/2022\/12\/CUG-191222-TABLA2-300x173.jpg 300w, https:\/\/www.uv.mx\/prensa\/files\/2022\/12\/CUG-191222-TABLA2-1024x591.jpg 1024w, https:\/\/www.uv.mx\/prensa\/files\/2022\/12\/CUG-191222-TABLA2-768x443.jpg 768w, https:\/\/www.uv.mx\/prensa\/files\/2022\/12\/CUG-191222-TABLA2-1200x693.jpg 1200w\" sizes=\"(max-width: 1280px) 100vw, 1280px\" \/><\/p>\n<p>&nbsp;<\/p>\n<p class=\"x_MsoNormal x_FluidPluginCopy\"><span class=\"x_ContentPasted0\" lang=\"ES\">La tabla que se expuso ante el pleno del CUG muestra que en 2017, 2018 y 2019 se recibi\u00f3 el porcentaje esperado. En 2020, 2021 y 2022, en cambio, se recibi\u00f3 menos del porcentaje observado y solo se recibi\u00f3 un incremento de un mill\u00f3n de pesos anual, a\u00f1o con a\u00f1o.\u00a0<\/span><\/p>\n<p class=\"x_MsoNormal x_FluidPluginCopy\"><span class=\"x_ContentPasted0\" lang=\"ES\">\u201cDesde mi punto de vista, el problema de origen tiene que ver con dos t\u00e9rminos que se han manejado en la relaci\u00f3n financiera Gobierno del Estado-Universidad Veracruzana: progresividad y gradualidad. De esta forma, si bien s\u00ed ha habido progresividad en el incremento presupuestal, no ha habido gradualidad. En otras palabras, si bien se parti\u00f3 del acuerdo de que el incremento partir\u00eda de un 2.58% para el 2017 y de un 3% para el 2018, no se determin\u00f3 la gradualidad que se aplicar\u00eda para los a\u00f1os que fueron del 2019 al 2022, y solo se fij\u00f3 el 4% para el 2023. As\u00ed, del 3% estipulado para el 2018, se pasa al 4% para el 2023\u201d, puntualiz\u00f3 el Rector.\u00a0<\/span><\/p>\n<p>El Rector enfatiz\u00f3 que la situaci\u00f3n financiera que actualmente vive la UV es muy distinta de la que enfrent\u00f3 en 2016, porque mientras que en aquella ocasi\u00f3n el adeudo que se ten\u00eda con el SAT pon\u00eda en riesgo el cumplimiento de sus funciones sustantivas, adeudo que fue cubierto por el Gobierno del Estado en el a\u00f1o 2021, quien pag\u00f3 3 millones 235 mil del adeudo al Sistema de Administraci\u00f3n Tributaria, en este 2022-2023 el presupuesto que los gobiernos estatal y federal tienen considerado para la instituci\u00f3n le asegura cumplirlas, adem\u00e1s del pago de salarios y la cobertura de prestaciones.<\/p>\n<p><span data-contrast=\"auto\">Consejeros universitarios de distintas regiones se pronunciaron a favor de la apertura a la discusi\u00f3n del tema en el pleno del CUG, as\u00ed como a la escucha de diferentes propuestas y solicitaron que se revise a detalle la redacci\u00f3n del texto que se someti\u00f3 a votaci\u00f3n y que tiene una importancia hist\u00f3rica ya que ser\u00e1 presentado al gobierno de Veracruz.<\/span><span data-ccp-props=\"{&quot;201341983&quot;:0,&quot;335559731&quot;:708,&quot;335559739&quot;:0,&quot;335559740&quot;:240}\">\u00a0<\/span><\/p>\n<p><span data-contrast=\"auto\">Asimismo, puntualizaron que se debe exigir el 4% del presupuesto general del gobierno del estado pues hay varias necesidades en la Universidad que deben ser atendidas; algunos consejeros alumnos se pronunciaron por realizar acciones para exigir el presupuesto, pero finalmente avalaron el convenio sobre los recursos extraordinarios que aportar\u00e1 el gobierno estatal.<\/span><span data-ccp-props=\"{&quot;201341983&quot;:0,&quot;335559731&quot;:708,&quot;335559739&quot;:0,&quot;335559740&quot;:240}\">\u00a0<\/span><\/p>\n<p><span data-ccp-props=\"{&quot;201341983&quot;:0,&quot;335559739&quot;:0,&quot;335559740&quot;:240}\">\u00a0<\/span><\/p>\n<div id=\"attachment_125750\" style=\"width: 732px\" class=\"wp-caption aligncenter\"><img aria-describedby=\"caption-attachment-125750\" decoding=\"async\" loading=\"lazy\" class=\"size-full wp-image-125750\" src=\"https:\/\/www.uv.mx\/prensa\/files\/2022\/12\/PUV_8721-CUG-191222.jpg\" alt=\"\" width=\"722\" height=\"481\" srcset=\"https:\/\/www.uv.mx\/prensa\/files\/2022\/12\/PUV_8721-CUG-191222.jpg 722w, https:\/\/www.uv.mx\/prensa\/files\/2022\/12\/PUV_8721-CUG-191222-300x200.jpg 300w\" sizes=\"(max-width: 722px) 100vw, 722px\" \/><p id=\"caption-attachment-125750\" class=\"wp-caption-text\">En la sesi\u00f3n ordinaria del CUG, el Rector destac\u00f3 que es la primera ocasi\u00f3n que se exige el cumplimiento del presupuesto asignado al gobierno estatal<\/p><\/div>\n","protected":false},"excerpt":{"rendered":"<p>El monto de 250 millones de pesos para 2023, que el Estado otorgar\u00e1 a la UV, se destinar\u00e1 para atender proyectos estrat\u00e9gicos\u00a0<\/p>\n","protected":false},"author":1869,"featured_media":125770,"comment_status":"closed","ping_status":"closed","sticky":false,"template":"","format":"standard","meta":[],"categories":[47,1,61],"tags":[4161,6263,6767],"_links":{"self":[{"href":"https:\/\/www.uv.mx\/prensa\/wp-json\/wp\/v2\/posts\/125758"}],"collection":[{"href":"https:\/\/www.uv.mx\/prensa\/wp-json\/wp\/v2\/posts"}],"about":[{"href":"https:\/\/www.uv.mx\/prensa\/wp-json\/wp\/v2\/types\/post"}],"author":[{"embeddable":true,"href":"https:\/\/www.uv.mx\/prensa\/wp-json\/wp\/v2\/users\/1869"}],"replies":[{"embeddable":true,"href":"https:\/\/www.uv.mx\/prensa\/wp-json\/wp\/v2\/comments?post=125758"}],"version-history":[{"count":1,"href":"https:\/\/www.uv.mx\/prensa\/wp-json\/wp\/v2\/posts\/125758\/revisions"}],"predecessor-version":[{"id":125826,"href":"https:\/\/www.uv.mx\/prensa\/wp-json\/wp\/v2\/posts\/125758\/revisions\/125826"}],"wp:featuredmedia":[{"embeddable":true,"href":"https:\/\/www.uv.mx\/prensa\/wp-json\/wp\/v2\/media\/125770"}],"wp:attachment":[{"href":"https:\/\/www.uv.mx\/prensa\/wp-json\/wp\/v2\/media?parent=125758"}],"wp:term":[{"taxonomy":"category","embeddable":true,"href":"https:\/\/www.uv.mx\/prensa\/wp-json\/wp\/v2\/categories?post=125758"},{"taxonomy":"post_tag","embeddable":true,"href":"https:\/\/www.uv.mx\/prensa\/wp-json\/wp\/v2\/tags?post=125758"}],"curies":[{"name":"wp","href":"https:\/\/api.w.org\/{rel}","templated":true}]}}