{"id":125950,"date":"2023-01-06T16:09:38","date_gmt":"2023-01-06T22:09:38","guid":{"rendered":"https:\/\/www.uv.mx\/prensa\/?p=125950"},"modified":"2023-01-11T14:06:56","modified_gmt":"2023-01-11T20:06:56","slug":"uv-puso-en-marcha-el-programa-de-movilidad-intra-regional","status":"publish","type":"post","link":"https:\/\/www.uv.mx\/prensa\/general\/uv-puso-en-marcha-el-programa-de-movilidad-intra-regional\/","title":{"rendered":"UV puso en marcha el Programa de Movilidad Intra Regional\u00a0"},"content":{"rendered":"<ul>\n<li data-leveltext=\"\uf0b7\" data-font=\"Symbol\" data-listid=\"1\" data-list-defn-props=\"{&quot;335552541&quot;:1,&quot;335559684&quot;:-2,&quot;335559685&quot;:720,&quot;335559991&quot;:360,&quot;469769226&quot;:&quot;Symbol&quot;,&quot;469769242&quot;:[8226],&quot;469777803&quot;:&quot;left&quot;,&quot;469777804&quot;:&quot;\uf0b7&quot;,&quot;469777815&quot;:&quot;hybridMultilevel&quot;}\" data-aria-posinset=\"1\" data-aria-level=\"1\"><i><span data-contrast=\"auto\">40 alumnos de la UV-Intercultural, de las cuatro sedes, forman parte de la primera generaci\u00f3n de dicha estrategia<\/span><\/i><span data-ccp-props=\"{&quot;201341983&quot;:0,&quot;335559739&quot;:0,&quot;335559740&quot;:240}\">\u00a0<\/span><\/li>\n<li data-leveltext=\"\uf0b7\" data-font=\"Symbol\" data-listid=\"1\" data-list-defn-props=\"{&quot;335552541&quot;:1,&quot;335559684&quot;:-2,&quot;335559685&quot;:720,&quot;335559991&quot;:360,&quot;469769226&quot;:&quot;Symbol&quot;,&quot;469769242&quot;:[8226],&quot;469777803&quot;:&quot;left&quot;,&quot;469777804&quot;:&quot;\uf0b7&quot;,&quot;469777815&quot;:&quot;hybridMultilevel&quot;}\" data-aria-posinset=\"2\" data-aria-level=\"1\"><i><span data-contrast=\"auto\">Cursan las licenciaturas en Gesti\u00f3n Intercultural para el Desarrollo, y en Derecho con Enfoque de Pluralismo Jur\u00eddico<\/span><\/i><span data-ccp-props=\"{&quot;201341983&quot;:0,&quot;335559739&quot;:0,&quot;335559740&quot;:240}\">\u00a0<\/span><\/li>\n<li data-leveltext=\"\uf0b7\" data-font=\"Symbol\" data-listid=\"1\" data-list-defn-props=\"{&quot;335552541&quot;:1,&quot;335559684&quot;:-2,&quot;335559685&quot;:720,&quot;335559991&quot;:360,&quot;469769226&quot;:&quot;Symbol&quot;,&quot;469769242&quot;:[8226],&quot;469777803&quot;:&quot;left&quot;,&quot;469777804&quot;:&quot;\uf0b7&quot;,&quot;469777815&quot;:&quot;hybridMultilevel&quot;}\" data-aria-posinset=\"3\" data-aria-level=\"1\"><i><span data-contrast=\"auto\">Del 5 al 31 de enero realizan una estancia intersemestral en Xalapa<\/span><\/i><span data-ccp-props=\"{&quot;201341983&quot;:0,&quot;335559739&quot;:0,&quot;335559740&quot;:240}\">\u00a0<\/span><\/li>\n<\/ul>\n<p><span data-ccp-props=\"{&quot;201341983&quot;:0,&quot;335559739&quot;:0,&quot;335559740&quot;:240}\">\u00a0<\/span><\/p>\n<div id=\"attachment_125937\" style=\"width: 732px\" class=\"wp-caption aligncenter\"><img aria-describedby=\"caption-attachment-125937\" decoding=\"async\" loading=\"lazy\" class=\"size-full wp-image-125937\" src=\"https:\/\/www.uv.mx\/prensa\/files\/2023\/01\/060123-MOVILIDAD-UVI-1-100k.jpg\" alt=\"\" width=\"722\" height=\"482\" srcset=\"https:\/\/www.uv.mx\/prensa\/files\/2023\/01\/060123-MOVILIDAD-UVI-1-100k.jpg 722w, https:\/\/www.uv.mx\/prensa\/files\/2023\/01\/060123-MOVILIDAD-UVI-1-100k-300x200.jpg 300w\" sizes=\"(max-width: 722px) 100vw, 722px\" \/><p id=\"caption-attachment-125937\" class=\"wp-caption-text\">Alumnas y alumnos de las cuatro sedes de la UV-Intercultural realizan una estancia intersemestral en la regi\u00f3n Xalapa<\/p><\/div>\n<p><span data-ccp-props=\"{&quot;201341983&quot;:0,&quot;335559739&quot;:0,&quot;335559740&quot;:240}\">\u00a0<\/span><\/p>\n<p><b><i><span data-contrast=\"auto\">Claudia Peralta V\u00e1zquez<\/span><\/i><\/b><span data-ccp-props=\"{&quot;201341983&quot;:0,&quot;335559739&quot;:0,&quot;335559740&quot;:240}\">\u00a0<\/span><\/p>\n<p><b><i><span data-contrast=\"auto\">Fotos: C\u00e9sar Pisil Ramos<\/span><\/i><\/b><span data-ccp-props=\"{&quot;201341983&quot;:0,&quot;335559739&quot;:0,&quot;335559740&quot;:240}\">\u00a0<\/span><\/p>\n<p><b><i><span data-contrast=\"auto\">06\/01\/2023, Xalapa, Ver.- <\/span><\/i><\/b><span data-contrast=\"auto\">La <a href=\"https:\/\/www.uv.mx\/\" target=\"_blank\" rel=\"noopener\">Universidad Veracruzana<\/a> (UV) puso en marcha el Programa de Movilidad Intra Regional para estudiantes de las cuatro sedes de la Universidad Veracruzana Intercultural (UV-Intercultural), quienes a trav\u00e9s de una estancia intersemestral de un mes en esta ciudad desarrollar\u00e1n actividades acad\u00e9micas, extracurriculares, de intercambio de experiencias y conocimientos.<\/span><span data-ccp-props=\"{&quot;201341983&quot;:0,&quot;335559739&quot;:0,&quot;335559740&quot;:240}\">\u00a0<\/span><\/p>\n<p><span data-contrast=\"auto\">En la inauguraci\u00f3n en el Auditorio \u201cAlfonso Medell\u00edn Zenil\u201d del Museo de Antropolog\u00eda (MAX), el rector de la UV, Mart\u00edn Aguilar S\u00e1nchez, acompa\u00f1ado de autoridades universitarias, dio la bienvenida a los 40 alumnos y alumnas de las sedes Huasteca, Totonacapan, Grandes Monta\u00f1as y Las Selvas, que son parte de la primera generaci\u00f3n del programa.<\/span><span data-ccp-props=\"{&quot;201341983&quot;:0,&quot;335559731&quot;:708,&quot;335559739&quot;:0,&quot;335559740&quot;:240}\">\u00a0<\/span><\/p>\n<p><span data-contrast=\"auto\">Todos ellos cursan distintos semestres de las licenciaturas en Gesti\u00f3n Intercultural para el Desarrollo, y en Derecho con Enfoque de Pluralismo Jur\u00eddico.<\/span><span data-ccp-props=\"{&quot;201341983&quot;:0,&quot;335559731&quot;:708,&quot;335559739&quot;:0,&quot;335559740&quot;:240}\">\u00a0<\/span><\/p>\n<p><span data-contrast=\"auto\">Luego de prometer la pronta visita a las cuatro sedes de la UV-Intercultural para dialogar sobre sus proyectos y necesidades, los felicit\u00f3 por ingresar a este programa y animarse a realizar una estancia intersemestral en Xalapa.<\/span><span data-ccp-props=\"{&quot;201341983&quot;:0,&quot;335559739&quot;:0,&quot;335559740&quot;:240}\">\u00a0<\/span><\/p>\n<p><span data-contrast=\"auto\">\u201cConfiamos que de esta experiencia saldr\u00e1n m\u00e1s beneficiados, no s\u00f3lo desde el punto de vista estrictamente acad\u00e9mico, sino en el \u00e1mbito personal y humano.\u201d<\/span><span data-ccp-props=\"{&quot;201341983&quot;:0,&quot;335559731&quot;:708,&quot;335559739&quot;:0,&quot;335559740&quot;:240}\">\u00a0<\/span><\/p>\n<p><span data-contrast=\"auto\">Coment\u00f3 que, habitualmente, la movilidad acad\u00e9mica se asocia a una escala global o extraterritorial. Sin embargo, la interna y arraigada al interior de las propias instituciones de educaci\u00f3n superior a\u00f1ade significado y sentido a la trayectoria de estudiantes, docentes y personal del \u00e1rea de investigaci\u00f3n; \u201ces un veh\u00edculo inseparable de la formaci\u00f3n superior\u201d, expres\u00f3.<\/span><span data-ccp-props=\"{&quot;201341983&quot;:0,&quot;335559739&quot;:0,&quot;335559740&quot;:240}\">\u00a0<\/span><\/p>\n<p>&nbsp;<\/p>\n<div id=\"attachment_125938\" style=\"width: 732px\" class=\"wp-caption aligncenter\"><img aria-describedby=\"caption-attachment-125938\" decoding=\"async\" loading=\"lazy\" class=\"size-full wp-image-125938\" src=\"https:\/\/www.uv.mx\/prensa\/files\/2023\/01\/060123-MOVILIDAD-UVI-2-100k.jpg\" alt=\"\" width=\"722\" height=\"482\" srcset=\"https:\/\/www.uv.mx\/prensa\/files\/2023\/01\/060123-MOVILIDAD-UVI-2-100k.jpg 722w, https:\/\/www.uv.mx\/prensa\/files\/2023\/01\/060123-MOVILIDAD-UVI-2-100k-300x200.jpg 300w\" sizes=\"(max-width: 722px) 100vw, 722px\" \/><p id=\"caption-attachment-125938\" class=\"wp-caption-text\">El rector de la UV inaugur\u00f3 el relanzamiento del Programa de Movilidad Intra Regional, en el MAX<\/p><\/div>\n<p>&nbsp;<\/p>\n<p><span data-contrast=\"auto\">Con esta acci\u00f3n, la UV busca ampliar sus contornos para dar cabida a todas las regiones y campos universitarios, incluida la UV-Intercultural, as\u00ed como la enorme diversidad ling\u00fc\u00edstica y regional que alberga.<\/span><span data-ccp-props=\"{&quot;201341983&quot;:0,&quot;335559731&quot;:708,&quot;335559739&quot;:0,&quot;335559740&quot;:240}\">\u00a0<\/span><\/p>\n<p><span data-contrast=\"auto\">Tiene la intenci\u00f3n de hacer de la movilidad una verdadera inmersi\u00f3n cultural, en lugar de un simple intercambio acad\u00e9mico. Adem\u00e1s, pone a disposici\u00f3n de las y los estudiantes la infraestructura f\u00edsica y el dinamismo universitario de la regi\u00f3n Xalapa, haci\u00e9ndolos sentir en casa y generando una identidad de la UV.<\/span><span data-ccp-props=\"{&quot;201341983&quot;:0,&quot;335559731&quot;:708,&quot;335559739&quot;:0,&quot;335559740&quot;:240}\">\u00a0<\/span><\/p>\n<p><span data-contrast=\"auto\">Por esta propuesta, Aguilar S\u00e1nchez reconoci\u00f3 la labor de la UV-Intercultural y de la Direcci\u00f3n General de Relaciones Internacionales (DGRI) en el sentido de ampliar los alcances y renovar los prop\u00f3sitos del programa.<\/span><span data-ccp-props=\"{&quot;201341983&quot;:0,&quot;335559731&quot;:708,&quot;335559739&quot;:0,&quot;335559740&quot;:240}\">\u00a0<\/span><\/p>\n<p><span data-contrast=\"auto\">\u201cLos invitamos a seguir desarrollando acciones conjuntas, ideas colectivas y trabajo colaborativo.\u201d<\/span><span data-ccp-props=\"{&quot;201341983&quot;:0,&quot;335559731&quot;:708,&quot;335559739&quot;:0,&quot;335559740&quot;:240}\">\u00a0<\/span><\/p>\n<p><span data-contrast=\"auto\">En tanto, Daniel Bello L\u00f3pez, director de la UV-Intercultural, subray\u00f3 que con esta iniciativa la entidad a su cargo y la DGRI exploran escenarios y contextos para la movilidad estudiantil en casa, la cual busca complementar la formaci\u00f3n de estudiantes de ambas licenciaturas a partir de la oferta de experiencias educativas (EE) del \u00c1rea de Formaci\u00f3n de Elecci\u00f3n Libre (AFEL).\u00a0<\/span><span data-ccp-props=\"{&quot;201341983&quot;:0,&quot;335559731&quot;:708,&quot;335559739&quot;:0,&quot;335559740&quot;:240}\">\u00a0<\/span><\/p>\n<p><span data-contrast=\"auto\">Esto, con la participaci\u00f3n de docentes y expertos del Instituto de Investigaciones Jur\u00eddicas (IIJ), de la Defensor\u00eda de los Derechos Universitarios y del MAX.\u00a0<\/span><span data-ccp-props=\"{&quot;201341983&quot;:0,&quot;335559731&quot;:708,&quot;335559739&quot;:0,&quot;335559740&quot;:240}\">\u00a0<\/span><\/p>\n<p>&nbsp;<\/p>\n<div id=\"attachment_125939\" style=\"width: 732px\" class=\"wp-caption aligncenter\"><img aria-describedby=\"caption-attachment-125939\" decoding=\"async\" loading=\"lazy\" class=\"size-full wp-image-125939\" src=\"https:\/\/www.uv.mx\/prensa\/files\/2023\/01\/060123-MOVILIDAD-UVI-3-100k.jpg\" alt=\"\" width=\"722\" height=\"482\" srcset=\"https:\/\/www.uv.mx\/prensa\/files\/2023\/01\/060123-MOVILIDAD-UVI-3-100k.jpg 722w, https:\/\/www.uv.mx\/prensa\/files\/2023\/01\/060123-MOVILIDAD-UVI-3-100k-300x200.jpg 300w\" sizes=\"(max-width: 722px) 100vw, 722px\" \/><p id=\"caption-attachment-125939\" class=\"wp-caption-text\">Daniel Bello L\u00f3pez, director de la UV-Intercultural, celebr\u00f3 el inicio de esta estrategia a favor de estudiantes de las cuatro sedes<\/p><\/div>\n<p>&nbsp;<\/p>\n<p><span data-contrast=\"auto\">Pero el programa va m\u00e1s all\u00e1, al emprender acciones de colaboraci\u00f3n intercultural con instituciones gubernamentales, organizaciones de la sociedad civil que ser\u00e1n visitadas por los estudiantes para explorar escenarios donde pongan en pr\u00e1ctica los saberes te\u00f3ricos y habilidades, desarrollen competencias para la resoluci\u00f3n de conflictos, problem\u00e1ticas e identificaci\u00f3n de necesidades que deber\u00e1n enfrentar a futuro en su desarrollo profesional.\u00a0<\/span><span data-ccp-props=\"{&quot;201341983&quot;:0,&quot;335559731&quot;:708,&quot;335559739&quot;:0,&quot;335559740&quot;:240}\">\u00a0<\/span><\/p>\n<p><span data-contrast=\"auto\">\u201cEs la primera vez que se promueve la movilidad de estudiantes de dos de sus PE consolidados, algunos de ellos pertenecen a pueblos originarios y hablantes de lenguas maternas\u201d, explic\u00f3.<\/span><span data-ccp-props=\"{&quot;201341983&quot;:0,&quot;335559731&quot;:708,&quot;335559739&quot;:0,&quot;335559740&quot;:240}\">\u00a0<\/span><\/p>\n<p><span data-contrast=\"auto\">En su intervenci\u00f3n, Mario Oliva Su\u00e1rez, titular de la DGRI, resalt\u00f3 que el binomio internacionalizaci\u00f3n-interculturalidad permea toda la actividad, tanto sustantiva, adjetiva y transversal de esta casa de estudios, y se proyecta a trav\u00e9s del Programa de Trabajo 2021-2025 \u201cPor una transformaci\u00f3n integral\u201d.<\/span><span data-ccp-props=\"{&quot;201341983&quot;:0,&quot;335559739&quot;:0,&quot;335559740&quot;:240}\">\u00a0<\/span><\/p>\n<p><span data-contrast=\"auto\">Dio a conocer que al Programa de Movilidad de la UV (<\/span><i><span data-contrast=\"auto\">Promuv<\/span><\/i><span data-contrast=\"auto\">) todos los alumnos y alumnas pueden acceder en un futuro para estancias nacionales e internacionales. No obstante, gracias al impulso del Programa de Movilidad Intra Regional adquirir\u00e1n una serie de conocimientos, atributos, competencias internacionales e interculturales que les permitir\u00e1n conocer nuevas experiencias educativas adicionales a las que normalmente tienen en sus sedes.<\/span><span data-ccp-props=\"{&quot;201341983&quot;:0,&quot;335559731&quot;:708,&quot;335559739&quot;:0,&quot;335559740&quot;:240}\">\u00a0<\/span><\/p>\n<p>&nbsp;<\/p>\n<div id=\"attachment_125940\" style=\"width: 732px\" class=\"wp-caption aligncenter\"><img aria-describedby=\"caption-attachment-125940\" decoding=\"async\" loading=\"lazy\" class=\"size-full wp-image-125940\" src=\"https:\/\/www.uv.mx\/prensa\/files\/2023\/01\/060123-MOVILIDAD-UVI-4-100k.jpg\" alt=\"\" width=\"722\" height=\"482\" srcset=\"https:\/\/www.uv.mx\/prensa\/files\/2023\/01\/060123-MOVILIDAD-UVI-4-100k.jpg 722w, https:\/\/www.uv.mx\/prensa\/files\/2023\/01\/060123-MOVILIDAD-UVI-4-100k-300x200.jpg 300w\" sizes=\"(max-width: 722px) 100vw, 722px\" \/><p id=\"caption-attachment-125940\" class=\"wp-caption-text\">Yajahira Miguel Toribio, alumna de la Licenciatura en Derecho con Enfoque de Pluralismo Jur\u00eddico, sede Totonacapan<\/p><\/div>\n<p>&nbsp;<\/p>\n<p><span data-contrast=\"auto\">Asimismo, Yajahira Miguel Toribio, estudiante de la Licenciatura en Derecho con Enfoque de Pluralismo Jur\u00eddico, de la sede Totonacapan, expres\u00f3 que este curso intersemestral fortalecer\u00e1 su crecimiento personal.<\/span><span data-ccp-props=\"{&quot;201341983&quot;:0,&quot;335559731&quot;:708,&quot;335559739&quot;:0,&quot;335559740&quot;:240}\">\u00a0<\/span><\/p>\n<p><span data-contrast=\"auto\">\u201cPara nosotros es la primera experiencia de movilidad en donde las sedes regionales de la UV-Intercultural estamos representados, nos encontramos lejos de nuestro lugar de origen para conocer m\u00e1s de cerca la UV, esto mediante actividades de difusi\u00f3n e inmersi\u00f3n cultural en las que participaremos durante la estancia.\u201d<\/span><span data-ccp-props=\"{&quot;201341983&quot;:0,&quot;335559731&quot;:708,&quot;335559739&quot;:0,&quot;335559740&quot;:240}\">\u00a0<\/span><\/p>\n<p><span data-contrast=\"auto\">Por lo anterior, agradeci\u00f3 al Rector y a las dependencias involucradas, por todas las gestiones realizadas para que esto fuera posible.<\/span><span data-ccp-props=\"{&quot;201341983&quot;:0,&quot;335559731&quot;:708,&quot;335559739&quot;:0,&quot;335559740&quot;:240}\">\u00a0<\/span><\/p>\n<p><span data-contrast=\"auto\">Estuvieron en el evento: Alfonso Colorado Hern\u00e1ndez, Arturo Miguel Ch\u00edpuli Castillo y Alfredo Delgado Calder\u00f3n, directores de Difusi\u00f3n Cultural, del IIJ y del MAX, respectivamente.<\/span><span data-ccp-props=\"{&quot;201341983&quot;:0,&quot;335559731&quot;:708,&quot;335559739&quot;:0,&quot;335559740&quot;:240}\">\u00a0<\/span><\/p>\n<p><span data-contrast=\"auto\">Tambi\u00e9n, Olivia del Carmen Ch\u00e1vez Uscanga, defensora de los Derechos Universitarios, y Norma Trujillo B\u00e1ez, titular de la Direcci\u00f3n General de Comunicaci\u00f3n Universitaria.<\/span><span data-ccp-props=\"{&quot;201341983&quot;:0,&quot;335559731&quot;:708,&quot;335559739&quot;:0,&quot;335559740&quot;:240}\">\u00a0<\/span><\/p>\n<p><span data-ccp-props=\"{&quot;201341983&quot;:0,&quot;335559739&quot;:0,&quot;335559740&quot;:240}\">\u00a0<\/span><\/p>\n<div id=\"attachment_125941\" style=\"width: 732px\" class=\"wp-caption aligncenter\"><img aria-describedby=\"caption-attachment-125941\" decoding=\"async\" loading=\"lazy\" class=\"size-full wp-image-125941\" src=\"https:\/\/www.uv.mx\/prensa\/files\/2023\/01\/060123-MOVILIDAD-UVI-5-100k.jpg\" alt=\"\" width=\"722\" height=\"482\" srcset=\"https:\/\/www.uv.mx\/prensa\/files\/2023\/01\/060123-MOVILIDAD-UVI-5-100k.jpg 722w, https:\/\/www.uv.mx\/prensa\/files\/2023\/01\/060123-MOVILIDAD-UVI-5-100k-300x200.jpg 300w\" sizes=\"(max-width: 722px) 100vw, 722px\" \/><p id=\"caption-attachment-125941\" class=\"wp-caption-text\">Luego de la inauguraci\u00f3n, los universitarios realizaron un recorrido por las instalaciones del MAX<span style=\"font-size: 16px\">\u00a0<\/span><\/p><\/div>\n","protected":false},"excerpt":{"rendered":"<p>Durante un mes realizar\u00e1n actividades acad\u00e9micas y extracurriculares, visitar\u00e1n espacios universitarios y externos, lo cual coadyuvar\u00e1 a su formaci\u00f3n personal y profesional\u00a0<\/p>\n","protected":false},"author":1869,"featured_media":125951,"comment_status":"closed","ping_status":"closed","sticky":false,"template":"","format":"standard","meta":[],"categories":[47,1,61],"tags":[6263,4163,193,246,102,6558,6632],"_links":{"self":[{"href":"https:\/\/www.uv.mx\/prensa\/wp-json\/wp\/v2\/posts\/125950"}],"collection":[{"href":"https:\/\/www.uv.mx\/prensa\/wp-json\/wp\/v2\/posts"}],"about":[{"href":"https:\/\/www.uv.mx\/prensa\/wp-json\/wp\/v2\/types\/post"}],"author":[{"embeddable":true,"href":"https:\/\/www.uv.mx\/prensa\/wp-json\/wp\/v2\/users\/1869"}],"replies":[{"embeddable":true,"href":"https:\/\/www.uv.mx\/prensa\/wp-json\/wp\/v2\/comments?post=125950"}],"version-history":[{"count":1,"href":"https:\/\/www.uv.mx\/prensa\/wp-json\/wp\/v2\/posts\/125950\/revisions"}],"predecessor-version":[{"id":125984,"href":"https:\/\/www.uv.mx\/prensa\/wp-json\/wp\/v2\/posts\/125950\/revisions\/125984"}],"wp:featuredmedia":[{"embeddable":true,"href":"https:\/\/www.uv.mx\/prensa\/wp-json\/wp\/v2\/media\/125951"}],"wp:attachment":[{"href":"https:\/\/www.uv.mx\/prensa\/wp-json\/wp\/v2\/media?parent=125950"}],"wp:term":[{"taxonomy":"category","embeddable":true,"href":"https:\/\/www.uv.mx\/prensa\/wp-json\/wp\/v2\/categories?post=125950"},{"taxonomy":"post_tag","embeddable":true,"href":"https:\/\/www.uv.mx\/prensa\/wp-json\/wp\/v2\/tags?post=125950"}],"curies":[{"name":"wp","href":"https:\/\/api.w.org\/{rel}","templated":true}]}}