{"id":126018,"date":"2023-01-10T15:24:22","date_gmt":"2023-01-10T21:24:22","guid":{"rendered":"https:\/\/www.uv.mx\/prensa\/?p=126018"},"modified":"2023-01-11T13:21:30","modified_gmt":"2023-01-11T19:21:30","slug":"uv-imparte-diplomado-sobre-redaccion-de-articulos-cientificos","status":"publish","type":"post","link":"https:\/\/www.uv.mx\/prensa\/general\/uv-imparte-diplomado-sobre-redaccion-de-articulos-cientificos\/","title":{"rendered":"UV imparte diplomado sobre redacci\u00f3n de art\u00edculos cient\u00edficos"},"content":{"rendered":"<ul style=\"font-weight: 400\">\n<li data-leveltext=\"\uf0b7\" data-font=\"Symbol\" data-listid=\"1\" data-list-defn-props=\"{&quot;335552541&quot;:1,&quot;335559684&quot;:-2,&quot;335559685&quot;:720,&quot;335559991&quot;:360,&quot;469769226&quot;:&quot;Symbol&quot;,&quot;469769242&quot;:[8226],&quot;469777803&quot;:&quot;left&quot;,&quot;469777804&quot;:&quot;\uf0b7&quot;,&quot;469777815&quot;:&quot;hybridMultilevel&quot;}\" data-aria-posinset=\"1\" data-aria-level=\"1\"><i><span data-contrast=\"auto\">Roberto Zenteno, director general de Investigaciones, dijo que se ofrece a petici\u00f3n de docentes e investigadores universitarios<\/span><\/i><span data-ccp-props=\"{}\">\u00a0<\/span><\/li>\n<li data-leveltext=\"\uf0b7\" data-font=\"Symbol\" data-listid=\"1\" data-list-defn-props=\"{&quot;335552541&quot;:1,&quot;335559684&quot;:-2,&quot;335559685&quot;:720,&quot;335559991&quot;:360,&quot;469769226&quot;:&quot;Symbol&quot;,&quot;469769242&quot;:[8226],&quot;469777803&quot;:&quot;left&quot;,&quot;469777804&quot;:&quot;\uf0b7&quot;,&quot;469777815&quot;:&quot;hybridMultilevel&quot;}\" data-aria-posinset=\"2\" data-aria-level=\"1\"><i><span data-contrast=\"auto\">La conferencia inaugural, \u201cArte y ciencia, una convergencia posible\u201d, fue dictada por Alfonso Colorado, titular de la Direcci\u00f3n General de Difusi\u00f3n Cultural<\/span><\/i><span data-ccp-props=\"{}\">\u00a0<\/span><\/li>\n<\/ul>\n<div id=\"attachment_126022\" style=\"width: 732px\" class=\"wp-caption aligncenter\"><a href=\"https:\/\/www.uv.mx\/prensa\/files\/2023\/01\/090123-PAOLA-Curso-Ciencias-biome\u0301dicas-1.jpg\"><img aria-describedby=\"caption-attachment-126022\" decoding=\"async\" loading=\"lazy\" class=\"size-full wp-image-126022\" src=\"https:\/\/www.uv.mx\/prensa\/files\/2023\/01\/090123-PAOLA-Curso-Ciencias-biome\u0301dicas-1.jpg\" alt=\"\" width=\"722\" height=\"457\" srcset=\"https:\/\/www.uv.mx\/prensa\/files\/2023\/01\/090123-PAOLA-Curso-Ciencias-biome\u0301dicas-1.jpg 722w, https:\/\/www.uv.mx\/prensa\/files\/2023\/01\/090123-PAOLA-Curso-Ciencias-biome\u0301dicas-1-300x190.jpg 300w\" sizes=\"(max-width: 722px) 100vw, 722px\" \/><\/a><p id=\"caption-attachment-126022\" class=\"wp-caption-text\">Roberto Zenteno dijo que es necesario impartir cursos sobre redacci\u00f3n y publicaci\u00f3n de art\u00edculos cient\u00edficos<\/p><\/div>\n<p>&nbsp;<\/p>\n<p><b><i><span data-contrast=\"auto\">Texto y fotos: Paola Cort\u00e9s P\u00e9rez<\/span><\/i><\/b><span data-ccp-props=\"{}\">\u00a0<\/span><\/p>\n<p><b><i><span data-contrast=\"auto\">10\/01\/2023, Xalapa, Ver.-<\/span><\/i><\/b><span data-contrast=\"auto\"> La <a href=\"https:\/\/www.uv.mx\/\" target=\"_blank\" rel=\"noopener\">Universidad Veracruzana<\/a> (UV), preocupada e interesada en desarrollar y mejorar las habilidades de redacci\u00f3n y publicaci\u00f3n de art\u00edculos cient\u00edficos entre la comunidad universitaria, imparte el Diplomado \u201cHerramientas para la escritura y publicaci\u00f3n cient\u00edfica\u201d.<\/span><span data-ccp-props=\"{}\">\u00a0<\/span><\/p>\n<p><span data-contrast=\"auto\">En la ceremonia de inauguraci\u00f3n, realizada de manera presencial y virtual, el director general de Investigaciones de la UV, Roberto Zenteno Cuevas, comparti\u00f3 que recientemente se hizo un estudio sobre las principales necesidades que tienen los investigadores y fueron identificadas tres: falta de financiamiento, desconocimiento de lo que hacen otros colegas y c\u00f3mo redactar, ya que no tienen competencias bien establecidas y estructuradas para comunicar el resultado de sus investigaciones.<\/span><span data-ccp-props=\"{&quot;335559731&quot;:708}\">\u00a0<\/span><\/p>\n<p><span data-contrast=\"auto\">\u201cNos da gusto que se lleven a cabo este tipo de cursos, que es una necesidad planteada por ellos mismos. Adem\u00e1s, pone \u00e9nfasis en los procesos que van m\u00e1s all\u00e1 del desarrollo de una tesis o la entrega de un art\u00edculo para su publicaci\u00f3n.\u201d<\/span><span data-ccp-props=\"{&quot;335559731&quot;:708}\">\u00a0<\/span><\/p>\n<p><span data-contrast=\"auto\">El diplomado, registrado y autorizado por el Departamento de Educaci\u00f3n Continua de la UV, est\u00e1 dirigido a docentes, investigadores y estudiantes de posgrado interesados en desarrollar habilidades para la redacci\u00f3n y publicaci\u00f3n de art\u00edculos cient\u00edficos originales, que permitan incrementar el impacto y la visibilidad de la investigaci\u00f3n.<\/span><span data-ccp-props=\"{&quot;335559731&quot;:708}\">\u00a0<\/span><\/p>\n<p>&nbsp;<\/p>\n<div id=\"attachment_126023\" style=\"width: 732px\" class=\"wp-caption aligncenter\"><a href=\"https:\/\/www.uv.mx\/prensa\/files\/2023\/01\/090123-PAOLA-Curso-Ciencias-biome\u0301dicas-2.jpg\"><img aria-describedby=\"caption-attachment-126023\" decoding=\"async\" loading=\"lazy\" class=\"size-full wp-image-126023\" src=\"https:\/\/www.uv.mx\/prensa\/files\/2023\/01\/090123-PAOLA-Curso-Ciencias-biome\u0301dicas-2.jpg\" alt=\"\" width=\"722\" height=\"334\" srcset=\"https:\/\/www.uv.mx\/prensa\/files\/2023\/01\/090123-PAOLA-Curso-Ciencias-biome\u0301dicas-2.jpg 722w, https:\/\/www.uv.mx\/prensa\/files\/2023\/01\/090123-PAOLA-Curso-Ciencias-biome\u0301dicas-2-300x139.jpg 300w\" sizes=\"(max-width: 722px) 100vw, 722px\" \/><\/a><p id=\"caption-attachment-126023\" class=\"wp-caption-text\">Alfonso Colorado habl\u00f3 de las diferencias y coincidencias entre ciencia y arte<\/p><\/div>\n<p>&nbsp;<\/p>\n<p><b><span data-contrast=\"auto\">Arte y ciencia<\/span><\/b><span data-ccp-props=\"{}\">\u00a0<\/span><\/p>\n<p><span data-contrast=\"auto\">El director general de Difusi\u00f3n Cultural de la UV, Alfonso Colorado Hern\u00e1ndez, dict\u00f3 la conferencia inaugural intitulada \u201cArte y ciencia, una convergencia posible\u201d. En ella habl\u00f3 de definiciones de ambos conceptos, sus diferencias y sus coincidencias.<\/span><span data-ccp-props=\"{}\">\u00a0<\/span><\/p>\n<p><span data-contrast=\"auto\">\u201cEmpecemos por definir ciencia y arte. En especial porque en el imaginario extendido, la ciencia tiene que ver con cuestiones claras como lo racional, lo general y lo impersonal; en tanto, el arte es justo lo opuesto, est\u00e1 relacionado con lo individual y lo emotivo. Sin embargo, eventualmente puede ser as\u00ed, pero no necesariamente.\u201d<\/span><span data-ccp-props=\"{&quot;335559731&quot;:708}\">\u00a0<\/span><\/p>\n<p><span data-contrast=\"auto\">Colorado Hern\u00e1ndez mencion\u00f3 que la ciencia y el arte se han entendido como una dicotom\u00eda; se observa cuando el arte se asocia a la creaci\u00f3n y la ciencia, \u2013en t\u00e9rminos generales\u2013 a la destrucci\u00f3n.<\/span><span data-ccp-props=\"{&quot;335559731&quot;:708}\">\u00a0<\/span><\/p>\n<p><span data-contrast=\"auto\">\u201cEl artista genera algo que no existe, que sale de la imaginaci\u00f3n, de la potencia creadora; mientras que el cient\u00edfico describe la realidad y los sistemas que presenta de manera sint\u00e9tica en f\u00f3rmulas, teoremas, axiomas y leyes.\u201d<\/span><span data-ccp-props=\"{&quot;335559731&quot;:708}\">\u00a0<\/span><\/p>\n<p><span data-contrast=\"auto\">Por otro lado, plante\u00f3 Alfonso Colorado, muy a menudo la ciencia crea y muy a menudo el arte describe. Lo que hace el arte es an\u00e1lisis y la ciencia tambi\u00e9n realiza ficci\u00f3n.<\/span><span data-ccp-props=\"{&quot;335559731&quot;:708}\">\u00a0<\/span><\/p>\n<p><span data-contrast=\"auto\">\u201cMuchas obras art\u00edsticas describen procesos generales, sociales, pol\u00edticos, econ\u00f3micos y epistemol\u00f3gicos de manera sistem\u00e1tica. El elemento creativo en la ciencia puede verse claramente; su potencial l\u00f3gico, anal\u00edtico, intuitivo, creativo y emotivo tiene un papel importante.\u201d<\/span><span data-ccp-props=\"{&quot;335559731&quot;:708}\">\u00a0<\/span><\/p>\n<p><span data-contrast=\"auto\">A la actividad inaugural asistieron Rossana Zepeda Hern\u00e1ndez, coordinadora del Centro de Investigaciones Biom\u00e9dicas, y Guiomar Melgar Lalanne, investigadora del Instituto de Ciencias B\u00e1sicas y coordinadora del diplomado.<\/span><span data-ccp-props=\"{&quot;335559731&quot;:708}\">\u00a0<\/span><\/p>\n","protected":false},"excerpt":{"rendered":"<p>Su objetivo es desarrollar habilidades para la redacci\u00f3n y publicaci\u00f3n de art\u00edculos cient\u00edficos originales, que incrementen la visibilidad de la investigaci\u00f3n <\/p>\n","protected":false},"author":1809,"featured_media":126021,"comment_status":"closed","ping_status":"closed","sticky":false,"template":"","format":"standard","meta":[],"categories":[45,47,1,61],"tags":[744,3076,7030,75,9871,277,4164],"_links":{"self":[{"href":"https:\/\/www.uv.mx\/prensa\/wp-json\/wp\/v2\/posts\/126018"}],"collection":[{"href":"https:\/\/www.uv.mx\/prensa\/wp-json\/wp\/v2\/posts"}],"about":[{"href":"https:\/\/www.uv.mx\/prensa\/wp-json\/wp\/v2\/types\/post"}],"author":[{"embeddable":true,"href":"https:\/\/www.uv.mx\/prensa\/wp-json\/wp\/v2\/users\/1809"}],"replies":[{"embeddable":true,"href":"https:\/\/www.uv.mx\/prensa\/wp-json\/wp\/v2\/comments?post=126018"}],"version-history":[{"count":1,"href":"https:\/\/www.uv.mx\/prensa\/wp-json\/wp\/v2\/posts\/126018\/revisions"}],"predecessor-version":[{"id":126034,"href":"https:\/\/www.uv.mx\/prensa\/wp-json\/wp\/v2\/posts\/126018\/revisions\/126034"}],"wp:featuredmedia":[{"embeddable":true,"href":"https:\/\/www.uv.mx\/prensa\/wp-json\/wp\/v2\/media\/126021"}],"wp:attachment":[{"href":"https:\/\/www.uv.mx\/prensa\/wp-json\/wp\/v2\/media?parent=126018"}],"wp:term":[{"taxonomy":"category","embeddable":true,"href":"https:\/\/www.uv.mx\/prensa\/wp-json\/wp\/v2\/categories?post=126018"},{"taxonomy":"post_tag","embeddable":true,"href":"https:\/\/www.uv.mx\/prensa\/wp-json\/wp\/v2\/tags?post=126018"}],"curies":[{"name":"wp","href":"https:\/\/api.w.org\/{rel}","templated":true}]}}