{"id":126244,"date":"2023-01-21T08:00:10","date_gmt":"2023-01-21T14:00:10","guid":{"rendered":"https:\/\/www.uv.mx\/prensa\/?p=126244"},"modified":"2023-01-24T13:06:18","modified_gmt":"2023-01-24T19:06:18","slug":"uv-impartio-curso-para-la-formacion-de-profesores-de-derecho-romano","status":"publish","type":"post","link":"https:\/\/www.uv.mx\/prensa\/eventos\/uv-impartio-curso-para-la-formacion-de-profesores-de-derecho-romano\/","title":{"rendered":"UV imparti\u00f3 curso para la formaci\u00f3n de profesores de Derecho Romano"},"content":{"rendered":"<ul style=\"font-weight: 400\">\n<li data-leveltext=\"\uf0b7\" data-font=\"Symbol\" data-listid=\"1\" data-list-defn-props=\"{&quot;335551671&quot;:20,&quot;335552541&quot;:1,&quot;335559684&quot;:-2,&quot;335559685&quot;:720,&quot;335559991&quot;:360,&quot;469769226&quot;:&quot;Symbol&quot;,&quot;469769242&quot;:[8226],&quot;469777803&quot;:&quot;left&quot;,&quot;469777804&quot;:&quot;\uf0b7&quot;,&quot;469777815&quot;:&quot;hybridMultilevel&quot;}\" data-aria-posinset=\"20\" data-aria-level=\"1\"><i><span data-contrast=\"auto\">Es una disciplina hist\u00f3rica y pr\u00e1ctica que permite al estudiante resolver problemas cotidianos<\/span><\/i><span data-ccp-props=\"{&quot;201341983&quot;:0,&quot;335559739&quot;:0,&quot;335559740&quot;:240}\">\u00a0<\/span><\/li>\n<li data-leveltext=\"\uf0b7\" data-font=\"Symbol\" data-listid=\"1\" data-list-defn-props=\"{&quot;335551671&quot;:20,&quot;335552541&quot;:1,&quot;335559684&quot;:-2,&quot;335559685&quot;:720,&quot;335559991&quot;:360,&quot;469769226&quot;:&quot;Symbol&quot;,&quot;469769242&quot;:[8226],&quot;469777803&quot;:&quot;left&quot;,&quot;469777804&quot;:&quot;\uf0b7&quot;,&quot;469777815&quot;:&quot;hybridMultilevel&quot;}\" data-aria-posinset=\"20\" data-aria-level=\"1\"><i><span data-contrast=\"auto\">Se ofrece a trav\u00e9s del Seminario de Derecho Romano y Derechos Ind\u00edgenas<\/span><\/i><span data-ccp-props=\"{&quot;201341983&quot;:0,&quot;335559739&quot;:0,&quot;335559740&quot;:240}\">\u00a0<\/span><\/li>\n<\/ul>\n<p>&nbsp;<\/p>\n<div id=\"attachment_126248\" style=\"width: 732px\" class=\"wp-caption aligncenter\"><img aria-describedby=\"caption-attachment-126248\" decoding=\"async\" loading=\"lazy\" class=\"size-full wp-image-126248\" src=\"https:\/\/www.uv.mx\/prensa\/files\/2023\/01\/18012023-Profesores-Derecho-Romano-1.jpg\" alt=\"\" width=\"722\" height=\"458\" srcset=\"https:\/\/www.uv.mx\/prensa\/files\/2023\/01\/18012023-Profesores-Derecho-Romano-1.jpg 722w, https:\/\/www.uv.mx\/prensa\/files\/2023\/01\/18012023-Profesores-Derecho-Romano-1-300x190.jpg 300w\" sizes=\"(max-width: 722px) 100vw, 722px\" \/><p id=\"caption-attachment-126248\" class=\"wp-caption-text\">Jos\u00e9 Luis Cuevas Gayosso, profesor en el Seminario de Derecho Romano y Derechos Ind\u00edgenas<\/p><\/div>\n<p>&nbsp;<\/p>\n<p><b><i><span data-contrast=\"auto\">Jos\u00e9 Luis Couttolenc Soto<\/span><\/i><\/b><span data-ccp-props=\"{&quot;201341983&quot;:0,&quot;335559739&quot;:0,&quot;335559740&quot;:240}\">\u00a0<\/span><\/p>\n<p><b><i><span data-contrast=\"auto\">Fotos: Omar Portilla Palacios<\/span><\/i><\/b><span data-ccp-props=\"{&quot;201341983&quot;:0,&quot;335559739&quot;:0,&quot;335559740&quot;:240}\">\u00a0<\/span><\/p>\n<p><b><i><span data-contrast=\"auto\">21\/01\/2023, Xalapa, Ver.- <\/span><\/i><\/b><span data-contrast=\"auto\">El derecho romano es considerado como el eje medular para la adecuada comprensi\u00f3n de las problem\u00e1ticas contempor\u00e1neas, por lo que la Universidad Veracruzana (UV) imparti\u00f3 del 16 al 20 de enero un curso para la formaci\u00f3n y actualizaci\u00f3n de profesores de Derecho Romano, el cual est\u00e1 a cargo de reconocidos estudiosos de esta disciplina acad\u00e9mica.<\/span><span data-ccp-props=\"{&quot;201341983&quot;:0,&quot;335559739&quot;:0,&quot;335559740&quot;:240}\">\u00a0<\/span><\/p>\n<p><span data-contrast=\"auto\">El curso const\u00f3 de 20 horas y fue impartido en la sede del Seminario de Derecho Romano y Derechos Ind\u00edgenas: las instalaciones de la <a href=\"https:\/\/www.uv.mx\/derecho\/\" target=\"_blank\" rel=\"noopener\">Facultad de Derecho<\/a>; al t\u00e9rmino del mismo, el Departamento de Educaci\u00f3n Continua de esta casa de estudios expedi\u00f3 constancias de participaci\u00f3n, inform\u00f3 Jos\u00e9 Luis Cuevas Gayosso, acad\u00e9mico de la entidad universitaria y del seminario.<\/span><span data-ccp-props=\"{&quot;201341983&quot;:0,&quot;335559739&quot;:0,&quot;335559740&quot;:240}\">\u00a0<\/span><\/p>\n<p>&nbsp;<\/p>\n<div id=\"attachment_126247\" style=\"width: 732px\" class=\"wp-caption aligncenter\"><img aria-describedby=\"caption-attachment-126247\" decoding=\"async\" loading=\"lazy\" class=\"size-full wp-image-126247\" src=\"https:\/\/www.uv.mx\/prensa\/files\/2023\/01\/18012023-Profesores-Derecho-Romano-2.jpg\" alt=\"\" width=\"722\" height=\"481\" srcset=\"https:\/\/www.uv.mx\/prensa\/files\/2023\/01\/18012023-Profesores-Derecho-Romano-2.jpg 722w, https:\/\/www.uv.mx\/prensa\/files\/2023\/01\/18012023-Profesores-Derecho-Romano-2-300x200.jpg 300w\" sizes=\"(max-width: 722px) 100vw, 722px\" \/><p id=\"caption-attachment-126247\" class=\"wp-caption-text\">Al curso asisten profesores de diversas universidades e instituciones educativas<\/p><\/div>\n<p>&nbsp;<\/p>\n<p><span data-contrast=\"auto\">Explic\u00f3 que el derecho romano no es s\u00f3lo una disciplina hist\u00f3rica, sino tambi\u00e9n pr\u00e1ctica, que permite al estudiante resolver problemas cotidianos, por lo que participaron profesores de la UV, Universidad de Xalapa, Universidad \u201cJean Piaget\u201d del puerto de Veracruz, Universidad Popular Aut\u00f3noma de Veracruz (UPAV) y del Colegio de Veracruz (<\/span><i><span data-contrast=\"auto\">Colver<\/span><\/i><span data-contrast=\"auto\">).<\/span><span data-ccp-props=\"{&quot;201341983&quot;:0,&quot;335559739&quot;:0,&quot;335559740&quot;:240}\">\u00a0<\/span><\/p>\n<p><span data-contrast=\"auto\">La parte introductoria al curso estuvo a cargo de Rodolfo Jorge Ortiz Escobar, quien habl\u00f3 de los pueblos mesoamericanos; mientras tanto, los tres m\u00f3dulos son: I Origen poder-cosas. El principio de la buena fe como base del derecho privado, a cargo de Bertha Alicia Ram\u00edrez Arce; II Modos de adquirir el dominio y su importancia en el C\u00f3digo Civil Mexicano. La usucapi\u00f3n. Los <\/span><i><span data-contrast=\"auto\">iura in re aliena<\/span><\/i><span data-contrast=\"auto\">, a cargo de Jos\u00e9 Luis Cuevas Gayosso; III <\/span><i><span data-contrast=\"auto\">La obligatio<\/span><\/i><span data-contrast=\"auto\"> del <\/span><i><span data-contrast=\"auto\">nexum<\/span><\/i><span data-contrast=\"auto\"> romano a la obligaci\u00f3n en el derecho civil actual. Utilidad de las reglas romanas para la interpretaci\u00f3n de los contratos, a cargo de Daniel del \u00c1ngel P\u00e9rez.<\/span><span data-ccp-props=\"{&quot;201341983&quot;:0,&quot;335559739&quot;:0,&quot;335559740&quot;:240}\">\u00a0<\/span><\/p>\n<p><span data-contrast=\"auto\">Las actividades fueron coordinadas por el cuerpo acad\u00e9mico <\/span><i><span data-contrast=\"auto\">Ratio Legis <\/span><\/i><span data-contrast=\"auto\">y se relizaron en horario vespertino<\/span><span data-contrast=\"auto\">.<\/span><span data-ccp-props=\"{&quot;201341983&quot;:0,&quot;335559739&quot;:0,&quot;335559740&quot;:240}\">\u00a0<\/span><\/p>\n","protected":false},"excerpt":{"rendered":"<p>Consta de 20 horas y el Departamento de Educaci\u00f3n Continua expedir\u00e1 constancias de participaci\u00f3n <\/p>\n","protected":false},"author":1810,"featured_media":126248,"comment_status":"closed","ping_status":"closed","sticky":false,"template":"","format":"standard","meta":[],"categories":[47],"tags":[3305,6687,524,4162,6462],"_links":{"self":[{"href":"https:\/\/www.uv.mx\/prensa\/wp-json\/wp\/v2\/posts\/126244"}],"collection":[{"href":"https:\/\/www.uv.mx\/prensa\/wp-json\/wp\/v2\/posts"}],"about":[{"href":"https:\/\/www.uv.mx\/prensa\/wp-json\/wp\/v2\/types\/post"}],"author":[{"embeddable":true,"href":"https:\/\/www.uv.mx\/prensa\/wp-json\/wp\/v2\/users\/1810"}],"replies":[{"embeddable":true,"href":"https:\/\/www.uv.mx\/prensa\/wp-json\/wp\/v2\/comments?post=126244"}],"version-history":[{"count":1,"href":"https:\/\/www.uv.mx\/prensa\/wp-json\/wp\/v2\/posts\/126244\/revisions"}],"predecessor-version":[{"id":126403,"href":"https:\/\/www.uv.mx\/prensa\/wp-json\/wp\/v2\/posts\/126244\/revisions\/126403"}],"wp:featuredmedia":[{"embeddable":true,"href":"https:\/\/www.uv.mx\/prensa\/wp-json\/wp\/v2\/media\/126248"}],"wp:attachment":[{"href":"https:\/\/www.uv.mx\/prensa\/wp-json\/wp\/v2\/media?parent=126244"}],"wp:term":[{"taxonomy":"category","embeddable":true,"href":"https:\/\/www.uv.mx\/prensa\/wp-json\/wp\/v2\/categories?post=126244"},{"taxonomy":"post_tag","embeddable":true,"href":"https:\/\/www.uv.mx\/prensa\/wp-json\/wp\/v2\/tags?post=126244"}],"curies":[{"name":"wp","href":"https:\/\/api.w.org\/{rel}","templated":true}]}}