{"id":126301,"date":"2023-01-19T18:20:06","date_gmt":"2023-01-20T00:20:06","guid":{"rendered":"https:\/\/www.uv.mx\/prensa\/?p=126301"},"modified":"2023-01-24T13:14:14","modified_gmt":"2023-01-24T19:14:14","slug":"fauv-aplica-examen-general-de-conocimientos-a-estudiantes-y-egresados","status":"publish","type":"post","link":"https:\/\/www.uv.mx\/prensa\/general\/fauv-aplica-examen-general-de-conocimientos-a-estudiantes-y-egresados\/","title":{"rendered":"FAUV aplica Examen General de Conocimientos a estudiantes y egresados\u00a0"},"content":{"rendered":"<ul>\n<li data-leveltext=\"\uf0b7\" data-font=\"Symbol\" data-listid=\"6\" data-list-defn-props=\"{&quot;335552541&quot;:1,&quot;335559684&quot;:-2,&quot;335559685&quot;:720,&quot;335559991&quot;:360,&quot;469769226&quot;:&quot;Symbol&quot;,&quot;469769242&quot;:[8226],&quot;469777803&quot;:&quot;left&quot;,&quot;469777804&quot;:&quot;\uf0b7&quot;,&quot;469777815&quot;:&quot;hybridMultilevel&quot;}\" data-aria-posinset=\"1\" data-aria-level=\"1\"><i><span data-contrast=\"auto\">A trav\u00e9s de esta prueba, deben realizar un proyecto arquitect\u00f3nico completo que incluya una idea conceptual y an\u00e1lisis del lugar en el que se desarrollar\u00e1<\/span><\/i><span data-ccp-props=\"{}\">\u00a0<\/span><\/li>\n<\/ul>\n<p><span data-ccp-props=\"{}\">\u00a0<\/span><\/p>\n<p><b><span data-contrast=\"auto\">\u00a0<\/span><\/b><\/p>\n<div id=\"attachment_126304\" style=\"width: 732px\" class=\"wp-caption aligncenter\"><img aria-describedby=\"caption-attachment-126304\" decoding=\"async\" loading=\"lazy\" class=\"size-full wp-image-126304\" src=\"https:\/\/www.uv.mx\/prensa\/files\/2023\/01\/190123-CARLOS-Examen-FAUV-1.jpg\" alt=\"\" width=\"722\" height=\"350\" srcset=\"https:\/\/www.uv.mx\/prensa\/files\/2023\/01\/190123-CARLOS-Examen-FAUV-1.jpg 722w, https:\/\/www.uv.mx\/prensa\/files\/2023\/01\/190123-CARLOS-Examen-FAUV-1-300x145.jpg 300w\" sizes=\"(max-width: 722px) 100vw, 722px\" \/><p id=\"caption-attachment-126304\" class=\"wp-caption-text\">En el Examen General de Conocimientos se realiza un proyecto arquitect\u00f3nico desde cero<\/p><\/div>\n<p><span data-ccp-props=\"{}\">\u00a0<\/span><\/p>\n<div id=\"attachment_126305\" style=\"width: 732px\" class=\"wp-caption aligncenter\"><img aria-describedby=\"caption-attachment-126305\" decoding=\"async\" loading=\"lazy\" class=\"size-full wp-image-126305\" src=\"https:\/\/www.uv.mx\/prensa\/files\/2023\/01\/190123-CARLOS-Examen-FAUV-2.jpg\" alt=\"\" width=\"722\" height=\"357\" srcset=\"https:\/\/www.uv.mx\/prensa\/files\/2023\/01\/190123-CARLOS-Examen-FAUV-2.jpg 722w, https:\/\/www.uv.mx\/prensa\/files\/2023\/01\/190123-CARLOS-Examen-FAUV-2-300x148.jpg 300w\" sizes=\"(max-width: 722px) 100vw, 722px\" \/><p id=\"caption-attachment-126305\" class=\"wp-caption-text\">Directivos y maestros de la FAUV, junto con estudiantes que presentan el EGC<\/p><\/div>\n<p>&nbsp;<\/p>\n<p><b><i><span data-contrast=\"auto\">Carlos Hugo Hermida Rosales<\/span><\/i><\/b><span data-ccp-props=\"{}\">\u00a0<\/span><\/p>\n<p><b><i><span data-contrast=\"auto\">Fot\u00f3grafo: Omar Portilla Palacios<\/span><\/i><\/b><span data-ccp-props=\"{}\">\u00a0<\/span><\/p>\n<p><b><i><span data-contrast=\"auto\">19\/01\/2023, Xalapa, Ver.-<\/span><\/i><\/b><span data-contrast=\"auto\"> Estudiantes y egresados de la <a href=\"https:\/\/www.uv.mx\/arquitectura\/\" target=\"_blank\" rel=\"noopener\">Facultad de Arquitectura<\/a> de la Universidad Veracruzana (FAUV) realizan el Examen General de Conocimientos (EGC), en el que ponen a prueba lo aprendido durante su formaci\u00f3n acad\u00e9mica mediante el desarrollo de un proyecto arquitect\u00f3nico.<\/span><span data-ccp-props=\"{}\">\u00a0<\/span><\/p>\n<p><span data-contrast=\"auto\">Luz Ariadna Velasco Montiel, catedr\u00e1tica de la Facultad y coordinadora del EGC, mencion\u00f3 que esta evaluaci\u00f3n tiene una duraci\u00f3n de dos semanas y es una de las opciones para obtener el t\u00edtulo de Licenciado en Arquitectura.<\/span><span data-ccp-props=\"{&quot;335559731&quot;:708}\">\u00a0<\/span><\/p>\n<p><span data-contrast=\"auto\">En el lapso citado deben realizar un proyecto arquitect\u00f3nico completo, que incluya una idea conceptual y el an\u00e1lisis del lugar en el que se desarrollar\u00e1, as\u00ed como la definici\u00f3n de materiales, estudios sobre la infraestructura y emplazamiento del terreno.<\/span><span data-ccp-props=\"{&quot;335559731&quot;:708}\">\u00a0<\/span><\/p>\n<p><span data-contrast=\"auto\">La docente puntualiz\u00f3 que el EGC cambia de tema cada a\u00f1o, y en esta ocasi\u00f3n aborda una galer\u00eda de arte con espacios para talleres individuales.<\/span><span data-ccp-props=\"{&quot;335559731&quot;:708}\">\u00a0<\/span><\/p>\n<p>&nbsp;<\/p>\n<div id='gallery-1' class='gallery galleryid-126301 gallery-columns-2 gallery-size-full'><dl class='gallery-item'>\n\t\t\t<dt class='gallery-icon landscape'>\n\t\t\t\t<a href='https:\/\/www.uv.mx\/prensa\/files\/2023\/01\/190123-CARLOS-Examen-FAUV-3.jpg'><img width=\"722\" height=\"456\" src=\"https:\/\/www.uv.mx\/prensa\/files\/2023\/01\/190123-CARLOS-Examen-FAUV-3.jpg\" class=\"attachment-full size-full\" alt=\"\" decoding=\"async\" loading=\"lazy\" aria-describedby=\"gallery-1-126306\" srcset=\"https:\/\/www.uv.mx\/prensa\/files\/2023\/01\/190123-CARLOS-Examen-FAUV-3.jpg 722w, https:\/\/www.uv.mx\/prensa\/files\/2023\/01\/190123-CARLOS-Examen-FAUV-3-300x189.jpg 300w, https:\/\/www.uv.mx\/prensa\/files\/2023\/01\/190123-CARLOS-Examen-FAUV-3-200x125.jpg 200w\" sizes=\"(max-width: 722px) 100vw, 722px\" \/><\/a>\n\t\t\t<\/dt>\n\t\t\t\t<dd class='wp-caption-text gallery-caption' id='gallery-1-126306'>\n\t\t\t\tFernando Vargas S\u00e1nchez\n\t\t\t\t<\/dd><\/dl><dl class='gallery-item'>\n\t\t\t<dt class='gallery-icon landscape'>\n\t\t\t\t<a href='https:\/\/www.uv.mx\/prensa\/files\/2023\/01\/190123-CARLOS-Examen-FAUV-4.jpg'><img width=\"722\" height=\"462\" src=\"https:\/\/www.uv.mx\/prensa\/files\/2023\/01\/190123-CARLOS-Examen-FAUV-4.jpg\" class=\"attachment-full size-full\" alt=\"\" decoding=\"async\" loading=\"lazy\" aria-describedby=\"gallery-1-126307\" srcset=\"https:\/\/www.uv.mx\/prensa\/files\/2023\/01\/190123-CARLOS-Examen-FAUV-4.jpg 722w, https:\/\/www.uv.mx\/prensa\/files\/2023\/01\/190123-CARLOS-Examen-FAUV-4-300x192.jpg 300w\" sizes=\"(max-width: 722px) 100vw, 722px\" \/><\/a>\n\t\t\t<\/dt>\n\t\t\t\t<dd class='wp-caption-text gallery-caption' id='gallery-1-126307'>\n\t\t\t\tJuan Francisco \u00c1vila Carrera\n\t\t\t\t<\/dd><\/dl><br style=\"clear: both\" \/>\n\t\t<\/div>\n\n<p>&nbsp;<\/p>\n<p><span data-contrast=\"auto\">Los estudiantes y egresados destacaron la pertinencia y gran valor del EGC.<\/span><span data-ccp-props=\"{&quot;335559731&quot;:708}\">\u00a0<\/span><\/p>\n<p><span data-contrast=\"auto\">Fernando Vargas S\u00e1nchez mencion\u00f3 que el examen le exige poner a prueba las habilidades adquiridas en a\u00f1os anteriores, ya que se necesita de un buen nivel para llevar un proyecto arquitect\u00f3nico de principio a fin.<\/span><span data-ccp-props=\"{&quot;335559731&quot;:708}\">\u00a0<\/span><\/p>\n<p><span data-contrast=\"auto\">\u201cLa prueba me ayuda a formarme y mejorar como profesionista y persona\u201d, afirm\u00f3.<\/span><span data-ccp-props=\"{&quot;335559731&quot;:708}\">\u00a0<\/span><\/p>\n<p><span data-contrast=\"auto\">Juan Francisco \u00c1vila Carrera comparti\u00f3 que al egresar dej\u00f3 pasar tiempo antes de titularse, y que el EGC le brinda la oportunidad de conocer sus l\u00edmites y le abre la puerta para alcanzar sus objetivos pendientes.<\/span><span data-ccp-props=\"{&quot;335559731&quot;:708}\">\u00a0<\/span><\/p>\n<p><span data-contrast=\"auto\">M\u00f3nica Castillo Jim\u00e9nez manifest\u00f3 que el examen representa un reto, ya que realizar desde cero un proyecto completo en poco tiempo, es un excelente ejercicio para poner a prueba sus conocimientos.<\/span><span data-ccp-props=\"{&quot;335559731&quot;:708}\">\u00a0<\/span><\/p>\n<p><span data-ccp-props=\"{}\">\u00a0<\/span><\/p>\n<div id='gallery-2' class='gallery galleryid-126301 gallery-columns-2 gallery-size-full'><dl class='gallery-item'>\n\t\t\t<dt class='gallery-icon landscape'>\n\t\t\t\t<a href='https:\/\/www.uv.mx\/prensa\/files\/2023\/01\/190123-CARLOS-Examen-FAUV-5.jpg'><img width=\"722\" height=\"462\" src=\"https:\/\/www.uv.mx\/prensa\/files\/2023\/01\/190123-CARLOS-Examen-FAUV-5.jpg\" class=\"attachment-full size-full\" alt=\"\" decoding=\"async\" loading=\"lazy\" aria-describedby=\"gallery-2-126302\" srcset=\"https:\/\/www.uv.mx\/prensa\/files\/2023\/01\/190123-CARLOS-Examen-FAUV-5.jpg 722w, https:\/\/www.uv.mx\/prensa\/files\/2023\/01\/190123-CARLOS-Examen-FAUV-5-300x192.jpg 300w\" sizes=\"(max-width: 722px) 100vw, 722px\" \/><\/a>\n\t\t\t<\/dt>\n\t\t\t\t<dd class='wp-caption-text gallery-caption' id='gallery-2-126302'>\n\t\t\t\tM\u00f3nica Castillo Jim\u00e9nez\n\t\t\t\t<\/dd><\/dl><dl class='gallery-item'>\n\t\t\t<dt class='gallery-icon landscape'>\n\t\t\t\t<a href='https:\/\/www.uv.mx\/prensa\/files\/2023\/01\/190123-CARLOS-Examen-FAUV-6.jpg'><img width=\"722\" height=\"461\" src=\"https:\/\/www.uv.mx\/prensa\/files\/2023\/01\/190123-CARLOS-Examen-FAUV-6.jpg\" class=\"attachment-full size-full\" alt=\"\" decoding=\"async\" loading=\"lazy\" aria-describedby=\"gallery-2-126303\" srcset=\"https:\/\/www.uv.mx\/prensa\/files\/2023\/01\/190123-CARLOS-Examen-FAUV-6.jpg 722w, https:\/\/www.uv.mx\/prensa\/files\/2023\/01\/190123-CARLOS-Examen-FAUV-6-300x192.jpg 300w\" sizes=\"(max-width: 722px) 100vw, 722px\" \/><\/a>\n\t\t\t<\/dt>\n\t\t\t\t<dd class='wp-caption-text gallery-caption' id='gallery-2-126303'>\n\t\t\t\tLuz Ariadna Velasco Montiel, catedr\u00e1tica de la FAUV, coordinadora del Examen General de Conocimiento\n\t\t\t\t<\/dd><\/dl><br style=\"clear: both\" \/>\n\t\t<\/div>\n\n","protected":false},"excerpt":{"rendered":"<p>La evaluaci\u00f3n tiene una duraci\u00f3n de dos semanas y es una de las opciones para obtener el t\u00edtulo de Licenciado en Arquitectura<\/p>\n","protected":false},"author":1869,"featured_media":126318,"comment_status":"closed","ping_status":"closed","sticky":false,"template":"","format":"standard","meta":[],"categories":[47,1,61],"tags":[1006,4161,69,9936,6813,9937,6462],"_links":{"self":[{"href":"https:\/\/www.uv.mx\/prensa\/wp-json\/wp\/v2\/posts\/126301"}],"collection":[{"href":"https:\/\/www.uv.mx\/prensa\/wp-json\/wp\/v2\/posts"}],"about":[{"href":"https:\/\/www.uv.mx\/prensa\/wp-json\/wp\/v2\/types\/post"}],"author":[{"embeddable":true,"href":"https:\/\/www.uv.mx\/prensa\/wp-json\/wp\/v2\/users\/1869"}],"replies":[{"embeddable":true,"href":"https:\/\/www.uv.mx\/prensa\/wp-json\/wp\/v2\/comments?post=126301"}],"version-history":[{"count":1,"href":"https:\/\/www.uv.mx\/prensa\/wp-json\/wp\/v2\/posts\/126301\/revisions"}],"predecessor-version":[{"id":126413,"href":"https:\/\/www.uv.mx\/prensa\/wp-json\/wp\/v2\/posts\/126301\/revisions\/126413"}],"wp:featuredmedia":[{"embeddable":true,"href":"https:\/\/www.uv.mx\/prensa\/wp-json\/wp\/v2\/media\/126318"}],"wp:attachment":[{"href":"https:\/\/www.uv.mx\/prensa\/wp-json\/wp\/v2\/media?parent=126301"}],"wp:term":[{"taxonomy":"category","embeddable":true,"href":"https:\/\/www.uv.mx\/prensa\/wp-json\/wp\/v2\/categories?post=126301"},{"taxonomy":"post_tag","embeddable":true,"href":"https:\/\/www.uv.mx\/prensa\/wp-json\/wp\/v2\/tags?post=126301"}],"curies":[{"name":"wp","href":"https:\/\/api.w.org\/{rel}","templated":true}]}}