{"id":126346,"date":"2023-01-20T16:45:17","date_gmt":"2023-01-20T22:45:17","guid":{"rendered":"https:\/\/www.uv.mx\/prensa\/?p=126346"},"modified":"2023-01-24T13:10:14","modified_gmt":"2023-01-24T19:10:14","slug":"jovenes-universitarios-capacitados-para-generar-ideas-sustentables","status":"publish","type":"post","link":"https:\/\/www.uv.mx\/prensa\/general\/jovenes-universitarios-capacitados-para-generar-ideas-sustentables\/","title":{"rendered":"J\u00f3venes universitarios, capacitados para generar ideas sustentables"},"content":{"rendered":"<ul class=\"ul1\">\n<li class=\"li1\"><span class=\"s2\"><i>Alumnos de la UV y UNAM presentaron sus proyectos dentro del Reto Estudiantil para la Sustentabilidad 2023 \u201cInnovemos para el bien com\u00fan\u201d<\/i><\/span><\/li>\n<\/ul>\n<p>&nbsp;<\/p>\n<div id=\"attachment_126334\" style=\"width: 732px\" class=\"wp-caption aligncenter\"><img aria-describedby=\"caption-attachment-126334\" decoding=\"async\" loading=\"lazy\" class=\"size-full wp-image-126334\" src=\"https:\/\/www.uv.mx\/prensa\/files\/2023\/01\/20012023-Couttolenc-Ideas-sustentables-1-ok.jpg\" alt=\"Alumnos de la UV y UNAM expusieron sus proyectos de ideas sustentables, como parte del Reto Estudiantil para la Sustentabilidad 2023\" width=\"722\" height=\"396\" srcset=\"https:\/\/www.uv.mx\/prensa\/files\/2023\/01\/20012023-Couttolenc-Ideas-sustentables-1-ok.jpg 722w, https:\/\/www.uv.mx\/prensa\/files\/2023\/01\/20012023-Couttolenc-Ideas-sustentables-1-ok-300x165.jpg 300w\" sizes=\"(max-width: 722px) 100vw, 722px\" \/><p id=\"caption-attachment-126334\" class=\"wp-caption-text\">Alumnos de la UV y UNAM expusieron sus proyectos de ideas sustentables, como parte del Reto Estudiantil para la Sustentabilidad 2023<\/p><\/div>\n<p>&nbsp;<\/p>\n<p class=\"p1\"><b><i>Jos\u00e9 Luis Couttolenc Soto<\/i><\/b><\/p>\n<p class=\"p1\"><b><i>20\/01\/2023, Xalapa, Ver.- <\/i><\/b>Dentro de las actividades del Reto Estudiantil para la Sustentabilidad 2023 \u201cInnovemos para el bien com\u00fan\u201d, alumnos de la <a href=\"https:\/\/www.uv.mx\/\" target=\"_blank\" rel=\"noopener\">Universidad Veracruzana<\/a> (UV) y de la Universidad Nacional Aut\u00f3noma de M\u00e9xico (UNAM) presentaron sus proyectos de innovaci\u00f3n de soluci\u00f3n a problemas para el mejoramiento f\u00edsico y\/o vivencial de los espacios universitarios.<\/p>\n<p class=\"p1\"><b> <\/b>El ejercicio correspondi\u00f3 a una de las etapas del reto que se desarrolla del 5 al 27 de enero, en respuesta a la convocatoria de las coordinaciones de Sustentabilidad de ambas instituciones de educaci\u00f3n superior.<\/p>\n<p class=\"p3\">La ma\u00f1ana del jueves 19 de enero y con base en una ruleta digital, los equipos multidisciplinarios participantes, conformados por alumnos de distintas licenciaturas de ambas casas de estudios, expusieron sus proyectos con los que buscan impulsar la transici\u00f3n hacia la sustentabilidad en sus espacios de estudio.<\/p>\n<p class=\"p3\">Entre los equipos de las cinco regiones universitarias de la UV que dieron a conocer sus trabajos figuraron: Guerreros, Sinergia, Ecofriends, Halcones, Eco.UVengers, Lobos, Sustent\u00f3filos, Sustentamigos, Sustentaller-Umizoomi.<\/p>\n<div id=\"attachment_126335\" style=\"width: 732px\" class=\"wp-caption aligncenter\"><img aria-describedby=\"caption-attachment-126335\" decoding=\"async\" loading=\"lazy\" class=\"size-full wp-image-126335\" src=\"https:\/\/www.uv.mx\/prensa\/files\/2023\/01\/20012023-Couttolenc-Ideas-sustentables-2-ok.jpg\" alt=\"Se propusieron programas de acompa\u00f1amiento en puntos de movilidad, como paradas de autob\u00fas, espacios recreativos y culturales\" width=\"722\" height=\"362\" srcset=\"https:\/\/www.uv.mx\/prensa\/files\/2023\/01\/20012023-Couttolenc-Ideas-sustentables-2-ok.jpg 722w, https:\/\/www.uv.mx\/prensa\/files\/2023\/01\/20012023-Couttolenc-Ideas-sustentables-2-ok-300x150.jpg 300w\" sizes=\"(max-width: 722px) 100vw, 722px\" \/><p id=\"caption-attachment-126335\" class=\"wp-caption-text\">Se propusieron programas de acompa\u00f1amiento en puntos de movilidad, como paradas de autob\u00fas, espacios recreativos y culturales<\/p><\/div>\n<p>&nbsp;<\/p>\n<p class=\"p3\">Por la UNAM expusieron: Correcaminos, Casa Verde de Consumo, Teotl, Animaj Verde, Manos a la Basura, Ecogreen y Energ\u00eda, entre otros.<\/p>\n<p class=\"p3\">Cabe mencionar que los estudiantes de la UV y UNAM mostraron su talento, imaginaci\u00f3n, creatividad e inter\u00e9s por la investigaci\u00f3n, que los llev\u00f3 a generar ideas dirigidas al fomento y fortalecimiento de la sustentabilidad.<\/p>\n<p class=\"p3\">Ante la poca divulgaci\u00f3n de acciones que disminuyan los impactos negativos en el medio ambiente, representativos de la UV propusieron la creaci\u00f3n de talleres para forjar la educaci\u00f3n ambiental e innovaci\u00f3n entre j\u00f3venes universitarios, sin dejar de lado la participaci\u00f3n social para el alcance de la sustentabilidad, basado esto en tres saberes: heur\u00edsticos, te\u00f3ricos y pr\u00e1cticos.<\/p>\n<p class=\"p3\">Seg\u00fan la Encuesta Nacional de Seguridad P\u00fablica Urbana del Instituto Nacional de Estad\u00edstica y Geograf\u00eda (<i>Inegi<\/i>) correspondiente al segundo trimestre de 2022, el 67.4% de la poblaci\u00f3n de 18 a\u00f1os y m\u00e1s considera insegura su ciudad, por lo que se propuso implementar luminarias de bajo costo y sustentables en espacios de tr\u00e1nsito y descanso, a fin de reducir las incidencias de inseguridad, as\u00ed como la creaci\u00f3n de senderos seguros con programas de acompa\u00f1amiento en los puntos de movilidad, como paradas de autob\u00fas, espacios recreativos y culturales.<\/p>\n<p class=\"p3\">Adem\u00e1s, la creaci\u00f3n de huertos autosustentables en espacios verdes disponibles, con la finalidad de coadyuvar al abastecimiento de materia prima sana en los comederos universitarios, con la consiguiente disminuci\u00f3n de precios en los platillos.<\/p>\n<div id=\"attachment_126336\" style=\"width: 732px\" class=\"wp-caption aligncenter\"><img aria-describedby=\"caption-attachment-126336\" decoding=\"async\" loading=\"lazy\" class=\"size-full wp-image-126336\" src=\"https:\/\/www.uv.mx\/prensa\/files\/2023\/01\/20012023-Couttolenc-Ideas-sustentables-3-ok.jpg\" alt=\"Creaci\u00f3n de huertos autosustentables en espacios verdes para el abastecimiento de materia prima sana en los comederos universitarios\" width=\"722\" height=\"363\" srcset=\"https:\/\/www.uv.mx\/prensa\/files\/2023\/01\/20012023-Couttolenc-Ideas-sustentables-3-ok.jpg 722w, https:\/\/www.uv.mx\/prensa\/files\/2023\/01\/20012023-Couttolenc-Ideas-sustentables-3-ok-300x151.jpg 300w\" sizes=\"(max-width: 722px) 100vw, 722px\" \/><p id=\"caption-attachment-126336\" class=\"wp-caption-text\">Creaci\u00f3n de huertos autosustentables en espacios verdes para el abastecimiento de materia prima sana en los comederos universitarios<\/p><\/div>\n<p>&nbsp;<\/p>\n<p class=\"p3\">De acuerdo a la Organizaci\u00f3n de las Naciones Unidas (ONU), 1.2 millones de personas considera el cambio clim\u00e1tico como una emergencia mundial; sin embargo, menos del 1% de la poblaci\u00f3n est\u00e1 involucrada en actividades de sustentabilidad. Ante ello, y considerando que el cambio comienza por la ra\u00edz, se propuso la creaci\u00f3n de una \u201cRed sostenible y escalable de sustent\u00f3filos\u201d, con enfoque novedoso acoplado a los programas clave de las diferentes dependencias encargadas de atender el tema.<\/p>\n<p class=\"p3\">Se estima que en el mundo cada persona consume 50 kilos de pl\u00e1stico al a\u00f1o, por lo que se elabor\u00f3 la propuesta de recolecci\u00f3n de envases PET para su reciclaje y elaboraci\u00f3n de productos como platos, ganchos, soportes para jab\u00f3n y artesan\u00edas.<\/p>\n<p class=\"p3\">En M\u00e9xico, diariamente se producen m\u00e1s de 103 mil toneladas de basura dom\u00e9stica, que equivale a m\u00e1s de 37 millones de toneladas anuales de residuos s\u00f3lidos, lo que propici\u00f3 que estudiantes de la UV propusieran la creaci\u00f3n de un mercado para la venta de productos art\u00edsticos, culturales o tur\u00edsticos elaborados a partir de materiales reciclados de manera sustentable.<\/p>\n<p class=\"p3\">Por su parte, alumnos de la UNAM propusieron, entre otras cosas, la creaci\u00f3n de una gu\u00eda para la adecuada recolecci\u00f3n y tratamiento del papel; impulsar pr\u00e1cticas institucionales y h\u00e1bitos de consumo sustentable en espacios universitarios; el ordenamiento territorial y manejo sustentable de suelo, \u00e1reas verdes y reservas naturales; incrementar la eficiencia en el consumo energ\u00e9tico a trav\u00e9s de la generaci\u00f3n de una aplicaci\u00f3n <i>web<\/i> para recabar informaci\u00f3n sobre el consumo de energ\u00eda.<\/p>\n","protected":false},"excerpt":{"rendered":"<p>Este ejercicio los involucra en el dise\u00f1o de actividades innovadoras que hagan de las universidades espacios m\u00e1s sustentables<\/p>\n","protected":false},"author":1775,"featured_media":126347,"comment_status":"closed","ping_status":"closed","sticky":false,"template":"","format":"standard","meta":[],"categories":[47,1,61],"tags":[1747,9945,2299,4162,9944,9946,9943,295,101,404],"_links":{"self":[{"href":"https:\/\/www.uv.mx\/prensa\/wp-json\/wp\/v2\/posts\/126346"}],"collection":[{"href":"https:\/\/www.uv.mx\/prensa\/wp-json\/wp\/v2\/posts"}],"about":[{"href":"https:\/\/www.uv.mx\/prensa\/wp-json\/wp\/v2\/types\/post"}],"author":[{"embeddable":true,"href":"https:\/\/www.uv.mx\/prensa\/wp-json\/wp\/v2\/users\/1775"}],"replies":[{"embeddable":true,"href":"https:\/\/www.uv.mx\/prensa\/wp-json\/wp\/v2\/comments?post=126346"}],"version-history":[{"count":1,"href":"https:\/\/www.uv.mx\/prensa\/wp-json\/wp\/v2\/posts\/126346\/revisions"}],"predecessor-version":[{"id":126409,"href":"https:\/\/www.uv.mx\/prensa\/wp-json\/wp\/v2\/posts\/126346\/revisions\/126409"}],"wp:featuredmedia":[{"embeddable":true,"href":"https:\/\/www.uv.mx\/prensa\/wp-json\/wp\/v2\/media\/126347"}],"wp:attachment":[{"href":"https:\/\/www.uv.mx\/prensa\/wp-json\/wp\/v2\/media?parent=126346"}],"wp:term":[{"taxonomy":"category","embeddable":true,"href":"https:\/\/www.uv.mx\/prensa\/wp-json\/wp\/v2\/categories?post=126346"},{"taxonomy":"post_tag","embeddable":true,"href":"https:\/\/www.uv.mx\/prensa\/wp-json\/wp\/v2\/tags?post=126346"}],"curies":[{"name":"wp","href":"https:\/\/api.w.org\/{rel}","templated":true}]}}