{"id":126445,"date":"2023-01-24T18:29:35","date_gmt":"2023-01-25T00:29:35","guid":{"rendered":"https:\/\/www.uv.mx\/prensa\/?p=126445"},"modified":"2023-01-26T10:46:05","modified_gmt":"2023-01-26T16:46:05","slug":"academicos-fortalecen-plan-de-trabajo-para-la-sustentabilidad","status":"publish","type":"post","link":"https:\/\/www.uv.mx\/prensa\/general\/academicos-fortalecen-plan-de-trabajo-para-la-sustentabilidad\/","title":{"rendered":"Acad\u00e9micos fortalecen plan de trabajo para la sustentabilidad\u00a0\u00a0"},"content":{"rendered":"<ul>\n<li data-leveltext=\"\uf0b7\" data-font=\"Symbol\" data-listid=\"1\" data-list-defn-props=\"{&quot;335551671&quot;:0,&quot;335552541&quot;:1,&quot;335559684&quot;:-2,&quot;335559685&quot;:720,&quot;335559991&quot;:360,&quot;469769226&quot;:&quot;Symbol&quot;,&quot;469769242&quot;:[8226],&quot;469777803&quot;:&quot;left&quot;,&quot;469777804&quot;:&quot;\uf0b7&quot;,&quot;469777815&quot;:&quot;hybridMultilevel&quot;}\" data-aria-posinset=\"0\" data-aria-level=\"1\"><i><span data-contrast=\"auto\">Personal de <\/span><\/i><span data-contrast=\"auto\">CoSustenta<\/span><i><span data-contrast=\"auto\"> sostuvo una jornada de seguimiento y evaluaci\u00f3n con coordinadores de las acciones en entidades universitarias<\/span><\/i><span data-ccp-props=\"{&quot;201341983&quot;:0,&quot;335559739&quot;:0,&quot;335559740&quot;:240}\">\u00a0<\/span><\/li>\n<li data-leveltext=\"\uf0b7\" data-font=\"Symbol\" data-listid=\"1\" data-list-defn-props=\"{&quot;335551671&quot;:0,&quot;335552541&quot;:1,&quot;335559684&quot;:-2,&quot;335559685&quot;:720,&quot;335559991&quot;:360,&quot;469769226&quot;:&quot;Symbol&quot;,&quot;469769242&quot;:[8226],&quot;469777803&quot;:&quot;left&quot;,&quot;469777804&quot;:&quot;\uf0b7&quot;,&quot;469777815&quot;:&quot;hybridMultilevel&quot;}\" data-aria-posinset=\"0\" data-aria-level=\"1\"><i><span data-contrast=\"auto\">\u201cEs un trabajo de equipo que hace necesario escuchar la voz de cada uno de los actores\u201d: Mar\u00eda de los \u00c1ngeles Chamorro<\/span><\/i><span data-ccp-props=\"{&quot;201341983&quot;:0,&quot;335559739&quot;:0,&quot;335559740&quot;:240}\">\u00a0<\/span><\/li>\n<\/ul>\n<p><span data-ccp-props=\"{&quot;201341983&quot;:0,&quot;335559739&quot;:0,&quot;335559740&quot;:240}\">\u00a0<\/span><\/p>\n<div id=\"attachment_126448\" style=\"width: 732px\" class=\"wp-caption aligncenter\"><img aria-describedby=\"caption-attachment-126448\" decoding=\"async\" loading=\"lazy\" class=\"size-full wp-image-126448\" src=\"https:\/\/www.uv.mx\/prensa\/files\/2023\/01\/24012023-Couttolenc-Sustentabilidad-Xalapa-1.jpg\" alt=\"\" width=\"722\" height=\"482\" srcset=\"https:\/\/www.uv.mx\/prensa\/files\/2023\/01\/24012023-Couttolenc-Sustentabilidad-Xalapa-1.jpg 722w, https:\/\/www.uv.mx\/prensa\/files\/2023\/01\/24012023-Couttolenc-Sustentabilidad-Xalapa-1-300x200.jpg 300w\" sizes=\"(max-width: 722px) 100vw, 722px\" \/><p id=\"caption-attachment-126448\" class=\"wp-caption-text\">Laura Bello Benavides y Mar\u00eda de los \u00c1ngeles Chamorro Z\u00e1rate encabezaron la reuni\u00f3n de planeaci\u00f3n para la sustentabilidad universitaria en Xalapa<\/p><\/div>\n<p><span data-ccp-props=\"{&quot;201341983&quot;:0,&quot;335559739&quot;:0,&quot;335559740&quot;:240}\">\u00a0<\/span><\/p>\n<p><b><i><span data-contrast=\"auto\">Jos\u00e9 Luis Couttolenc Soto<\/span><\/i><\/b><span data-ccp-props=\"{&quot;201341983&quot;:0,&quot;335559739&quot;:0,&quot;335559740&quot;:240}\">\u00a0<\/span><\/p>\n<p><b><i><span data-contrast=\"auto\">Fotos: C\u00e9sar Pisil Ramos<\/span><\/i><\/b><span data-ccp-props=\"{&quot;201341983&quot;:0,&quot;335559739&quot;:0,&quot;335559740&quot;:240}\">\u00a0<\/span><\/p>\n<p><b><i><span data-contrast=\"auto\">24\/01\/2023, Xalapa, Ver.-<\/span><\/i><\/b> <span data-contrast=\"auto\">Personal adscrito a la <a href=\"https:\/\/www.uv.mx\/cosustenta\/\" target=\"_blank\" rel=\"noopener\">Coordinaci\u00f3n Universitaria para la Sustentabilidad<\/a> (<\/span><i><span data-contrast=\"auto\">CoSustenta<\/span><\/i><span data-contrast=\"auto\">) de la Universidad Veracruzana (UV), encabezada por su titular Laura Bello Benavides, sostuvo una jornada de trabajo con los m\u00e1s de 90 enlaces de entidades acad\u00e9micas y administrativas de la regi\u00f3n de Xalapa, a fin de evaluar las acciones desarrolladas en materia de sustentabilidad y conocer los planes de trabajo para el logro de las metas planteadas para 2025.<\/span><span data-ccp-props=\"{&quot;201341983&quot;:0,&quot;335559739&quot;:0,&quot;335559740&quot;:240}\">\u00a0<\/span><\/p>\n<p><span data-contrast=\"auto\">La Coordinadora de <\/span><i><span data-contrast=\"auto\">CoSustenta<\/span><\/i><span data-contrast=\"auto\"> detall\u00f3 que la reuni\u00f3n, efectuada en la sala de videoconferencias de la Unidad de Servicios Bibliotecarios y de Informaci\u00f3n (USBI), se dise\u00f1\u00f3 para trabajar con los enlaces de tres tipos de entidades (por la extensi\u00f3n de la regi\u00f3n): acad\u00e9micos adscritos a institutos y centros de investigaci\u00f3n, acad\u00e9micos que laboran en facultades y personal de entidades administrativas.<\/span><\/p>\n<p>&nbsp;<\/p>\n<div id=\"attachment_126446\" style=\"width: 732px\" class=\"wp-caption aligncenter\"><img aria-describedby=\"caption-attachment-126446\" decoding=\"async\" loading=\"lazy\" class=\"size-full wp-image-126446\" src=\"https:\/\/www.uv.mx\/prensa\/files\/2023\/01\/24012023-Couttolenc-Sustentabilidad-Xalapa-2.jpg\" alt=\"\" width=\"722\" height=\"482\" srcset=\"https:\/\/www.uv.mx\/prensa\/files\/2023\/01\/24012023-Couttolenc-Sustentabilidad-Xalapa-2.jpg 722w, https:\/\/www.uv.mx\/prensa\/files\/2023\/01\/24012023-Couttolenc-Sustentabilidad-Xalapa-2-300x200.jpg 300w\" sizes=\"(max-width: 722px) 100vw, 722px\" \/><p id=\"caption-attachment-126446\" class=\"wp-caption-text\">Enlaces de entidades acad\u00e9micas y administrativas se reunieron con personal de CoSustenta para la planeaci\u00f3n de acciones durante 2023<\/p><\/div>\n<p><span data-ccp-props=\"{&quot;201341983&quot;:0,&quot;335559739&quot;:0,&quot;335559740&quot;:240}\">\u00a0<\/span><\/p>\n<p><span data-contrast=\"auto\">Bello Benavides precis\u00f3 que no obstante a pertenecer todas a la UV, tienen similitudes y diferencias entre ellas, con aspectos espec\u00edficos que les atribuyen caracter\u00edsticas particulares en relaci\u00f3n a sus planes de trabajo, necesidades y propuestas, que hace necesario brindarles acompa\u00f1amiento en funci\u00f3n de su din\u00e1mica.<\/span><span data-ccp-props=\"{&quot;201341983&quot;:0,&quot;335559739&quot;:0,&quot;335559740&quot;:240}\">\u00a0<\/span><\/p>\n<p><span data-contrast=\"auto\">Dijo que la reuni\u00f3n para la planeaci\u00f3n anual de la Red Universitaria de Sustentabilidad (RUS) de la regi\u00f3n Xalapa se encuentra en el marco del Plan de Trabajo 2021-2025 \u201cPor una transformaci\u00f3n integral\u201d de la actual administraci\u00f3n rectoral de la UV.<\/span><span data-ccp-props=\"{&quot;201341983&quot;:0,&quot;335559739&quot;:0,&quot;335559740&quot;:240}\">\u00a0<\/span><\/p>\n<p><span data-contrast=\"auto\">Por su parte, Mar\u00eda de los \u00c1ngeles Chamorro Z\u00e1rate, coordinadora regional para la Gesti\u00f3n de la Sustentabilidad, sostuvo que las acciones que se desarrollan \u201crequieren de un trabajo conjunto, de equipo, de colaboraci\u00f3n, en donde es importante escuchar la voz de cada uno de los actores para conocer los avances y tambi\u00e9n sus necesidades, a fin de brindarles acompa\u00f1amiento para el logro de los objetivos\u201d.<\/span><span data-ccp-props=\"{&quot;201341983&quot;:0,&quot;335559739&quot;:0,&quot;335559740&quot;:240}\">\u00a0<\/span><\/p>\n<p><span data-contrast=\"auto\">En el transcurso de la ma\u00f1ana los enlaces para la gesti\u00f3n de la sustentabilidad presentaron res\u00famenes de lo realizado en 2022, as\u00ed como sus proyectos para 2023.<\/span><span data-ccp-props=\"{&quot;201341983&quot;:0,&quot;335559739&quot;:0,&quot;335559740&quot;:240}\">\u00a0<\/span><\/p>\n<p><span data-ccp-props=\"{&quot;201341983&quot;:0,&quot;335559739&quot;:0,&quot;335559740&quot;:240}\">\u00a0<\/span><\/p>\n<div id=\"attachment_126447\" style=\"width: 732px\" class=\"wp-caption aligncenter\"><img aria-describedby=\"caption-attachment-126447\" decoding=\"async\" loading=\"lazy\" class=\"size-full wp-image-126447\" src=\"https:\/\/www.uv.mx\/prensa\/files\/2023\/01\/24012023-Couttolenc-Sustentabilidad-Xalapa-3.jpg\" alt=\"\" width=\"722\" height=\"482\" srcset=\"https:\/\/www.uv.mx\/prensa\/files\/2023\/01\/24012023-Couttolenc-Sustentabilidad-Xalapa-3.jpg 722w, https:\/\/www.uv.mx\/prensa\/files\/2023\/01\/24012023-Couttolenc-Sustentabilidad-Xalapa-3-300x200.jpg 300w\" sizes=\"(max-width: 722px) 100vw, 722px\" \/><p id=\"caption-attachment-126447\" class=\"wp-caption-text\">Los trabajos realizados en materia de sustentabilidad en 2022 fueron expuestos por los responsables de los programas<\/p><\/div>\n","protected":false},"excerpt":{"rendered":"<p>Las entidades universitarias tienen similitudes y diferencias que les atribuyen caracter\u00edsticas particulares en su trabajo y necesidades\u00a0<\/p>\n","protected":false},"author":1869,"featured_media":126450,"comment_status":"closed","ping_status":"closed","sticky":false,"template":"","format":"standard","meta":[],"categories":[47,1,61],"tags":[695,157,9962,295],"_links":{"self":[{"href":"https:\/\/www.uv.mx\/prensa\/wp-json\/wp\/v2\/posts\/126445"}],"collection":[{"href":"https:\/\/www.uv.mx\/prensa\/wp-json\/wp\/v2\/posts"}],"about":[{"href":"https:\/\/www.uv.mx\/prensa\/wp-json\/wp\/v2\/types\/post"}],"author":[{"embeddable":true,"href":"https:\/\/www.uv.mx\/prensa\/wp-json\/wp\/v2\/users\/1869"}],"replies":[{"embeddable":true,"href":"https:\/\/www.uv.mx\/prensa\/wp-json\/wp\/v2\/comments?post=126445"}],"version-history":[{"count":1,"href":"https:\/\/www.uv.mx\/prensa\/wp-json\/wp\/v2\/posts\/126445\/revisions"}],"predecessor-version":[{"id":126507,"href":"https:\/\/www.uv.mx\/prensa\/wp-json\/wp\/v2\/posts\/126445\/revisions\/126507"}],"wp:featuredmedia":[{"embeddable":true,"href":"https:\/\/www.uv.mx\/prensa\/wp-json\/wp\/v2\/media\/126450"}],"wp:attachment":[{"href":"https:\/\/www.uv.mx\/prensa\/wp-json\/wp\/v2\/media?parent=126445"}],"wp:term":[{"taxonomy":"category","embeddable":true,"href":"https:\/\/www.uv.mx\/prensa\/wp-json\/wp\/v2\/categories?post=126445"},{"taxonomy":"post_tag","embeddable":true,"href":"https:\/\/www.uv.mx\/prensa\/wp-json\/wp\/v2\/tags?post=126445"}],"curies":[{"name":"wp","href":"https:\/\/api.w.org\/{rel}","templated":true}]}}