{"id":126485,"date":"2023-01-26T15:36:00","date_gmt":"2023-01-26T21:36:00","guid":{"rendered":"https:\/\/www.uv.mx\/prensa\/?p=126485"},"modified":"2023-01-27T14:17:25","modified_gmt":"2023-01-27T20:17:25","slug":"alumna-uv-estudia-patogeno-que-afecta-a-cruciferas","status":"publish","type":"post","link":"https:\/\/www.uv.mx\/prensa\/general\/alumna-uv-estudia-patogeno-que-afecta-a-cruciferas\/","title":{"rendered":"Alumna UV estudia pat\u00f3geno que afecta a cruc\u00edferas"},"content":{"rendered":"<ul style=\"font-weight: 400\">\n<li data-leveltext=\"\uf0b7\" data-font=\"Symbol\" data-listid=\"1\" data-list-defn-props=\"{&quot;335552541&quot;:1,&quot;335559684&quot;:-2,&quot;335559685&quot;:720,&quot;335559991&quot;:360,&quot;469769226&quot;:&quot;Symbol&quot;,&quot;469769242&quot;:[8226],&quot;469777803&quot;:&quot;left&quot;,&quot;469777804&quot;:&quot;\uf0b7&quot;,&quot;469777815&quot;:&quot;hybridMultilevel&quot;}\" data-aria-posinset=\"1\" data-aria-level=\"1\"><i><span data-contrast=\"auto\">Legnara Padr\u00f3n Rodr\u00edguez cursa el Doctorado en Ciencias Agr\u00edcolas en esta casa de estudios<\/span><\/i><span data-ccp-props=\"{}\">\u00a0<\/span><\/li>\n<li data-leveltext=\"\uf0b7\" data-font=\"Symbol\" data-listid=\"1\" data-list-defn-props=\"{&quot;335552541&quot;:1,&quot;335559684&quot;:-2,&quot;335559685&quot;:720,&quot;335559991&quot;:360,&quot;469769226&quot;:&quot;Symbol&quot;,&quot;469769242&quot;:[8226],&quot;469777803&quot;:&quot;left&quot;,&quot;469777804&quot;:&quot;\uf0b7&quot;,&quot;469777815&quot;:&quot;hybridMultilevel&quot;}\" data-aria-posinset=\"2\" data-aria-level=\"1\"><i><span data-contrast=\"auto\">Su investigaci\u00f3n la llev\u00f3 a registrar <\/span><\/i><span data-contrast=\"auto\">Plasmodiophora brassicae<\/span><i><span data-contrast=\"auto\"> por primera vez para M\u00e9xico<\/span><\/i><span data-ccp-props=\"{}\">\u00a0<\/span><\/li>\n<\/ul>\n<p>&nbsp;<\/p>\n<div id=\"attachment_126494\" style=\"width: 732px\" class=\"wp-caption aligncenter\"><img aria-describedby=\"caption-attachment-126494\" decoding=\"async\" loading=\"lazy\" class=\"size-full wp-image-126494\" src=\"https:\/\/www.uv.mx\/prensa\/files\/2023\/01\/250123-PAOLA-Plaga-cruciferas-1-OK.jpg\" alt=\"\" width=\"722\" height=\"460\" srcset=\"https:\/\/www.uv.mx\/prensa\/files\/2023\/01\/250123-PAOLA-Plaga-cruciferas-1-OK.jpg 722w, https:\/\/www.uv.mx\/prensa\/files\/2023\/01\/250123-PAOLA-Plaga-cruciferas-1-OK-300x191.jpg 300w\" sizes=\"(max-width: 722px) 100vw, 722px\" \/><p id=\"caption-attachment-126494\" class=\"wp-caption-text\">Legnara Padr\u00f3n investiga la presencia de un pat\u00f3geno que afecta los cultivos de cruc\u00edferas<\/p><\/div>\n<p><b><i><span data-contrast=\"auto\">Paola Cort\u00e9s P\u00e9rez<\/span><\/i><\/b><span data-ccp-props=\"{}\">\u00a0<\/span><\/p>\n<p><b><i><span data-contrast=\"auto\">Fotos: Omar Portilla y cortes\u00eda Legnara Padr\u00f3n<\/span><\/i><\/b><span data-ccp-props=\"{}\">\u00a0<\/span><\/p>\n<p><b><i><span data-contrast=\"auto\">26\/01\/2023, Xalapa, Ver.-<\/span><\/i><\/b><span data-contrast=\"auto\"> Legnara Padr\u00f3n Rodr\u00edguez, estudiante del Doctorado en Ciencias Agr\u00edcolas de la Universidad Veracruzana (UV), desarrolla investigaci\u00f3n sobre la presencia de la enfermedad de la hernia de las cruc\u00edferas, causada por el pat\u00f3geno <\/span><i><span data-contrast=\"auto\">Plasmodiophora brassicae<\/span><\/i><span data-contrast=\"auto\">, el cual se registra por primera vez para M\u00e9xico.<\/span><span data-ccp-props=\"{}\">\u00a0<\/span><\/p>\n<p><span data-contrast=\"auto\">\u00a0Coment\u00f3 que a sugerencia del director y codirector de su tesis, Mauricio Luna Rodr\u00edguez y Edel P\u00e9rez L\u00f3pez, profesores de la Facultad de Ciencias Agr\u00edcolas de la UV y de la Universidad Laval, en Canad\u00e1, respectivamente, investig\u00f3 sobre el tema pues pensaban que probablemente dicho pat\u00f3geno podr\u00eda tener presencia en los cultivos mexicanos aunque no se tuvieran evidencias.<\/span><span data-ccp-props=\"{&quot;335559731&quot;:708}\">\u00a0<\/span><\/p>\n<p><span data-contrast=\"auto\">Esto afectar\u00eda la producci\u00f3n de cruc\u00edferas, uno de los tres grandes grupos de verduras de la alimentaci\u00f3n pertenecientes a la familia de las brasic\u00e1ceas, entre las que se cuentan todos los tipos de coles o repollos, como el br\u00f3coli, r\u00e1banos, la maca y el kale.<\/span><span data-ccp-props=\"{&quot;335559731&quot;:708}\">\u00a0<\/span><\/p>\n<div id=\"attachment_126493\" style=\"width: 732px\" class=\"wp-caption aligncenter\"><img aria-describedby=\"caption-attachment-126493\" decoding=\"async\" loading=\"lazy\" class=\"size-full wp-image-126493\" src=\"https:\/\/www.uv.mx\/prensa\/files\/2023\/01\/250123-PAOLA-Plaga-cruciferas-2-OK.jpg\" alt=\"\" width=\"722\" height=\"406\" srcset=\"https:\/\/www.uv.mx\/prensa\/files\/2023\/01\/250123-PAOLA-Plaga-cruciferas-2-OK.jpg 722w, https:\/\/www.uv.mx\/prensa\/files\/2023\/01\/250123-PAOLA-Plaga-cruciferas-2-OK-300x169.jpg 300w\" sizes=\"(max-width: 722px) 100vw, 722px\" \/><p id=\"caption-attachment-126493\" class=\"wp-caption-text\">La investigaci\u00f3n inici\u00f3 en 2020 en cultivos de Tlaxcala y Puebla<\/p><\/div>\n<p><span data-contrast=\"auto\">\u201cEn M\u00e9xico no se hab\u00eda estudiado pese a que es un pat\u00f3geno relevante a nivel mundial; Estados Unidos, Canad\u00e1 y algunos pa\u00edses de Europa han sido afectados con p\u00e9rdidas superiores al 50% en sus cultivos.\u201d<\/span><span data-ccp-props=\"{&quot;335559731&quot;:708}\">\u00a0<\/span><\/p>\n<p><span data-contrast=\"auto\">El estudio comenz\u00f3 en 2020, pero tuvo retrasos debido a la pandemia por COVID-19. Iniciaron con el rastreo del pat\u00f3geno en zonas de Puebla y Tlaxcala, aunque no son los principales productores de estos vegetales, pero plantearon que si lo encontraban en esta regi\u00f3n posiblemente est\u00e9 presente en Guanajuato, principal productor de cruc\u00edferas del pa\u00eds.<\/span><span data-ccp-props=\"{&quot;335559731&quot;:708}\">\u00a0<\/span><\/p>\n<p><span data-contrast=\"auto\">Lo primero, dijo, fue recolectar muestras de suelo, de tres categor\u00edas: campos en producci\u00f3n; campos sin cultivo cruc\u00edfero por hasta un a\u00f1o, y campos que hab\u00edan dejado de producir cruc\u00edferos. El siguiente paso fue realizar an\u00e1lisis molecular de las muestras y se detect\u00f3 la presencia del pat\u00f3geno en el pa\u00eds.<\/span><span data-ccp-props=\"{&quot;335559731&quot;:708}\">\u00a0<\/span><\/p>\n<p><span data-contrast=\"auto\">Tambi\u00e9n aplicaron encuestas a los productores y entre los resultados encontraron que en aquellos casos donde intercalan sus hortalizas con cultivos de cebolla, las p\u00e9rdidas son de alrededor del 10%; en tanto, en campos donde intercalan leguminosas y gram\u00edneas, la p\u00e9rdida es de hasta 40%.<\/span><span data-ccp-props=\"{&quot;335559731&quot;:708}\">\u00a0<\/span><\/p>\n<p><span data-contrast=\"auto\">Los productores lo desconoc\u00edan, por lo mismo usaban estrategias de control enfocadas en el combate de hongos o bacterias, lo cual m\u00e1s que ayudar aumentaba su incidencia y, por ende, hab\u00eda p\u00e9rdidas considerables de los cultivos.<\/span><span data-ccp-props=\"{&quot;335559731&quot;:708}\">\u00a0<\/span><\/p>\n<p><span data-contrast=\"auto\">\u201cSe hizo el primer reporte y nos reunimos con los productores de estas hortalizas para darles herramientas que puedan utilizar para el manejo y control de este pat\u00f3geno.\u201d<\/span><span data-ccp-props=\"{&quot;335559731&quot;:708}\">\u00a0<\/span><\/p>\n<div id=\"attachment_126492\" style=\"width: 732px\" class=\"wp-caption aligncenter\"><img aria-describedby=\"caption-attachment-126492\" decoding=\"async\" loading=\"lazy\" class=\"size-full wp-image-126492\" src=\"https:\/\/www.uv.mx\/prensa\/files\/2023\/01\/250123-PAOLA-Plaga-cruciferas-3-OK.jpg\" alt=\"\" width=\"722\" height=\"482\" srcset=\"https:\/\/www.uv.mx\/prensa\/files\/2023\/01\/250123-PAOLA-Plaga-cruciferas-3-OK.jpg 722w, https:\/\/www.uv.mx\/prensa\/files\/2023\/01\/250123-PAOLA-Plaga-cruciferas-3-OK-300x200.jpg 300w\" sizes=\"(max-width: 722px) 100vw, 722px\" \/><p id=\"caption-attachment-126492\" class=\"wp-caption-text\">Legnara Padr\u00f3n y los productores con los que trabaja para realizar el estudio<\/p><\/div>\n<p><span data-contrast=\"auto\">Legnara Padr\u00f3n dijo que se les propuso utilizar la rotaci\u00f3n de cultivos para reducir la poblaci\u00f3n del pat\u00f3geno. Otro mecanismo de control es a base de hongos ya que algunas especies de bacterias del g\u00e9nero <\/span><i><span data-contrast=\"auto\">bacillus<\/span><\/i><span data-contrast=\"auto\"> son efectivos.<\/span><span data-ccp-props=\"{&quot;335559731&quot;:708}\">\u00a0<\/span><\/p>\n<p><span data-contrast=\"auto\">Por el contrario, los productos qu\u00edmicos no son efectivos pues se trata de un pat\u00f3geno muy resistente y sus esporas pueden durar hasta 17 a\u00f1os en el suelo.<\/span><span data-ccp-props=\"{&quot;335559731&quot;:708}\">\u00a0<\/span><\/p>\n<p><span data-contrast=\"auto\">En la actualidad mantienen comunicaci\u00f3n con los productores y esperan que la investigaci\u00f3n se extienda a Guanajuato, ya que quieren conocer el grado de toxicidad del pat\u00f3geno y si se trata del mismo que est\u00e1 reportado en Europa y Norteam\u00e9rica.<\/span><span data-ccp-props=\"{&quot;335559731&quot;:708}\">\u00a0<\/span><\/p>\n<p><span data-contrast=\"auto\">Comparti\u00f3 que, producto de dicha investigaci\u00f3n \u2013que a\u00fan no concluye\u2013 publicaron el art\u00edculo \u201c<\/span><i><span data-contrast=\"auto\">Plasmodiophora brassicae<\/span><\/i><span data-contrast=\"auto\"> en M\u00e9xico: de la an\u00e9cdota a la realidad\u201d en la revista <\/span><i><span data-contrast=\"auto\">Plant Disease<\/span><\/i><span data-contrast=\"auto\">, volumen 106 n\u00famero 7.<\/span><span data-ccp-props=\"{&quot;335559731&quot;:708}\">\u00a0<\/span><\/p>\n<p><span data-contrast=\"auto\">\u201cA\u00fan trabajamos para obtener datos nuevos sobre el pat\u00f3geno. Espero se le d\u00e9 continuidad a este trabajo porque se trata de informaci\u00f3n relevante para la econom\u00eda del pa\u00eds.\u201d<\/span><span data-ccp-props=\"{&quot;335559731&quot;:708}\">\u00a0<\/span><\/p>\n","protected":false},"excerpt":{"rendered":"<p>La Plasmodiophora brassicae provoca p\u00e9rdidas superiores al 50% en cultivos de cruc\u00edferas de Europa y Norteam\u00e9rica, por ello la relevancia de investigarla en M\u00e9xico<\/p>\n","protected":false},"author":1810,"featured_media":126494,"comment_status":"closed","ping_status":"closed","sticky":false,"template":"","format":"standard","meta":[],"categories":[45,1],"tags":[9992,9991,9889,9989,1247,80,9993,6462,4164,6033,9990],"_links":{"self":[{"href":"https:\/\/www.uv.mx\/prensa\/wp-json\/wp\/v2\/posts\/126485"}],"collection":[{"href":"https:\/\/www.uv.mx\/prensa\/wp-json\/wp\/v2\/posts"}],"about":[{"href":"https:\/\/www.uv.mx\/prensa\/wp-json\/wp\/v2\/types\/post"}],"author":[{"embeddable":true,"href":"https:\/\/www.uv.mx\/prensa\/wp-json\/wp\/v2\/users\/1810"}],"replies":[{"embeddable":true,"href":"https:\/\/www.uv.mx\/prensa\/wp-json\/wp\/v2\/comments?post=126485"}],"version-history":[{"count":1,"href":"https:\/\/www.uv.mx\/prensa\/wp-json\/wp\/v2\/posts\/126485\/revisions"}],"predecessor-version":[{"id":126603,"href":"https:\/\/www.uv.mx\/prensa\/wp-json\/wp\/v2\/posts\/126485\/revisions\/126603"}],"wp:featuredmedia":[{"embeddable":true,"href":"https:\/\/www.uv.mx\/prensa\/wp-json\/wp\/v2\/media\/126494"}],"wp:attachment":[{"href":"https:\/\/www.uv.mx\/prensa\/wp-json\/wp\/v2\/media?parent=126485"}],"wp:term":[{"taxonomy":"category","embeddable":true,"href":"https:\/\/www.uv.mx\/prensa\/wp-json\/wp\/v2\/categories?post=126485"},{"taxonomy":"post_tag","embeddable":true,"href":"https:\/\/www.uv.mx\/prensa\/wp-json\/wp\/v2\/tags?post=126485"}],"curies":[{"name":"wp","href":"https:\/\/api.w.org\/{rel}","templated":true}]}}