{"id":126495,"date":"2023-01-26T15:36:46","date_gmt":"2023-01-26T21:36:46","guid":{"rendered":"https:\/\/www.uv.mx\/prensa\/?p=126495"},"modified":"2023-01-26T15:36:46","modified_gmt":"2023-01-26T21:36:46","slug":"poblacion-afrodescendiente-es-estereotipada-en-mexico-yared-bautista","status":"publish","type":"post","link":"https:\/\/www.uv.mx\/prensa\/cultura\/poblacion-afrodescendiente-es-estereotipada-en-mexico-yared-bautista\/","title":{"rendered":"Poblaci\u00f3n afrodescendiente es estereotipada en M\u00e9xico: Yared Bautista"},"content":{"rendered":"<ul style=\"font-weight: 400\">\n<li data-leveltext=\"\uf0b7\" data-font=\"Symbol\" data-listid=\"6\" data-list-defn-props=\"{&quot;335552541&quot;:1,&quot;335559684&quot;:-2,&quot;335559685&quot;:720,&quot;335559991&quot;:360,&quot;469769226&quot;:&quot;Symbol&quot;,&quot;469769242&quot;:[8226],&quot;469777803&quot;:&quot;left&quot;,&quot;469777804&quot;:&quot;\uf0b7&quot;,&quot;469777815&quot;:&quot;hybridMultilevel&quot;}\" data-aria-posinset=\"1\" data-aria-level=\"1\"><i><span data-contrast=\"auto\">\u201cLos hombres son vistos como perezosos, ladrones y de clase social baja; en las mujeres predomina la veta sexual\u201d, mencion\u00f3 el fot\u00f3grafo<\/span><\/i><span data-ccp-props=\"{}\">\u00a0<\/span><\/li>\n<li data-leveltext=\"\uf0b7\" data-font=\"Symbol\" data-listid=\"6\" data-list-defn-props=\"{&quot;335552541&quot;:1,&quot;335559684&quot;:-2,&quot;335559685&quot;:720,&quot;335559991&quot;:360,&quot;469769226&quot;:&quot;Symbol&quot;,&quot;469769242&quot;:[8226],&quot;469777803&quot;:&quot;left&quot;,&quot;469777804&quot;:&quot;\uf0b7&quot;,&quot;469777815&quot;:&quot;hybridMultilevel&quot;}\" data-aria-posinset=\"2\" data-aria-level=\"1\"><i><span data-contrast=\"auto\">Manifest\u00f3 que es fundamental conocer, admirar y plasmar la cultura y etnia de la poblaci\u00f3n afrodescendiente, ya que hablar poco de su presencia incrementa su invisibilizaci\u00f3n<\/span><\/i><span data-ccp-props=\"{}\">\u00a0<\/span><\/li>\n<\/ul>\n<p>&nbsp;<\/p>\n<div id=\"attachment_126497\" style=\"width: 732px\" class=\"wp-caption aligncenter\"><a href=\"https:\/\/www.uv.mx\/prensa\/files\/2023\/01\/250123-CARLOS-Miradas-afromexicanas-1.jpg\"><img aria-describedby=\"caption-attachment-126497\" decoding=\"async\" loading=\"lazy\" class=\"size-full wp-image-126497\" src=\"https:\/\/www.uv.mx\/prensa\/files\/2023\/01\/250123-CARLOS-Miradas-afromexicanas-1.jpg\" alt=\"\" width=\"722\" height=\"406\" srcset=\"https:\/\/www.uv.mx\/prensa\/files\/2023\/01\/250123-CARLOS-Miradas-afromexicanas-1.jpg 722w, https:\/\/www.uv.mx\/prensa\/files\/2023\/01\/250123-CARLOS-Miradas-afromexicanas-1-300x169.jpg 300w\" sizes=\"(max-width: 722px) 100vw, 722px\" \/><\/a><p id=\"caption-attachment-126497\" class=\"wp-caption-text\">En 2020, a nivel nacional dos de cada 100 personas se consideraban afrodescendientes<\/p><\/div>\n<p>&nbsp;<\/p>\n<p><b><i><span data-contrast=\"auto\">Texto y fotos: Carlos Hugo Hermida Rosales<\/span><\/i><\/b><span data-ccp-props=\"{}\">\u00a0<\/span><\/p>\n<p><b><i><span data-contrast=\"auto\">26\/01\/2023, Xalapa, Ver.-<\/span><\/i><\/b><span data-contrast=\"auto\"> \u201cLa invisibilidad de la que es objeto la poblaci\u00f3n afrodescendiente en M\u00e9xico facilita la violaci\u00f3n de sus derechos y libertades, aumenta su vulnerabilidad y fomenta su exclusi\u00f3n, lo que disminuye sus opciones para acceder a mejores oportunidades de vida\u201d, afirm\u00f3 el fot\u00f3grafo Yared Bautista Malag\u00f3n, al impartir una charla virtual el 24 de enero, en el marco del D\u00eda Mundial de la Cultura Africana y los Afrodescendientes.<\/span><span data-ccp-props=\"{}\">\u00a0<\/span><\/p>\n<p><span data-contrast=\"auto\">En este evento, organizado por el <\/span><a href=\"https:\/\/www.uv.mx\/orizaba\/cuacc\/\"><span data-contrast=\"none\">Centro Universitario para las Artes la Ciencia y la Cultura<\/span><\/a><span data-contrast=\"auto\"> (CUACC) y la Coordinaci\u00f3n de Difusi\u00f3n Cultural de la regi\u00f3n Orizaba-C\u00f3rdoba de la Universidad Veracruzana (UV), el investigador independiente mencion\u00f3 que M\u00e9xico es un pa\u00eds con gran riqueza cultural conformado por distintos grupos poblacionales, entre los cuales est\u00e1n los afrodescendientes.<\/span><span data-ccp-props=\"{&quot;335559731&quot;:708}\">\u00a0<\/span><\/p>\n<p>&nbsp;<\/p>\n<div id=\"attachment_126498\" style=\"width: 732px\" class=\"wp-caption aligncenter\"><a href=\"https:\/\/www.uv.mx\/prensa\/files\/2023\/01\/250123-CARLOS-Miradas-afromexicanas-2.jpg\"><img aria-describedby=\"caption-attachment-126498\" decoding=\"async\" loading=\"lazy\" class=\"size-full wp-image-126498\" src=\"https:\/\/www.uv.mx\/prensa\/files\/2023\/01\/250123-CARLOS-Miradas-afromexicanas-2.jpg\" alt=\"\" width=\"722\" height=\"406\" srcset=\"https:\/\/www.uv.mx\/prensa\/files\/2023\/01\/250123-CARLOS-Miradas-afromexicanas-2.jpg 722w, https:\/\/www.uv.mx\/prensa\/files\/2023\/01\/250123-CARLOS-Miradas-afromexicanas-2-300x169.jpg 300w\" sizes=\"(max-width: 722px) 100vw, 722px\" \/><\/a><p id=\"caption-attachment-126498\" class=\"wp-caption-text\">La poblaci\u00f3n afrodescendiente lleg\u00f3 a territorio americano en la \u00e9poca de la colonia<\/p><\/div>\n<p>&nbsp;<\/p>\n<p><span data-contrast=\"auto\">Relat\u00f3 que este sector registr\u00f3 su llegada a territorio americano en la \u00e9poca de la colonia en calidad de esclavos, lo que fue determinante para que en siglos posteriores enfrenten exclusi\u00f3n, discriminaci\u00f3n y racismo.<\/span><span data-ccp-props=\"{&quot;335559731&quot;:708}\">\u00a0<\/span><\/p>\n<p><span data-contrast=\"auto\">De acuerdo con datos del Instituto Nacional de Estad\u00edstica y Geograf\u00eda (<\/span><i><span data-contrast=\"auto\">Inegi<\/span><\/i><span data-contrast=\"auto\">), en 2020 en el pa\u00eds dos de cada 100 personas se consideraban afrodescendientes.<\/span><span data-ccp-props=\"{&quot;335559731&quot;:708}\">\u00a0<\/span><\/p>\n<p>&nbsp;<\/p>\n<div id=\"attachment_126499\" style=\"width: 732px\" class=\"wp-caption aligncenter\"><a href=\"https:\/\/www.uv.mx\/prensa\/files\/2023\/01\/250123-CARLOS-Miradas-afromexicanas-3.jpg\"><img aria-describedby=\"caption-attachment-126499\" decoding=\"async\" loading=\"lazy\" class=\"size-full wp-image-126499\" src=\"https:\/\/www.uv.mx\/prensa\/files\/2023\/01\/250123-CARLOS-Miradas-afromexicanas-3.jpg\" alt=\"\" width=\"722\" height=\"406\" srcset=\"https:\/\/www.uv.mx\/prensa\/files\/2023\/01\/250123-CARLOS-Miradas-afromexicanas-3.jpg 722w, https:\/\/www.uv.mx\/prensa\/files\/2023\/01\/250123-CARLOS-Miradas-afromexicanas-3-300x169.jpg 300w\" sizes=\"(max-width: 722px) 100vw, 722px\" \/><\/a><p id=\"caption-attachment-126499\" class=\"wp-caption-text\">Bajo el liderazgo del pr\u00edncipe Yanga, afrodescendientes fundaron el primer pueblo libre en Am\u00e9rica en 1609, en Veracruz<\/p><\/div>\n<p>&nbsp;<\/p>\n<p><span data-contrast=\"auto\">Yared Bautista abord\u00f3 los estereotipos con los que com\u00fanmente son relacionados en M\u00e9xico; en el caso de los hombres, son vistos como perezosos, ladrones y pertenecientes a la clase social baja, y en el de las mujeres, predomina la veta sexual.<\/span><span data-ccp-props=\"{&quot;335559731&quot;:708}\">\u00a0<\/span><\/p>\n<p><span data-contrast=\"auto\">El fot\u00f3grafo manifest\u00f3 que es fundamental conocer, admirar y plasmar la cultura y etnia de la poblaci\u00f3n afrodescendiente, ya que hablar poco de su presencia en el pa\u00eds suma a su invisibilizaci\u00f3n.<\/span><span data-ccp-props=\"{&quot;335559731&quot;:708}\">\u00a0<\/span><\/p>\n<p>&nbsp;<\/p>\n<div id=\"attachment_126500\" style=\"width: 732px\" class=\"wp-caption aligncenter\"><a href=\"https:\/\/www.uv.mx\/prensa\/files\/2023\/01\/250123-CARLOS-Miradas-afromexicanas-4.jpg\"><img aria-describedby=\"caption-attachment-126500\" decoding=\"async\" loading=\"lazy\" class=\"size-full wp-image-126500\" src=\"https:\/\/www.uv.mx\/prensa\/files\/2023\/01\/250123-CARLOS-Miradas-afromexicanas-4.jpg\" alt=\"\" width=\"722\" height=\"406\" srcset=\"https:\/\/www.uv.mx\/prensa\/files\/2023\/01\/250123-CARLOS-Miradas-afromexicanas-4.jpg 722w, https:\/\/www.uv.mx\/prensa\/files\/2023\/01\/250123-CARLOS-Miradas-afromexicanas-4-300x169.jpg 300w\" sizes=\"(max-width: 722px) 100vw, 722px\" \/><\/a><p id=\"caption-attachment-126500\" class=\"wp-caption-text\">Yared Bautista Malag\u00f3n<\/p><\/div>\n<p>&nbsp;<\/p>\n<p><span data-contrast=\"auto\">\u201cLos afrodescendientes marcan un parteaguas en la historia del estado de Veracruz ya que el 10 de agosto de 1609 fundaron el primer pueblo libre en Am\u00e9rica, que en un principio fue llamado San Lorenzo de los Negros y hoy lleva por nombre Yanga\u201d, declar\u00f3.<\/span><span data-ccp-props=\"{&quot;335559731&quot;:708}\">\u00a0<\/span><\/p>\n","protected":false},"excerpt":{"rendered":"<p>El fot\u00f3grafo imparti\u00f3 una charla virtual en el marco del D\u00eda Mundial de la Cultura Africana y los Afrodescendientes, organizada por el CUACC de la Universidad Veracruzana <\/p>\n","protected":false},"author":1809,"featured_media":126514,"comment_status":"closed","ping_status":"closed","sticky":false,"template":"","format":"standard","meta":[],"categories":[11,47,53,61,32],"tags":[8148,4161,4942,1327,9994,9995],"_links":{"self":[{"href":"https:\/\/www.uv.mx\/prensa\/wp-json\/wp\/v2\/posts\/126495"}],"collection":[{"href":"https:\/\/www.uv.mx\/prensa\/wp-json\/wp\/v2\/posts"}],"about":[{"href":"https:\/\/www.uv.mx\/prensa\/wp-json\/wp\/v2\/types\/post"}],"author":[{"embeddable":true,"href":"https:\/\/www.uv.mx\/prensa\/wp-json\/wp\/v2\/users\/1809"}],"replies":[{"embeddable":true,"href":"https:\/\/www.uv.mx\/prensa\/wp-json\/wp\/v2\/comments?post=126495"}],"version-history":[{"count":1,"href":"https:\/\/www.uv.mx\/prensa\/wp-json\/wp\/v2\/posts\/126495\/revisions"}],"predecessor-version":[{"id":126545,"href":"https:\/\/www.uv.mx\/prensa\/wp-json\/wp\/v2\/posts\/126495\/revisions\/126545"}],"wp:featuredmedia":[{"embeddable":true,"href":"https:\/\/www.uv.mx\/prensa\/wp-json\/wp\/v2\/media\/126514"}],"wp:attachment":[{"href":"https:\/\/www.uv.mx\/prensa\/wp-json\/wp\/v2\/media?parent=126495"}],"wp:term":[{"taxonomy":"category","embeddable":true,"href":"https:\/\/www.uv.mx\/prensa\/wp-json\/wp\/v2\/categories?post=126495"},{"taxonomy":"post_tag","embeddable":true,"href":"https:\/\/www.uv.mx\/prensa\/wp-json\/wp\/v2\/tags?post=126495"}],"curies":[{"name":"wp","href":"https:\/\/api.w.org\/{rel}","templated":true}]}}