{"id":126559,"date":"2023-01-27T12:48:17","date_gmt":"2023-01-27T18:48:17","guid":{"rendered":"https:\/\/www.uv.mx\/prensa\/?p=126559"},"modified":"2024-09-23T15:26:15","modified_gmt":"2024-09-23T20:26:15","slug":"unidad-de-economia-uv-inauguro-sistema-de-captacion-de-agua-de-lluvia","status":"publish","type":"post","link":"https:\/\/www.uv.mx\/prensa\/general\/unidad-de-economia-uv-inauguro-sistema-de-captacion-de-agua-de-lluvia\/","title":{"rendered":"Unidad de Econom\u00eda, Estad\u00edstica e Inform\u00e1tica inaugur\u00f3 sistema de captaci\u00f3n de agua"},"content":{"rendered":"<ul style=\"font-weight: 400\">\n<li data-leveltext=\"\uf0b7\" data-font=\"Symbol\" data-listid=\"6\" data-list-defn-props=\"{&quot;335552541&quot;:1,&quot;335559684&quot;:-2,&quot;335559685&quot;:720,&quot;335559991&quot;:360,&quot;469769226&quot;:&quot;Symbol&quot;,&quot;469769242&quot;:[8226],&quot;469777803&quot;:&quot;left&quot;,&quot;469777804&quot;:&quot;\uf0b7&quot;,&quot;469777815&quot;:&quot;hybridMultilevel&quot;}\" data-aria-posinset=\"1\" data-aria-level=\"1\"><i><span data-contrast=\"auto\">Fue donado por la iniciativa del Programa de las Naciones Unidas para el Medio Ambiente CityAdapt, gracias a la gesti\u00f3n de la Coordinaci\u00f3n Universitaria para la Sustentabilidad<\/span><\/i><span data-ccp-props=\"{}\">\u00a0<\/span><span data-ccp-props=\"{}\">\u00a0<\/span><\/li>\n<\/ul>\n<p>&nbsp;<\/p>\n<div id=\"attachment_126567\" style=\"width: 732px\" class=\"wp-caption aligncenter\"><img aria-describedby=\"caption-attachment-126567\" decoding=\"async\" loading=\"lazy\" class=\"size-full wp-image-126567\" src=\"https:\/\/www.uv.mx\/prensa\/files\/2023\/01\/270123-CARLOS-Captacion-de-agua-1.jpg\" alt=\"\" width=\"722\" height=\"542\" srcset=\"https:\/\/www.uv.mx\/prensa\/files\/2023\/01\/270123-CARLOS-Captacion-de-agua-1.jpg 722w, https:\/\/www.uv.mx\/prensa\/files\/2023\/01\/270123-CARLOS-Captacion-de-agua-1-300x225.jpg 300w\" sizes=\"(max-width: 722px) 100vw, 722px\" \/><p id=\"caption-attachment-126567\" class=\"wp-caption-text\">En la inauguraci\u00f3n estuvieron presentes autoridades universitarias y representantes de <em>CityAdapt<\/em><\/p><\/div>\n<p><b><i><span data-contrast=\"auto\">Texto y fotos: Carlos Hugo Hermida Rosales<\/span><\/i><\/b><span data-ccp-props=\"{}\">\u00a0<\/span><\/p>\n<p><b><i><span data-contrast=\"auto\">27\/01\/2023, Xalapa, Ver.-<\/span><\/i><\/b><span data-contrast=\"auto\"> La Unidad Acad\u00e9mica de Econom\u00eda, Estad\u00edstica e Inform\u00e1tica de la Universidad Veracruzana (UV) inaugur\u00f3 un sistema de captaci\u00f3n de agua de lluvia, que fue donado por <\/span><i><span data-contrast=\"auto\">CityAdapt<\/span><\/i><span data-contrast=\"auto\">, iniciativa del Programa de las Naciones Unidas para el Medio Ambiente (PNUMA), gracias a la gesti\u00f3n de la Coordinaci\u00f3n Universitaria para la Sustentabilidad (<\/span><i><span data-contrast=\"auto\">CoSustenta<\/span><\/i><span data-contrast=\"auto\">).<\/span><span data-ccp-props=\"{}\">\u00a0<\/span><\/p>\n<p><span data-contrast=\"auto\">El sistema capta el agua pluvial y lo almacena en cuatro cisternas con una capacidad total de 10 mil litros, que posteriormente se distribuyen a los distintos tinacos, tras pasar diversos filtros.<\/span><\/p>\n<div id=\"attachment_126566\" style=\"width: 732px\" class=\"wp-caption aligncenter\"><img aria-describedby=\"caption-attachment-126566\" decoding=\"async\" loading=\"lazy\" class=\"size-full wp-image-126566\" src=\"https:\/\/www.uv.mx\/prensa\/files\/2023\/01\/270123-CARLOS-Captacion-de-agua-2.jpg\" alt=\"\" width=\"722\" height=\"963\" srcset=\"https:\/\/www.uv.mx\/prensa\/files\/2023\/01\/270123-CARLOS-Captacion-de-agua-2.jpg 722w, https:\/\/www.uv.mx\/prensa\/files\/2023\/01\/270123-CARLOS-Captacion-de-agua-2-225x300.jpg 225w\" sizes=\"(max-width: 722px) 100vw, 722px\" \/><p id=\"caption-attachment-126566\" class=\"wp-caption-text\">El sistema de captaci\u00f3n cuenta con diversos filtros<\/p><\/div>\n<p><span data-contrast=\"auto\">En el acto inaugural estuvieron presentes Jos\u00e9 Luis S\u00e1nchez Leyva, titular de la Direcci\u00f3n General del \u00c1rea Acad\u00e9mica Econ\u00f3mico-Administrativa; Laura Bello Benavides, coordinadora de la <\/span><i><span data-contrast=\"auto\">CoSustenta<\/span><\/i><span data-contrast=\"auto\">; Ferm\u00edn Cabo Leyva y Luis Gerardo Montan\u00e9 Jim\u00e9nez, directores de las facultades de Econom\u00eda y de Estad\u00edstica e Inform\u00e1tica, respectivamente.<\/span><span data-ccp-props=\"{&quot;335559731&quot;:708}\">\u00a0<\/span><\/p>\n<p><span data-contrast=\"auto\">Adem\u00e1s de Sergio Ang\u00f3n Rodr\u00edguez, coordinador de <\/span><i><span data-contrast=\"auto\">CityAdapt<\/span><\/i><span data-contrast=\"auto\"> en M\u00e9xico, y Rodrigo de la Parra Cruz, director de proyectos del grupo constructor CYPRO.<\/span><span data-ccp-props=\"{&quot;335559731&quot;:708}\">\u00a0<\/span><\/p>\n<p><span data-contrast=\"auto\">Sergio Ang\u00f3n comparti\u00f3 que el proyecto <\/span><i><span data-contrast=\"auto\">CityAdapt <\/span><\/i><span data-contrast=\"auto\">actualmente se implementa en tres ciudades: Kingston, Jamaica; San Salvador, El Salvador, y Xalapa, M\u00e9xico, y que en la UV tambi\u00e9n se instalaron sistemas de captaci\u00f3n de agua de lluvia en las unidades de Humanidades e Ingenier\u00eda, con capacidad de almacenamiento de 10 mil litros cada uno.<\/span><span data-ccp-props=\"{&quot;335559731&quot;:708}\">\u00a0<\/span><\/p>\n<p><span data-contrast=\"auto\">Destac\u00f3 que esta instituci\u00f3n educativa forma a una gran cantidad de estudiantes, por lo que es fundamental que vean este tipo de iniciativas sustentables, que responden a problemas p\u00fablicos mundiales.<\/span><span data-ccp-props=\"{&quot;335559731&quot;:708}\">\u00a0<\/span><\/p>\n<div id=\"attachment_126565\" style=\"width: 732px\" class=\"wp-caption aligncenter\"><img aria-describedby=\"caption-attachment-126565\" decoding=\"async\" loading=\"lazy\" class=\"size-full wp-image-126565\" src=\"https:\/\/www.uv.mx\/prensa\/files\/2023\/01\/270123-CARLOS-Captacion-de-agua-3.jpg\" alt=\"\" width=\"722\" height=\"963\" srcset=\"https:\/\/www.uv.mx\/prensa\/files\/2023\/01\/270123-CARLOS-Captacion-de-agua-3.jpg 722w, https:\/\/www.uv.mx\/prensa\/files\/2023\/01\/270123-CARLOS-Captacion-de-agua-3-225x300.jpg 225w\" sizes=\"(max-width: 722px) 100vw, 722px\" \/><p id=\"caption-attachment-126565\" class=\"wp-caption-text\">Las cisternas tienen una capacidad total de almacenamiento de 10 mil litros<\/p><\/div>\n<p><span data-contrast=\"auto\">S\u00e1nchez Leyva agradeci\u00f3 a la <\/span><i><span data-contrast=\"auto\">CoSustenta<\/span><\/i><span data-contrast=\"auto\"> por llevar a cabo las gestiones para instalar los sistemas de captaci\u00f3n de agua, y manifest\u00f3 que el \u00c1rea Acad\u00e9mica Econ\u00f3mico-Administrativa ofrece todo su apoyo para desarrollar proyectos que fortalezcan la sustentabilidad.<\/span><span data-ccp-props=\"{&quot;335559731&quot;:708}\">\u00a0<\/span><\/p>\n<p><span data-contrast=\"auto\">Laura Bello coment\u00f3 que cuando las sociedades enfrentan problemas severos se generan escenarios de incertidumbre, y que ante ello las redes de colaboraci\u00f3n son una excelente opci\u00f3n para buscar soluciones.<\/span><span data-ccp-props=\"{&quot;335559731&quot;:708}\">\u00a0<\/span><\/p>\n<p><span data-contrast=\"auto\">Enfatiz\u00f3 que la UV es una casa de estudios con gran generaci\u00f3n de conocimiento, en cuyo interior se asume con compromiso la perspectiva de sustentabilidad y de cuidado de la naturaleza, y se forman profesionistas con una visi\u00f3n orientada a ello.<\/span><span data-ccp-props=\"{&quot;335559731&quot;:708}\">\u00a0<\/span><\/p>\n<div id=\"attachment_126564\" style=\"width: 732px\" class=\"wp-caption aligncenter\"><img aria-describedby=\"caption-attachment-126564\" decoding=\"async\" loading=\"lazy\" class=\"size-full wp-image-126564\" src=\"https:\/\/www.uv.mx\/prensa\/files\/2023\/01\/270123-CARLOS-Captacion-de-agua-4.jpg\" alt=\"\" width=\"722\" height=\"542\" srcset=\"https:\/\/www.uv.mx\/prensa\/files\/2023\/01\/270123-CARLOS-Captacion-de-agua-4.jpg 722w, https:\/\/www.uv.mx\/prensa\/files\/2023\/01\/270123-CARLOS-Captacion-de-agua-4-300x225.jpg 300w\" sizes=\"(max-width: 722px) 100vw, 722px\" \/><p id=\"caption-attachment-126564\" class=\"wp-caption-text\">Sergio Ang\u00f3n Rodr\u00edguez, coordinador de<em> CityAdapt<\/em><\/p><\/div>\n<p><span data-ccp-props=\"{}\">\u00a0<\/span><\/p>\n","protected":false},"excerpt":{"rendered":"<p>Cuenta con varios filtros y tiene capacidad de almacenamiento de 10 mil litros<\/p>\n","protected":false},"author":1810,"featured_media":126590,"comment_status":"closed","ping_status":"closed","sticky":false,"template":"","format":"standard","meta":[],"categories":[45,1,61],"tags":[3266,4161,157,10016,10017,295],"_links":{"self":[{"href":"https:\/\/www.uv.mx\/prensa\/wp-json\/wp\/v2\/posts\/126559"}],"collection":[{"href":"https:\/\/www.uv.mx\/prensa\/wp-json\/wp\/v2\/posts"}],"about":[{"href":"https:\/\/www.uv.mx\/prensa\/wp-json\/wp\/v2\/types\/post"}],"author":[{"embeddable":true,"href":"https:\/\/www.uv.mx\/prensa\/wp-json\/wp\/v2\/users\/1810"}],"replies":[{"embeddable":true,"href":"https:\/\/www.uv.mx\/prensa\/wp-json\/wp\/v2\/comments?post=126559"}],"version-history":[{"count":1,"href":"https:\/\/www.uv.mx\/prensa\/wp-json\/wp\/v2\/posts\/126559\/revisions"}],"predecessor-version":[{"id":147322,"href":"https:\/\/www.uv.mx\/prensa\/wp-json\/wp\/v2\/posts\/126559\/revisions\/147322"}],"wp:featuredmedia":[{"embeddable":true,"href":"https:\/\/www.uv.mx\/prensa\/wp-json\/wp\/v2\/media\/126590"}],"wp:attachment":[{"href":"https:\/\/www.uv.mx\/prensa\/wp-json\/wp\/v2\/media?parent=126559"}],"wp:term":[{"taxonomy":"category","embeddable":true,"href":"https:\/\/www.uv.mx\/prensa\/wp-json\/wp\/v2\/categories?post=126559"},{"taxonomy":"post_tag","embeddable":true,"href":"https:\/\/www.uv.mx\/prensa\/wp-json\/wp\/v2\/tags?post=126559"}],"curies":[{"name":"wp","href":"https:\/\/api.w.org\/{rel}","templated":true}]}}