{"id":126649,"date":"2023-01-30T11:35:46","date_gmt":"2023-01-30T17:35:46","guid":{"rendered":"https:\/\/www.uv.mx\/prensa\/?p=126649"},"modified":"2023-01-31T13:05:41","modified_gmt":"2023-01-31T19:05:41","slug":"uv-impartio-taller-formacion-de-pares-en-ambientes-coil","status":"publish","type":"post","link":"https:\/\/www.uv.mx\/prensa\/general\/uv-impartio-taller-formacion-de-pares-en-ambientes-coil\/","title":{"rendered":"UV imparti\u00f3 taller \u201cFormaci\u00f3n de pares en ambientes COIL\u201d"},"content":{"rendered":"<ul class=\"ul1\">\n<li class=\"li1\"><i>Participaron profesores de m\u00e1s de 30 universidades de nueve pa\u00edses latinoamericanos<\/i><\/li>\n<li class=\"li1\"><i>En la capacitaci\u00f3n se abordaron los retos de la educaci\u00f3n superior internacional, el profesional del futuro y las competencias globales, entre otros temas<\/i><\/li>\n<\/ul>\n<p>&nbsp;<\/p>\n<div id=\"attachment_126642\" style=\"width: 732px\" class=\"wp-caption aligncenter\"><img aria-describedby=\"caption-attachment-126642\" decoding=\"async\" loading=\"lazy\" class=\"size-full wp-image-126642\" src=\"https:\/\/www.uv.mx\/prensa\/files\/2023\/01\/170123-CARLOS-Taller-COIL-1-100k.jpg\" alt=\"Entre los asistentes al taller se encuentran catedr\u00e1ticos de universidades de M\u00e9xico, Brasil, Chile y Nicaragua, por mencionar algunos pa\u00edses\" width=\"722\" height=\"376\" srcset=\"https:\/\/www.uv.mx\/prensa\/files\/2023\/01\/170123-CARLOS-Taller-COIL-1-100k.jpg 722w, https:\/\/www.uv.mx\/prensa\/files\/2023\/01\/170123-CARLOS-Taller-COIL-1-100k-300x156.jpg 300w\" sizes=\"(max-width: 722px) 100vw, 722px\" \/><p id=\"caption-attachment-126642\" class=\"wp-caption-text\">Entre los asistentes al taller se encuentran catedr\u00e1ticos de universidades de M\u00e9xico, Brasil, Chile y Nicaragua, por mencionar algunos pa\u00edses<\/p><\/div>\n<p>&nbsp;<\/p>\n<p class=\"p1\"><b><i>Texto y fotos: Carlos Hugo Hermida Rosales<\/i><\/b><\/p>\n<p class=\"p1\"><b><i>30\/01\/2023, Xalapa, Ver.-<\/i><\/b> La Universidad Veracruzana (UV), a trav\u00e9s del programa Virtual International Collaborations (VIC) de la <a href=\"https:\/\/www.uv.mx\/internacional\/\" target=\"_blank\" rel=\"noopener\">Direcci\u00f3n General de Relaciones Internacionales<\/a> (DGRI), realiz\u00f3 el taller virtual \u201cFormaci\u00f3n de pares en ambientes COIL (Collaborative Online International Learning)\u201d, que imparti\u00f3 \u00c1ngel Antonio Fern\u00e1ndez Montiel, coordinador de Cooperaci\u00f3n Acad\u00e9mica de esta casa de estudios.<\/p>\n<p class=\"p3\"><span class=\"s1\">Mario de Jes\u00fas Oliva Su\u00e1rez, titular de la DGRI, comparti\u00f3 que <\/span>la capacitaci\u00f3n forma parte de la estrategia de internacionalizaci\u00f3n en casa de la UV y participan profesores interesados en la metodolog\u00eda COIL, de m\u00e1s de 30 instituciones de educaci\u00f3n superior de nueve pa\u00edses latinoamericanos.<\/p>\n<div id=\"attachment_126643\" style=\"width: 732px\" class=\"wp-caption aligncenter\"><img aria-describedby=\"caption-attachment-126643\" decoding=\"async\" loading=\"lazy\" class=\"size-full wp-image-126643\" src=\"https:\/\/www.uv.mx\/prensa\/files\/2023\/01\/170123-CARLOS-Taller-COIL-2-100k.jpg\" alt=\"\u00c1ngel Antonio Fern\u00e1ndez Montiel, coordinador de Cooperaci\u00f3n Acad\u00e9mica\" width=\"722\" height=\"406\" srcset=\"https:\/\/www.uv.mx\/prensa\/files\/2023\/01\/170123-CARLOS-Taller-COIL-2-100k.jpg 722w, https:\/\/www.uv.mx\/prensa\/files\/2023\/01\/170123-CARLOS-Taller-COIL-2-100k-300x169.jpg 300w\" sizes=\"(max-width: 722px) 100vw, 722px\" \/><p id=\"caption-attachment-126643\" class=\"wp-caption-text\">\u00c1ngel Antonio Fern\u00e1ndez Montiel, coordinador de Cooperaci\u00f3n Acad\u00e9mica<\/p><\/div>\n<p>&nbsp;<\/p>\n<p class=\"p4\"><span class=\"s2\">El funcionario dijo que se tiene la expectativa de que este tipo de iniciativas estimule a los docentes a tomar parte en el taller VIC, en el que podr\u00e1n sensibilizarse y capacitarse sobre la metodolog\u00eda COIL.<\/span><\/p>\n<p class=\"p1\">Ver\u00f3nica Rodr\u00edguez Luna, coordinadora de los programas COIL y VIC en la UV, destac\u00f3 que entre los asistentes al taller participaron catedr\u00e1ticos de universidades de M\u00e9xico, Brasil, Chile y Nicaragua, por nombrar algunos pa\u00edses, quienes aprendieron a elaborar sus perfiles internacionales, con la finalidad de encontrar sus pares.<\/p>\n<div id=\"attachment_126644\" style=\"width: 732px\" class=\"wp-caption aligncenter\"><img aria-describedby=\"caption-attachment-126644\" decoding=\"async\" loading=\"lazy\" class=\"size-full wp-image-126644\" src=\"https:\/\/www.uv.mx\/prensa\/files\/2023\/01\/170123-CARLOS-Taller-COIL-3-100k.jpg\" alt=\"Mario de Jes\u00fas Oliva Su\u00e1rez, titular de la DGRI\" width=\"722\" height=\"406\" srcset=\"https:\/\/www.uv.mx\/prensa\/files\/2023\/01\/170123-CARLOS-Taller-COIL-3-100k.jpg 722w, https:\/\/www.uv.mx\/prensa\/files\/2023\/01\/170123-CARLOS-Taller-COIL-3-100k-300x169.jpg 300w\" sizes=\"(max-width: 722px) 100vw, 722px\" \/><p id=\"caption-attachment-126644\" class=\"wp-caption-text\">Mario de Jes\u00fas Oliva Su\u00e1rez, titular de la DGRI<\/p><\/div>\n<p>&nbsp;<\/p>\n<p class=\"p3\">Antonio Fern\u00e1ndez mencion\u00f3 que entre los temas que se abordaron en el taller est\u00e1n los retos de la educaci\u00f3n superior internacional, los egresados y el sector socioecon\u00f3mico, el profesional del futuro y las competencias globales adem\u00e1s el trabajo colaborativo e interdisciplinario.<\/p>\n<p class=\"p4\"><span class=\"s2\">El acad\u00e9mico resalt\u00f3 la visi\u00f3n de la UV al desarrollar una estrategia para favorecer ambientes de aprendizaje colaborativo internacional en l\u00ednea.<\/span><\/p>\n<div id=\"attachment_126645\" style=\"width: 732px\" class=\"wp-caption aligncenter\"><img aria-describedby=\"caption-attachment-126645\" decoding=\"async\" loading=\"lazy\" class=\"size-full wp-image-126645\" src=\"https:\/\/www.uv.mx\/prensa\/files\/2023\/01\/170123-CARLOS-Taller-COIL-4-100k.jpg\" alt=\"Ver\u00f3nica Rodr\u00edguez Luna, coordinadora de los programas COIL y VIC\" width=\"722\" height=\"406\" srcset=\"https:\/\/www.uv.mx\/prensa\/files\/2023\/01\/170123-CARLOS-Taller-COIL-4-100k.jpg 722w, https:\/\/www.uv.mx\/prensa\/files\/2023\/01\/170123-CARLOS-Taller-COIL-4-100k-300x169.jpg 300w\" sizes=\"(max-width: 722px) 100vw, 722px\" \/><p id=\"caption-attachment-126645\" class=\"wp-caption-text\">Ver\u00f3nica Rodr\u00edguez Luna, coordinadora de los programas COIL y VIC<\/p><\/div>\n","protected":false},"excerpt":{"rendered":"<p>La capacitaci\u00f3n forma parte de la estrategia de internacionalizaci\u00f3n en casa de la UV<\/p>\n","protected":false},"author":1775,"featured_media":126642,"comment_status":"closed","ping_status":"closed","sticky":false,"template":"","format":"standard","meta":[],"categories":[47,1],"tags":[10048,1928,4161,1929,2452,10049,459,611,193,1027,3345,554,10047,694,3502,2454,2453],"_links":{"self":[{"href":"https:\/\/www.uv.mx\/prensa\/wp-json\/wp\/v2\/posts\/126649"}],"collection":[{"href":"https:\/\/www.uv.mx\/prensa\/wp-json\/wp\/v2\/posts"}],"about":[{"href":"https:\/\/www.uv.mx\/prensa\/wp-json\/wp\/v2\/types\/post"}],"author":[{"embeddable":true,"href":"https:\/\/www.uv.mx\/prensa\/wp-json\/wp\/v2\/users\/1775"}],"replies":[{"embeddable":true,"href":"https:\/\/www.uv.mx\/prensa\/wp-json\/wp\/v2\/comments?post=126649"}],"version-history":[{"count":1,"href":"https:\/\/www.uv.mx\/prensa\/wp-json\/wp\/v2\/posts\/126649\/revisions"}],"predecessor-version":[{"id":126717,"href":"https:\/\/www.uv.mx\/prensa\/wp-json\/wp\/v2\/posts\/126649\/revisions\/126717"}],"wp:featuredmedia":[{"embeddable":true,"href":"https:\/\/www.uv.mx\/prensa\/wp-json\/wp\/v2\/media\/126642"}],"wp:attachment":[{"href":"https:\/\/www.uv.mx\/prensa\/wp-json\/wp\/v2\/media?parent=126649"}],"wp:term":[{"taxonomy":"category","embeddable":true,"href":"https:\/\/www.uv.mx\/prensa\/wp-json\/wp\/v2\/categories?post=126649"},{"taxonomy":"post_tag","embeddable":true,"href":"https:\/\/www.uv.mx\/prensa\/wp-json\/wp\/v2\/tags?post=126649"}],"curies":[{"name":"wp","href":"https:\/\/api.w.org\/{rel}","templated":true}]}}