{"id":126771,"date":"2023-02-01T16:31:31","date_gmt":"2023-02-01T22:31:31","guid":{"rendered":"https:\/\/www.uv.mx\/prensa\/?p=126771"},"modified":"2023-02-02T13:11:34","modified_gmt":"2023-02-02T19:11:34","slug":"gracias-uv-por-provocarnos-sonrisas-estudiante","status":"publish","type":"post","link":"https:\/\/www.uv.mx\/prensa\/general\/gracias-uv-por-provocarnos-sonrisas-estudiante\/","title":{"rendered":"Gracias UV por provocarnos sonrisas: estudiante\u00a0"},"content":{"rendered":"<ul>\n<li><i><span data-contrast=\"auto\">Dalia Fern\u00e1ndez, alumna de segundo grado de primaria, expres\u00f3 que fue un d\u00eda muy especial para ella y todos sus compa\u00f1eros, gracias a la campa\u00f1a \u201cApadrina una carta\u201d<\/span><\/i><span data-ccp-props=\"{&quot;201341983&quot;:0,&quot;335559739&quot;:0,&quot;335559740&quot;:240}\">\u00a0<\/span><\/li>\n<li data-leveltext=\"\uf0b7\" data-font=\"Symbol\" data-listid=\"1\" data-list-defn-props=\"{&quot;335552541&quot;:1,&quot;335559684&quot;:-2,&quot;335559685&quot;:720,&quot;335559991&quot;:360,&quot;469769226&quot;:&quot;Symbol&quot;,&quot;469769242&quot;:[8226],&quot;469777803&quot;:&quot;left&quot;,&quot;469777804&quot;:&quot;\uf0b7&quot;,&quot;469777815&quot;:&quot;hybridMultilevel&quot;}\" data-aria-posinset=\"2\" data-aria-level=\"1\"><i><span data-contrast=\"auto\">En la Escuela Primaria \u201cQuetzalc\u00f3atl\u201d inici\u00f3 la entrega de regalos que se extender\u00e1 a diversas comunidades del estado<\/span><\/i><span data-ccp-props=\"{&quot;201341983&quot;:0,&quot;335559739&quot;:0,&quot;335559740&quot;:240}\">\u00a0<\/span><\/li>\n<\/ul>\n<p><span data-ccp-props=\"{&quot;201341983&quot;:0,&quot;335559739&quot;:0,&quot;335559740&quot;:240}\">\u00a0<\/span><\/p>\n<p>&nbsp;<\/p>\n<div id=\"attachment_126774\" style=\"width: 732px\" class=\"wp-caption aligncenter\"><img aria-describedby=\"caption-attachment-126774\" decoding=\"async\" loading=\"lazy\" class=\"size-full wp-image-126774\" src=\"https:\/\/www.uv.mx\/prensa\/files\/2023\/02\/310123-PAOLA-Entrega-juguetes-1B.jpg\" alt=\"\" width=\"722\" height=\"464\" srcset=\"https:\/\/www.uv.mx\/prensa\/files\/2023\/02\/310123-PAOLA-Entrega-juguetes-1B.jpg 722w, https:\/\/www.uv.mx\/prensa\/files\/2023\/02\/310123-PAOLA-Entrega-juguetes-1B-300x193.jpg 300w\" sizes=\"(max-width: 722px) 100vw, 722px\" \/><p id=\"caption-attachment-126774\" class=\"wp-caption-text\">Voluntariado UV y DGV entregaron regalos a ni\u00f1os de la Escuela Primaria \u201cQuetzalc\u00f3atl\u201d<\/p><\/div>\n<p><span data-ccp-props=\"{&quot;201341983&quot;:0,&quot;335559739&quot;:0,&quot;335559740&quot;:240}\">\u00a0<\/span><\/p>\n<p><b><i><span data-contrast=\"auto\">Paola Cort\u00e9s P\u00e9rez<\/span><\/i><\/b><span data-ccp-props=\"{&quot;201341983&quot;:0,&quot;335559739&quot;:0,&quot;335559740&quot;:240}\">\u00a0<\/span><\/p>\n<p><b><i><span data-contrast=\"auto\">Fotos: Omar Portilla Palacios<\/span><\/i><\/b><span data-ccp-props=\"{&quot;201341983&quot;:0,&quot;335559739&quot;:0,&quot;335559740&quot;:240}\">\u00a0<\/span><\/p>\n<p><b><i><span data-contrast=\"auto\">01\/02\/2023, Xalapa, Ver.- <\/span><\/i><\/b><span data-contrast=\"auto\">Con la entrega de regalos a 87 ni\u00f1os de la Escuela Primaria \u201cQuetzalc\u00f3atl\u201d en la ciudad de Xalapa, se cristalizaron los sue\u00f1os de la campa\u00f1a \u201cApadrina una carta\u201d impulsada por el Voluntariado de la Universidad Veracruzana (UV), en colaboraci\u00f3n con la <a href=\"https:\/\/www.uv.mx\/vinculacion\/tag\/direccion-general-de-vinculacion\/\" target=\"_blank\" rel=\"noopener\">Direcci\u00f3n General de Vinculaci\u00f3n<\/a> (DGV), tambi\u00e9n de esta casa de estudios.<\/span><span data-ccp-props=\"{&quot;201341983&quot;:0,&quot;335559739&quot;:0,&quot;335559740&quot;:240}\">\u00a0<\/span><\/p>\n<p><span data-contrast=\"auto\">Antes de las 15:00 horas del martes 31 de enero, las ni\u00f1as, ni\u00f1os, docentes, madres y padres de familia se dieron cita en la cancha del plantel educativo. Las y los estudiantes de diferentes grados en todo momento estuvieron sorprendidos y emocionados por abrir los obsequios que los Reyes Magos les hicieron llegar con la ayuda de la Universidad.<\/span><span data-ccp-props=\"{&quot;201341983&quot;:0,&quot;335559731&quot;:708,&quot;335559739&quot;:0,&quot;335559740&quot;:240}\">\u00a0<\/span><\/p>\n<p><span data-contrast=\"auto\">Dalia Fern\u00e1ndez Basilio, alumna de segundo grado, expres\u00f3 que fue un d\u00eda muy especial y de mucha alegr\u00eda para ella y sus compa\u00f1eros, porque entre tantas escuelas fueron elegidos por el Voluntariado de la UV.<\/span><span data-ccp-props=\"{&quot;201341983&quot;:0,&quot;335559731&quot;:708,&quot;335559739&quot;:0,&quot;335559740&quot;:240}\">\u00a0<\/span><\/p>\n<p><span data-contrast=\"auto\">\u201cA nombre de todos agradezco a la Universidad Veracruzana y a todos los padrinos porque hicieron posible que tengamos nuestros regalos. Gracias UV por darnos esta sonrisa hoy.\u201d<\/span><span data-ccp-props=\"{&quot;201341983&quot;:0,&quot;335559731&quot;:708,&quot;335559739&quot;:0,&quot;335559740&quot;:240}\">\u00a0<\/span><\/p>\n<p><span data-contrast=\"auto\">Posteriormente, se acerc\u00f3 a las autoridades invitadas para entregarles las cartas de agradecimiento que las ni\u00f1as y los ni\u00f1os enviaron a sus padrinos y madrinas.<\/span><span data-ccp-props=\"{&quot;201341983&quot;:0,&quot;335559731&quot;:708,&quot;335559739&quot;:0,&quot;335559740&quot;:240}\">\u00a0<\/span><\/p>\n<p>&nbsp;<\/p>\n<div id=\"attachment_126775\" style=\"width: 732px\" class=\"wp-caption aligncenter\"><img aria-describedby=\"caption-attachment-126775\" decoding=\"async\" loading=\"lazy\" class=\"size-full wp-image-126775\" src=\"https:\/\/www.uv.mx\/prensa\/files\/2023\/02\/310123-PAOLA-Entrega-juguetes-2B.jpg\" alt=\"\" width=\"722\" height=\"453\" srcset=\"https:\/\/www.uv.mx\/prensa\/files\/2023\/02\/310123-PAOLA-Entrega-juguetes-2B.jpg 722w, https:\/\/www.uv.mx\/prensa\/files\/2023\/02\/310123-PAOLA-Entrega-juguetes-2B-300x188.jpg 300w, https:\/\/www.uv.mx\/prensa\/files\/2023\/02\/310123-PAOLA-Entrega-juguetes-2B-200x125.jpg 200w\" sizes=\"(max-width: 722px) 100vw, 722px\" \/><p id=\"caption-attachment-126775\" class=\"wp-caption-text\">Mar\u00eda Jos\u00e9 Garc\u00eda y Seraf\u00edn Flores recibieron las cartas de agradecimiento enviadas por las y los ni\u00f1os<\/p><\/div>\n<p>&nbsp;<\/p>\n<p><span data-contrast=\"auto\">Mar\u00eda Teresa Castillo Rodr\u00edguez, directora del plantel educativo, dijo que fue un d\u00eda de j\u00fabilo al ver las sonrisas de decenas de estudiantes por cumplirse sus deseos.<\/span><span data-ccp-props=\"{&quot;201341983&quot;:0,&quot;335559731&quot;:708,&quot;335559739&quot;:0,&quot;335559740&quot;:240}\">\u00a0<\/span><\/p>\n<p><span data-contrast=\"auto\">\u201cLa Universidad Veracruzana ya forma parte de nuestra comunidad. Le agradecemos por haber volteado a ver nuestra escuela, es un privilegio formar parte de este programa.\u201d<\/span><span data-ccp-props=\"{&quot;201341983&quot;:0,&quot;335559731&quot;:708,&quot;335559739&quot;:0,&quot;335559740&quot;:240}\">\u00a0<\/span><\/p>\n<p><span data-contrast=\"auto\">Al un\u00edsono, ni\u00f1as, ni\u00f1os y sus familiares\u00a0aplaudieron y gritaron: \u201c\u00a1Gracias!\u201d.<\/span><span data-ccp-props=\"{&quot;201341983&quot;:0,&quot;335559731&quot;:708,&quot;335559739&quot;:0,&quot;335559740&quot;:240}\">\u00a0<\/span><\/p>\n<p><span data-contrast=\"auto\">Mar\u00eda Isabel G\u00f3mez Pomares, presidenta de la Sociedad de Padres de Familia, agradeci\u00f3 a la comunidad UV por hacer posible la entrega de regalos.<\/span><span data-ccp-props=\"{&quot;201341983&quot;:0,&quot;335559731&quot;:708,&quot;335559739&quot;:0,&quot;335559740&quot;:240}\">\u00a0<\/span><\/p>\n<p><span data-contrast=\"auto\">\u201cTenemos una gratitud inmensa a todos los que hacen posible el programa, porque la mayor\u00eda de nuestros estudiantes son de escasos recursos, por eso no caben de contentos.\u201d<\/span><span data-ccp-props=\"{&quot;201341983&quot;:0,&quot;335559731&quot;:708,&quot;335559739&quot;:0,&quot;335559740&quot;:240}\">\u00a0<\/span><\/p>\n<p><span data-contrast=\"auto\">Para la se\u00f1ora Mar\u00eda de los \u00c1ngeles Aguayo Hern\u00e1ndez se trata de un programa muy noble, ya que hay familias que no cuentan con los suficientes recursos econ\u00f3micos para darles obsequios en Navidad o el D\u00eda de Reyes Magos.<\/span><span data-ccp-props=\"{&quot;201341983&quot;:0,&quot;335559731&quot;:708,&quot;335559739&quot;:0,&quot;335559740&quot;:240}\">\u00a0<\/span><\/p>\n<p>&nbsp;<\/p>\n<div id=\"attachment_126776\" style=\"width: 732px\" class=\"wp-caption aligncenter\"><img aria-describedby=\"caption-attachment-126776\" decoding=\"async\" loading=\"lazy\" class=\"size-full wp-image-126776\" src=\"https:\/\/www.uv.mx\/prensa\/files\/2023\/02\/310123-PAOLA-Entrega-juguetes-3B.jpg\" alt=\"\" width=\"722\" height=\"241\" srcset=\"https:\/\/www.uv.mx\/prensa\/files\/2023\/02\/310123-PAOLA-Entrega-juguetes-3B.jpg 722w, https:\/\/www.uv.mx\/prensa\/files\/2023\/02\/310123-PAOLA-Entrega-juguetes-3B-300x100.jpg 300w\" sizes=\"(max-width: 722px) 100vw, 722px\" \/><p id=\"caption-attachment-126776\" class=\"wp-caption-text\">Las se\u00f1oras Mar\u00eda Isabel G\u00f3mez y Mar\u00eda de los \u00c1ngeles Aguayo agradecieron a la Universidad por los regalos<\/p><\/div>\n<p>&nbsp;<\/p>\n<p><span data-contrast=\"auto\">\u201cSe les agradece de coraz\u00f3n porque vemos a nuestros ni\u00f1os muy contentos con sus regalos.\u201d<\/span><span data-ccp-props=\"{&quot;201341983&quot;:0,&quot;335559731&quot;:708,&quot;335559739&quot;:0,&quot;335559740&quot;:240}\">\u00a0<\/span><\/p>\n<p><span data-contrast=\"auto\">Mar\u00eda Jos\u00e9 Garc\u00eda Oramas, investigadora de la Facultad de Psicolog\u00eda, anunci\u00f3 \u2013en representaci\u00f3n del rector Mart\u00edn Aguilar S\u00e1nchez\u2013 que se dio inicio formal a la entrega de juguetes de la campa\u00f1a \u201cApadrina una carta\u201d, la cual est\u00e1 presente en todas las regiones universitarias.<\/span><span data-ccp-props=\"{&quot;201341983&quot;:0,&quot;335559731&quot;:708,&quot;335559739&quot;:0,&quot;335559740&quot;:240}\">\u00a0<\/span><\/p>\n<p><span data-contrast=\"auto\">Seraf\u00edn Flores de la Cruz, titular de la DGV, dijo: \u201cLos Reyes Magos le pidieron a la UV entregar estos regalos, as\u00ed que la comunidad universitaria se dio a la tarea de recolectarlos considerando sus cartas\u201d.<\/span><span data-ccp-props=\"{&quot;201341983&quot;:0,&quot;335559731&quot;:708,&quot;335559739&quot;:0,&quot;335559740&quot;:240}\">\u00a0<\/span><\/p>\n<p><span data-contrast=\"auto\">Agradeci\u00f3 a toda la comunidad universitaria que particip\u00f3 e hizo posible la campa\u00f1a este a\u00f1o, as\u00ed como a las y los docentes de la escuela beneficiada que colaboraron en la organizaci\u00f3n del evento.<\/span><span data-ccp-props=\"{&quot;201341983&quot;:0,&quot;335559731&quot;:708,&quot;335559739&quot;:0,&quot;335559740&quot;:240}\">\u00a0<\/span><\/p>\n<p><span data-contrast=\"auto\">Cabe mencionar que el alumnado de la Facultad de Contadur\u00eda y Administraci\u00f3n, y quienes realizan su servicio social en la Casa UV Molino de San Roque, apoy\u00f3 en la entrega de los juguetes.<\/span><span data-ccp-props=\"{&quot;201341983&quot;:0,&quot;335559731&quot;:708,&quot;335559739&quot;:0,&quot;335559740&quot;:240}\">\u00a0<\/span><\/p>\n<p><span data-contrast=\"auto\">La convivencia concluy\u00f3 con la presentaci\u00f3n de <\/span><i><span data-contrast=\"auto\">Star Wars <\/span><\/i><span data-contrast=\"auto\">Legi\u00f3n, y las y los presentes tuvieron la oportunidad de tomarse fotograf\u00edas con Darth Vader, Obi-Wan Kenobi, Chewbacca, Kylo Ren, la Princesa Amidala y Stormtroopers.<\/span><span data-ccp-props=\"{&quot;201341983&quot;:0,&quot;335559731&quot;:708,&quot;335559739&quot;:0,&quot;335559740&quot;:240}\">\u00a0<\/span><\/p>\n<p><span data-ccp-props=\"{&quot;201341983&quot;:0,&quot;335559739&quot;:0,&quot;335559740&quot;:240}\">\u00a0<\/span><\/p>\n<div id=\"attachment_126777\" style=\"width: 732px\" class=\"wp-caption aligncenter\"><img aria-describedby=\"caption-attachment-126777\" decoding=\"async\" loading=\"lazy\" class=\"size-full wp-image-126777\" src=\"https:\/\/www.uv.mx\/prensa\/files\/2023\/02\/310123-PAOLA-Entrega-juguetes-4B.jpg\" alt=\"\" width=\"722\" height=\"462\" srcset=\"https:\/\/www.uv.mx\/prensa\/files\/2023\/02\/310123-PAOLA-Entrega-juguetes-4B.jpg 722w, https:\/\/www.uv.mx\/prensa\/files\/2023\/02\/310123-PAOLA-Entrega-juguetes-4B-300x192.jpg 300w\" sizes=\"(max-width: 722px) 100vw, 722px\" \/><p id=\"caption-attachment-126777\" class=\"wp-caption-text\">Estudiantes convivieron con personajes de Star Wars<\/p><\/div>\n<p>&nbsp;<\/p>\n<p><b><span data-contrast=\"auto\">\u201cApadrina una carta\u201d<\/span><\/b><span data-ccp-props=\"{&quot;201341983&quot;:0,&quot;335559739&quot;:0,&quot;335559740&quot;:240}\">\u00a0<\/span><\/p>\n<p><span data-contrast=\"auto\">La campa\u00f1a \u201cApadrina una carta\u201d tiene por objetivo recibir cartas de ni\u00f1as y ni\u00f1os de comunidades vulnerables cercanas a las Casas UV, las cuales son seleccionadas por docentes y\/o funcionarios de esta casa de estudios para cumplir los deseos de los peque\u00f1os, convirti\u00e9ndose en sus madrinas y padrinos.<\/span><span data-ccp-props=\"{&quot;201341983&quot;:0,&quot;335559739&quot;:0,&quot;335559740&quot;:240}\">\u00a0<\/span><\/p>\n<p><span data-contrast=\"auto\">Este a\u00f1o se llev\u00f3 a cabo del 21 de noviembre al 18 de diciembre en las cinco regiones universitarias. La entrega de los regalos inici\u00f3 en la Escuela Primaria \u201cQuetzalc\u00f3atl\u201d, cercana a la Casa UV Molino de San Roque, de la ciudad de Xalapa.<\/span><span data-ccp-props=\"{&quot;201341983&quot;:0,&quot;335559739&quot;:0,&quot;335559740&quot;:240}\">\u00a0<\/span><\/p>\n<p><span data-contrast=\"auto\">Milton Res\u00e9ndiz, encargado del Voluntariado UV, dijo que la campa\u00f1a est\u00e1 presente en todas las regiones de esta casa de estudios, benefici\u00e1ndose a m\u00e1s de mil 600 ni\u00f1os, tan s\u00f3lo en Xalapa son\u00a0627 los peque\u00f1os que recibir\u00e1n obsequios.<\/span><span data-ccp-props=\"{&quot;201341983&quot;:0,&quot;335559731&quot;:708,&quot;335559739&quot;:0,&quot;335559740&quot;:240}\">\u00a0<\/span><\/p>\n<p><span data-contrast=\"auto\">Las pr\u00f3ximas entregas ser\u00e1n en El Conejo, Coyopolan y en comunidades de Ixhuac\u00e1n de los Reyes, los d\u00edas 7, 8, 10 y 15 de febrero, respectivamente.<\/span><span data-ccp-props=\"{&quot;201341983&quot;:0,&quot;335559731&quot;:708,&quot;335559739&quot;:0,&quot;335559740&quot;:240}\">\u00a0<\/span><\/p>\n<p><span data-contrast=\"auto\">\u201cInvitamos a la comunidad universitaria a participar en dicha actividad. Contamos con el apoyo y participaci\u00f3n de estudiantes que hacen su servicio social en las Casas UV, as\u00ed como voluntarias y voluntarios de la Facultad de Contadur\u00eda y Administraci\u00f3n a quienes les interesa impulsar campa\u00f1as en beneficio de la sociedad.\u201d<\/span><span data-ccp-props=\"{&quot;201341983&quot;:0,&quot;335559731&quot;:708,&quot;335559739&quot;:0,&quot;335559740&quot;:240}\">\u00a0<\/span><\/p>\n<p><span data-ccp-props=\"{&quot;201341983&quot;:0,&quot;335559739&quot;:0,&quot;335559740&quot;:240}\">\u00a0<\/span><\/p>\n<div id=\"attachment_126778\" style=\"width: 732px\" class=\"wp-caption aligncenter\"><img aria-describedby=\"caption-attachment-126778\" decoding=\"async\" loading=\"lazy\" class=\"size-full wp-image-126778\" src=\"https:\/\/www.uv.mx\/prensa\/files\/2023\/02\/310123-PAOLA-Entrega-juguetes-5B.jpg\" alt=\"\" width=\"722\" height=\"449\" srcset=\"https:\/\/www.uv.mx\/prensa\/files\/2023\/02\/310123-PAOLA-Entrega-juguetes-5B.jpg 722w, https:\/\/www.uv.mx\/prensa\/files\/2023\/02\/310123-PAOLA-Entrega-juguetes-5B-300x187.jpg 300w, https:\/\/www.uv.mx\/prensa\/files\/2023\/02\/310123-PAOLA-Entrega-juguetes-5B-200x125.jpg 200w\" sizes=\"(max-width: 722px) 100vw, 722px\" \/><p id=\"caption-attachment-126778\" class=\"wp-caption-text\">Milton Res\u00e9ndiz junto con el equipo de trabajo del Voluntariado UV<\/p><\/div>\n","protected":false},"excerpt":{"rendered":"<p>Milton Res\u00e9ndiz, encargado del Voluntariado UV, dijo que la campa\u00f1a \u201cApadrina una carta\u201d beneficiar\u00e1 a m\u00e1s de mil 600 ni\u00f1as y ni\u00f1os; 627 de ellos en Xalapa\u00a0<\/p>\n","protected":false},"author":1869,"featured_media":126773,"comment_status":"closed","ping_status":"closed","sticky":false,"template":"","format":"standard","meta":[],"categories":[47,1],"tags":[1563,10078,1993,6712,1561,9928,400],"_links":{"self":[{"href":"https:\/\/www.uv.mx\/prensa\/wp-json\/wp\/v2\/posts\/126771"}],"collection":[{"href":"https:\/\/www.uv.mx\/prensa\/wp-json\/wp\/v2\/posts"}],"about":[{"href":"https:\/\/www.uv.mx\/prensa\/wp-json\/wp\/v2\/types\/post"}],"author":[{"embeddable":true,"href":"https:\/\/www.uv.mx\/prensa\/wp-json\/wp\/v2\/users\/1869"}],"replies":[{"embeddable":true,"href":"https:\/\/www.uv.mx\/prensa\/wp-json\/wp\/v2\/comments?post=126771"}],"version-history":[{"count":2,"href":"https:\/\/www.uv.mx\/prensa\/wp-json\/wp\/v2\/posts\/126771\/revisions"}],"predecessor-version":[{"id":126800,"href":"https:\/\/www.uv.mx\/prensa\/wp-json\/wp\/v2\/posts\/126771\/revisions\/126800"}],"wp:featuredmedia":[{"embeddable":true,"href":"https:\/\/www.uv.mx\/prensa\/wp-json\/wp\/v2\/media\/126773"}],"wp:attachment":[{"href":"https:\/\/www.uv.mx\/prensa\/wp-json\/wp\/v2\/media?parent=126771"}],"wp:term":[{"taxonomy":"category","embeddable":true,"href":"https:\/\/www.uv.mx\/prensa\/wp-json\/wp\/v2\/categories?post=126771"},{"taxonomy":"post_tag","embeddable":true,"href":"https:\/\/www.uv.mx\/prensa\/wp-json\/wp\/v2\/tags?post=126771"}],"curies":[{"name":"wp","href":"https:\/\/api.w.org\/{rel}","templated":true}]}}