{"id":126872,"date":"2023-02-03T15:27:21","date_gmt":"2023-02-03T21:27:21","guid":{"rendered":"https:\/\/www.uv.mx\/prensa\/?p=126872"},"modified":"2023-02-08T13:13:29","modified_gmt":"2023-02-08T19:13:29","slug":"nuestra-historia-y-pasado-nos-dan-identidad-estudiantes-uv","status":"publish","type":"post","link":"https:\/\/www.uv.mx\/prensa\/general\/nuestra-historia-y-pasado-nos-dan-identidad-estudiantes-uv\/","title":{"rendered":"Nuestra historia y pasado nos dan identidad: estudiantes UV"},"content":{"rendered":"<ul>\n<li data-leveltext=\"\uf0b7\" data-font=\"Symbol\" data-listid=\"1\" data-list-defn-props=\"{&quot;335552541&quot;:1,&quot;335559684&quot;:-2,&quot;335559685&quot;:720,&quot;335559991&quot;:360,&quot;469769226&quot;:&quot;Symbol&quot;,&quot;469769242&quot;:[8226],&quot;469777803&quot;:&quot;left&quot;,&quot;469777804&quot;:&quot;\uf0b7&quot;,&quot;469777815&quot;:&quot;hybridMultilevel&quot;}\" data-aria-posinset=\"1\" data-aria-level=\"1\"><i><span data-contrast=\"auto\">En la Facultad de Historia cursaron la experiencia educativa (EE) M\u00e9xico Antiguo, dentro del periodo intersemestral<\/span><\/i><span data-ccp-props=\"{&quot;201341983&quot;:0,&quot;335559739&quot;:0,&quot;335559740&quot;:240}\">\u00a0<\/span><\/li>\n<li data-leveltext=\"\uf0b7\" data-font=\"Symbol\" data-listid=\"1\" data-list-defn-props=\"{&quot;335552541&quot;:1,&quot;335559684&quot;:-2,&quot;335559685&quot;:720,&quot;335559991&quot;:360,&quot;469769226&quot;:&quot;Symbol&quot;,&quot;469769242&quot;:[8226],&quot;469777803&quot;:&quot;left&quot;,&quot;469777804&quot;:&quot;\uf0b7&quot;,&quot;469777815&quot;:&quot;hybridMultilevel&quot;}\" data-aria-posinset=\"2\" data-aria-level=\"1\"><i><span data-contrast=\"auto\">Es impartida por Pedro Jim\u00e9nez Lara, del Instituto de Investigaciones Hist\u00f3rico-Sociales<\/span><\/i><span data-ccp-props=\"{&quot;201341983&quot;:0,&quot;335559739&quot;:0,&quot;335559740&quot;:240}\">\u00a0<\/span><\/li>\n<li data-leveltext=\"\uf0b7\" data-font=\"Symbol\" data-listid=\"1\" data-list-defn-props=\"{&quot;335552541&quot;:1,&quot;335559684&quot;:-2,&quot;335559685&quot;:720,&quot;335559991&quot;:360,&quot;469769226&quot;:&quot;Symbol&quot;,&quot;469769242&quot;:[8226],&quot;469777803&quot;:&quot;left&quot;,&quot;469777804&quot;:&quot;\uf0b7&quot;,&quot;469777815&quot;:&quot;hybridMultilevel&quot;}\" data-aria-posinset=\"3\" data-aria-level=\"1\"><i><span data-contrast=\"auto\">Inici\u00f3 el 2 de enero y concluy\u00f3 el 2 de febrero<\/span><\/i><span data-ccp-props=\"{&quot;201341983&quot;:0,&quot;335559739&quot;:0,&quot;335559740&quot;:240}\">\u00a0<\/span><\/li>\n<\/ul>\n<p><span data-ccp-props=\"{&quot;201341983&quot;:0,&quot;335559739&quot;:0,&quot;335559740&quot;:240}\">\u00a0<\/span><\/p>\n<div id=\"attachment_126865\" style=\"width: 732px\" class=\"wp-caption aligncenter\"><a href=\"https:\/\/www.uv.mx\/prensa\/files\/2023\/02\/030223-CLAUDIA-MEXICO-ANTIGUO-1ok.jpg\"><img aria-describedby=\"caption-attachment-126865\" decoding=\"async\" loading=\"lazy\" class=\"size-full wp-image-126865\" src=\"https:\/\/www.uv.mx\/prensa\/files\/2023\/02\/030223-CLAUDIA-MEXICO-ANTIGUO-1ok.jpg\" alt=\"\" width=\"722\" height=\"397\" srcset=\"https:\/\/www.uv.mx\/prensa\/files\/2023\/02\/030223-CLAUDIA-MEXICO-ANTIGUO-1ok.jpg 722w, https:\/\/www.uv.mx\/prensa\/files\/2023\/02\/030223-CLAUDIA-MEXICO-ANTIGUO-1ok-300x165.jpg 300w\" sizes=\"(max-width: 722px) 100vw, 722px\" \/><\/a><p id=\"caption-attachment-126865\" class=\"wp-caption-text\">Estudiantes de la Facultad de Historia cursaron la EE M\u00e9xico Antiguo, durante el periodo intersemestral<\/p><\/div>\n<p>&nbsp;<\/p>\n<p><b><i><span data-contrast=\"auto\">Claudia Peralta V\u00e1zquez<\/span><\/i><\/b><span data-ccp-props=\"{&quot;201341983&quot;:0,&quot;335559739&quot;:0,&quot;335559740&quot;:240}\">\u00a0<\/span><\/p>\n<p><b><i><span data-contrast=\"auto\">Fotos: Omar Portilla Palacios<\/span><\/i><\/b><span data-ccp-props=\"{&quot;201341983&quot;:0,&quot;335559739&quot;:0,&quot;335559740&quot;:240}\">\u00a0<\/span><\/p>\n<p><b><i><span data-contrast=\"auto\">03\/02\/2023, Xalapa, Ver.- <\/span><\/i><\/b><span data-contrast=\"auto\">Alumnos de la Universidad Veracruzana (UV), en su mayor\u00eda de la Facultad de Historia, ampliaron su conocimiento respecto a la riqueza e importancia de las culturas mesoamericanas del pa\u00eds, a trav\u00e9s de la experiencia educativa (EE) M\u00e9xico Antiguo, impartida en el periodo intersemestral de invierno.<\/span><span data-ccp-props=\"{&quot;201341983&quot;:0,&quot;335559739&quot;:0,&quot;335559740&quot;:240}\">\u00a0<\/span><\/p>\n<p><span data-contrast=\"auto\">Desde hace 20 a\u00f1os, la EE est\u00e1 a cargo de Pedro Jim\u00e9nez Lara, especialista del<a href=\"https:\/\/www.uv.mx\/iihs\/\" target=\"_blank\" rel=\"noopener\"> Instituto de Investigaciones Hist\u00f3rico-Sociales<\/a> (IIH-S), quien la imparte de forma anual en esta Facultad adscrita a la Unidad de Humanidades.<\/span><span data-ccp-props=\"{&quot;201341983&quot;:0,&quot;335559739&quot;:0,&quot;335559740&quot;:240}\">\u00a0<\/span><\/p>\n<p><span data-contrast=\"auto\">El conocimiento y motivaci\u00f3n que el investigador transmite a los estudiantes ha hecho que la EE sea catalogada como una de las de mayor demanda, incluso la llegan a solicitar alumnos de otras \u00e1reas como: administraci\u00f3n, qu\u00edmica, ingenier\u00eda, biolog\u00eda, y de otros <\/span><i><span data-contrast=\"auto\">campus<\/span><\/i><span data-contrast=\"auto\"> universitarios.<\/span><span data-ccp-props=\"{&quot;201341983&quot;:0,&quot;335559739&quot;:0,&quot;335559740&quot;:240}\">\u00a0<\/span><\/p>\n<p><span data-contrast=\"auto\">A decir de Jim\u00e9nez Lara, son muchos los alumnos y personas que desconocen la riqueza cultural de M\u00e9xico, en el \u00e1mbito de la arqueolog\u00eda, antropolog\u00eda y lenguas que se hablan en zonas ind\u00edgenas con las que convivimos.<\/span><span data-ccp-props=\"{&quot;201341983&quot;:0,&quot;335559739&quot;:0,&quot;335559740&quot;:240}\">\u00a0<\/span><\/p>\n<p><span data-contrast=\"auto\">\u201cEs parte de nuestra identidad, esta materia coadyuva a la formaci\u00f3n acad\u00e9mica del estudiantado y a su bagaje cultural.\u201d<\/span><span data-ccp-props=\"{&quot;201341983&quot;:0,&quot;335559739&quot;:0,&quot;335559740&quot;:240}\">\u00a0<\/span><\/p>\n<p><span data-contrast=\"auto\">Dentro del \u00c1rea de Formaci\u00f3n Disciplinar, se trata de una de las EE obligatorias; los j\u00f3venes acuden cuatro horas, de lunes a viernes, y durante un mes recaban mucha informaci\u00f3n sobre el mundo ind\u00edgena, arqueol\u00f3gico, ling\u00fc\u00edstico y rituales.<\/span><span data-ccp-props=\"{&quot;201341983&quot;:0,&quot;335559739&quot;:0,&quot;335559740&quot;:240}\">\u00a0<\/span><\/p>\n<p>&nbsp;<\/p>\n<div id=\"attachment_126864\" style=\"width: 732px\" class=\"wp-caption aligncenter\"><a href=\"https:\/\/www.uv.mx\/prensa\/files\/2023\/02\/030223-CLAUDIA-MEXICO-ANTIGUO-2-ok.jpg\"><img aria-describedby=\"caption-attachment-126864\" decoding=\"async\" loading=\"lazy\" class=\"size-full wp-image-126864\" src=\"https:\/\/www.uv.mx\/prensa\/files\/2023\/02\/030223-CLAUDIA-MEXICO-ANTIGUO-2-ok.jpg\" alt=\"\" width=\"722\" height=\"426\" srcset=\"https:\/\/www.uv.mx\/prensa\/files\/2023\/02\/030223-CLAUDIA-MEXICO-ANTIGUO-2-ok.jpg 722w, https:\/\/www.uv.mx\/prensa\/files\/2023\/02\/030223-CLAUDIA-MEXICO-ANTIGUO-2-ok-300x177.jpg 300w\" sizes=\"(max-width: 722px) 100vw, 722px\" \/><\/a><p id=\"caption-attachment-126864\" class=\"wp-caption-text\">Diego Emiliano S\u00e1nchez de la Rosa, Mar\u00eda Paola Ruiz Valdivia y Natalia Rold\u00e1n Landa, alumnos de la Facultad de Historia<\/p><\/div>\n<p>&nbsp;<\/p>\n<p><span data-contrast=\"auto\">\u201cTodo ese estrato que venimos halando desde la prehistoria, a veces no nos percatamos de lo que tenemos, muchas reminiscencias del mundo mesoamericano con las que convivimos actualmente\u201d, expres\u00f3 el investigador.<\/span><span data-ccp-props=\"{&quot;201341983&quot;:0,&quot;335559731&quot;:708,&quot;335559739&quot;:0,&quot;335559740&quot;:240}\">\u00a0<\/span><\/p>\n<p><span data-contrast=\"auto\">\u201cMe pareci\u00f3 una buena opci\u00f3n para cursar en vacaciones\u201d, dijo Diego Emiliano S\u00e1nchez de la Rosa, alumno de quinto semestre de la Facultad de Historia, para quien nunca est\u00e1 de m\u00e1s conocer el pasado, pues podr\u00eda representar una inspiraci\u00f3n.<\/span><span data-ccp-props=\"{&quot;201341983&quot;:0,&quot;335559739&quot;:0,&quot;335559740&quot;:240}\">\u00a0<\/span><\/p>\n<p><span data-contrast=\"auto\">Coment\u00f3 que la clase se centr\u00f3 en describir las principales culturas mesoamericanas, los diferentes pueblos y divisi\u00f3n de zonas culturales, ling\u00fc\u00edsticas y geogr\u00e1ficas del territorio, as\u00ed como un poco del proceso de la conquista.<\/span><span data-ccp-props=\"{&quot;201341983&quot;:0,&quot;335559739&quot;:0,&quot;335559740&quot;:240}\">\u00a0<\/span><\/p>\n<p><span data-contrast=\"auto\">\u201cComo estudiantes y mexicanos tenemos el contexto y gusto previo, sin embargo, conocimos algunas culturas m\u00e1s alejadas del territorio; me gust\u00f3 toda esta variedad, sus diferencias, particularidades e intercambio de ideas, c\u00f3mo algunas se influencian mutuamente sin perder sus cualidades y caracter\u00edsticas\u201d.<\/span><span data-ccp-props=\"{&quot;201341983&quot;:0,&quot;335559731&quot;:708,&quot;335559739&quot;:0,&quot;335559740&quot;:240}\">\u00a0<\/span><\/p>\n<p><span data-contrast=\"none\">Natalia Rold\u00e1n Landa, alumna de segundo semestre, se inscribi\u00f3 a este curso que inici\u00f3 el pasado 2 de enero y concluy\u00f3 el 2 de febrero.<\/span><span data-ccp-props=\"{&quot;201341983&quot;:0,&quot;335559731&quot;:708,&quot;335559739&quot;:0,&quot;335559740&quot;:240}\">\u00a0<\/span><\/p>\n<p>&nbsp;<\/p>\n<div id=\"attachment_126863\" style=\"width: 732px\" class=\"wp-caption aligncenter\"><a href=\"https:\/\/www.uv.mx\/prensa\/files\/2023\/02\/030223-CLAUDIA-MEXICO-ANTIGUO-3-ok.jpg\"><img aria-describedby=\"caption-attachment-126863\" decoding=\"async\" loading=\"lazy\" class=\"size-full wp-image-126863\" src=\"https:\/\/www.uv.mx\/prensa\/files\/2023\/02\/030223-CLAUDIA-MEXICO-ANTIGUO-3-ok.jpg\" alt=\"\" width=\"722\" height=\"441\" srcset=\"https:\/\/www.uv.mx\/prensa\/files\/2023\/02\/030223-CLAUDIA-MEXICO-ANTIGUO-3-ok.jpg 722w, https:\/\/www.uv.mx\/prensa\/files\/2023\/02\/030223-CLAUDIA-MEXICO-ANTIGUO-3-ok-300x183.jpg 300w\" sizes=\"(max-width: 722px) 100vw, 722px\" \/><\/a><p id=\"caption-attachment-126863\" class=\"wp-caption-text\">Pedro Jim\u00e9nez Lara, investigador del IIH-S, imparte esta EE desde hace 20 a\u00f1os<\/p><\/div>\n<p>&nbsp;<\/p>\n<p><span data-contrast=\"none\">\u201cMe pareci\u00f3 muy interesante conocer acerca de las culturas mesoamericanas. Varios maestros me recomendaron esta EE.\u201d<\/span><span data-ccp-props=\"{&quot;201341983&quot;:0,&quot;335559731&quot;:708,&quot;335559739&quot;:0,&quot;335559740&quot;:240}\">\u00a0<\/span><\/p>\n<p><span data-contrast=\"none\">Admiti\u00f3 que a\u00fan tiene mucho que aprender acerca de estas civilizaciones, es un tema de gran inter\u00e9s, el cual debe permear entre los mexicanos y la juventud.<\/span><span data-ccp-props=\"{&quot;201341983&quot;:0,&quot;335559731&quot;:708,&quot;335559739&quot;:0,&quot;335559740&quot;:240}\">\u00a0<\/span><\/p>\n<p><span data-contrast=\"none\">\u201cMi conocimiento se ampli\u00f3 mucho, aprend\u00ed cosas nuevas, creo que todos deber\u00edamos investigar un poco de las culturas y todo lo que abarca Mesoam\u00e9rica.\u201d<\/span><span data-ccp-props=\"{&quot;201341983&quot;:0,&quot;335559731&quot;:708,&quot;335559739&quot;:0,&quot;335559740&quot;:240}\">\u00a0<\/span><\/p>\n<p><span data-contrast=\"none\">Mar\u00eda Paola Ruiz Valdivia, de octavo semestre, qued\u00f3 satisfecha por la experiencia y dominio del tema mostrado por el profesor. Entre los temas que m\u00e1s llam\u00f3 su atenci\u00f3n est\u00e1 el de las mujeres del Golfo de M\u00e9xico conocidas como \u201ccihuas\u201d, muertas durante el parto, a quienes se les catalogaba como diosas.<\/span><span data-ccp-props=\"{&quot;201341983&quot;:0,&quot;335559731&quot;:708,&quot;335559739&quot;:0,&quot;335559740&quot;:240}\">\u00a0<\/span><\/p>\n","protected":false},"excerpt":{"rendered":"<p>M\u00e9xico Antiguo es una de las experiencias educativas con m\u00e1s alta demanda en la Facultad de Historia. Se imparte anualmente, en el periodo intersemestral de invierno <\/p>\n","protected":false},"author":1809,"featured_media":126874,"comment_status":"closed","ping_status":"closed","sticky":false,"template":"","format":"standard","meta":[],"categories":[1,61],"tags":[10106,4163,10104,247,1105,152,10105,7190,10103],"_links":{"self":[{"href":"https:\/\/www.uv.mx\/prensa\/wp-json\/wp\/v2\/posts\/126872"}],"collection":[{"href":"https:\/\/www.uv.mx\/prensa\/wp-json\/wp\/v2\/posts"}],"about":[{"href":"https:\/\/www.uv.mx\/prensa\/wp-json\/wp\/v2\/types\/post"}],"author":[{"embeddable":true,"href":"https:\/\/www.uv.mx\/prensa\/wp-json\/wp\/v2\/users\/1809"}],"replies":[{"embeddable":true,"href":"https:\/\/www.uv.mx\/prensa\/wp-json\/wp\/v2\/comments?post=126872"}],"version-history":[{"count":1,"href":"https:\/\/www.uv.mx\/prensa\/wp-json\/wp\/v2\/posts\/126872\/revisions"}],"predecessor-version":[{"id":126962,"href":"https:\/\/www.uv.mx\/prensa\/wp-json\/wp\/v2\/posts\/126872\/revisions\/126962"}],"wp:featuredmedia":[{"embeddable":true,"href":"https:\/\/www.uv.mx\/prensa\/wp-json\/wp\/v2\/media\/126874"}],"wp:attachment":[{"href":"https:\/\/www.uv.mx\/prensa\/wp-json\/wp\/v2\/media?parent=126872"}],"wp:term":[{"taxonomy":"category","embeddable":true,"href":"https:\/\/www.uv.mx\/prensa\/wp-json\/wp\/v2\/categories?post=126872"},{"taxonomy":"post_tag","embeddable":true,"href":"https:\/\/www.uv.mx\/prensa\/wp-json\/wp\/v2\/tags?post=126872"}],"curies":[{"name":"wp","href":"https:\/\/api.w.org\/{rel}","templated":true}]}}