{"id":126935,"date":"2023-02-09T17:07:49","date_gmt":"2023-02-09T23:07:49","guid":{"rendered":"https:\/\/www.uv.mx\/prensa\/?p=126935"},"modified":"2023-02-10T13:33:35","modified_gmt":"2023-02-10T19:33:35","slug":"obras-de-bizet-saint-saens-y-faure-entrega-la-osx-este-viernes","status":"publish","type":"post","link":"https:\/\/www.uv.mx\/prensa\/cultura\/obras-de-bizet-saint-saens-y-faure-entrega-la-osx-este-viernes\/","title":{"rendered":"Obras de Bizet, Saint-Sa\u00ebns y Faur\u00e9 entrega la OSX este viernes"},"content":{"rendered":"<ul style=\"font-weight: 400\">\n<li data-leveltext=\"\uf0b7\" data-font=\"Symbol\" data-listid=\"2\" data-list-defn-props=\"{&quot;335552541&quot;:1,&quot;335559684&quot;:-2,&quot;335559685&quot;:720,&quot;335559991&quot;:360,&quot;469769226&quot;:&quot;Symbol&quot;,&quot;469769242&quot;:[8226],&quot;469777803&quot;:&quot;left&quot;,&quot;469777804&quot;:&quot;\uf0b7&quot;,&quot;469777815&quot;:&quot;hybridMultilevel&quot;}\" data-aria-posinset=\"1\" data-aria-level=\"1\"><i><span data-contrast=\"auto\">Yahel Felipe Jim\u00e9nez, principal de violonchelos, ser\u00e1 solista para la partitura de Camille Saint-Sa\u00ebns<\/span><\/i><span data-ccp-props=\"{&quot;201341983&quot;:0,&quot;335559739&quot;:0,&quot;335559740&quot;:240}\">\u00a0<\/span><\/li>\n<li data-leveltext=\"\uf0b7\" data-font=\"Symbol\" data-listid=\"2\" data-list-defn-props=\"{&quot;335552541&quot;:1,&quot;335559684&quot;:-2,&quot;335559685&quot;:720,&quot;335559991&quot;:360,&quot;469769226&quot;:&quot;Symbol&quot;,&quot;469769242&quot;:[8226],&quot;469777803&quot;:&quot;left&quot;,&quot;469777804&quot;:&quot;\uf0b7&quot;,&quot;469777815&quot;:&quot;hybridMultilevel&quot;}\" data-aria-posinset=\"2\" data-aria-level=\"1\"><i><span data-contrast=\"auto\">La direcci\u00f3n ser\u00e1 responsabilidad de Martin Lebel, titular art\u00edstico del organismo universitario<\/span><\/i><\/li>\n<\/ul>\n<div id=\"attachment_126937\" style=\"width: 732px\" class=\"wp-caption aligncenter\"><img aria-describedby=\"caption-attachment-126937\" decoding=\"async\" loading=\"lazy\" class=\"size-full wp-image-126937\" src=\"https:\/\/www.uv.mx\/prensa\/files\/2023\/02\/Foto-08-02-23-OSX-3.jpg\" alt=\"\" width=\"722\" height=\"671\" srcset=\"https:\/\/www.uv.mx\/prensa\/files\/2023\/02\/Foto-08-02-23-OSX-3.jpg 722w, https:\/\/www.uv.mx\/prensa\/files\/2023\/02\/Foto-08-02-23-OSX-3-300x279.jpg 300w\" sizes=\"(max-width: 722px) 100vw, 722px\" \/><p id=\"caption-attachment-126937\" class=\"wp-caption-text\">Yahel Felipe Jim\u00e9nez, solista en el Concierto de Saint-Sa\u00ebns<\/p><\/div>\n<p><b><i><span data-contrast=\"auto\">Texto e imagen: OSX<\/span><\/i><\/b><span data-ccp-props=\"{&quot;201341983&quot;:0,&quot;335559739&quot;:0,&quot;335559740&quot;:240}\">\u00a0<\/span><\/p>\n<p><b><i><span data-contrast=\"auto\">09\/02\/2023 Xalapa, Ver.-<\/span><\/i><\/b><span data-contrast=\"auto\"> La <a href=\"https:\/\/www.orquestasinfonicadexalapa.com\/https:\/\/www.orquestasinfonicadexalapa.com\/\" target=\"_blank\" rel=\"noopener\">Orquesta Sinf\u00f3nica de Xalapa<\/a> (OSX) de la Universidad Veracruzana (UV) presentar\u00e1 las dos suites de <\/span><i><span data-contrast=\"auto\">La Arlesiana<\/span><\/i><span data-contrast=\"auto\">, de Georges Bizet, el <\/span><i><span data-contrast=\"auto\">Primer concierto para violonchelo y orquesta<\/span><\/i><span data-contrast=\"auto\"> de Camille Saint-Sa\u00ebns y <\/span><i><span data-contrast=\"auto\">Pell\u00e9as et M\u00e9lisande<\/span><\/i><span data-contrast=\"auto\">, Op. 80 de Gabriel Faur\u00e9. Este acontecimiento cultural se anuncia para el viernes 10 de febrero a las 20:30 horas en Tlaqn\u00e1, Centro Cultural.<\/span><span data-ccp-props=\"{&quot;201341983&quot;:0,&quot;335559739&quot;:0,&quot;335559740&quot;:240}\">\u00a0<\/span><\/p>\n<p><span data-contrast=\"auto\">Se ha programado la participaci\u00f3n de Yahel Jim\u00e9nez, principal de violonchelos de la OSX, y la batuta de Martin Lebel, director titular. Se trata de un programa dedicado a la creatividad de compositores franceses.<\/span><span data-ccp-props=\"{&quot;201341983&quot;:0,&quot;335559731&quot;:708,&quot;335559739&quot;:0,&quot;335559740&quot;:240}\">\u00a0<\/span><\/p>\n<p><i><span data-contrast=\"auto\">L\u2019Arlesienne<\/span><\/i><span data-contrast=\"auto\"> es un cl\u00e1sico literario creado por Alphonse Daudet, que hubiera pasado inadvertido de no ser por su inclusi\u00f3n en la producci\u00f3n musical de Bizet. En 1871 Daudet rehizo la historia para una obra de tres actos cuya m\u00fasica fue encargada a Bizet, quien escribi\u00f3 el respaldo musical para 27 escenas, de las que se derivaron las dos suites. La primera fue estrenada el 10 de noviembre de 1872 y, cuatro a\u00f1os despu\u00e9s de la prematura muerte del autor, en 1879, fue presentada la segunda. Ambas series son extraordinarias vi\u00f1etas musicales, de sonido irresistible y c\u00e1lido para el escucha.<\/span><span data-ccp-props=\"{&quot;201341983&quot;:0,&quot;335559731&quot;:708,&quot;335559739&quot;:0,&quot;335559740&quot;:240}\">\u00a0<\/span><\/p>\n<p><span data-contrast=\"auto\">La obra de teatro <\/span><i><span data-contrast=\"auto\">Pell\u00e9as et M\u00e9lisande<\/span><\/i><span data-contrast=\"auto\"> de Maurice Maeterlinck, cautiv\u00f3 a diversos compositores por su atm\u00f3sfera profundamente melanc\u00f3lica. Y aunque la \u00f3pera con t\u00edtulo hom\u00f3nimo compuesta por Claude Debussy es muy c\u00e9lebre, es de considerarse la suite de Gabriel Faur\u00e9, tomada de la m\u00fasica incidental para una representaci\u00f3n en Londres de la pieza teatral de Maeterlinck. Escrita en un periodo corto, extrajo tres secciones para crear la suite orquestal.<\/span><span data-ccp-props=\"{&quot;201341983&quot;:0,&quot;335559731&quot;:708,&quot;335559739&quot;:0,&quot;335559740&quot;:240}\">\u00a0<\/span><\/p>\n<p><span data-contrast=\"auto\">El <\/span><i><span data-contrast=\"auto\">Concierto para violonchelo y orquesta n\u00famero 1<\/span><\/i><span data-contrast=\"auto\">, en La Menor Op. 33, fue escrito por Camille Saint-Sa\u00ebns en 1872. Formalmente el concierto es una extensi\u00f3n de la t\u00e9cnica que Saint-Sa\u00ebns hab\u00eda usado en su <\/span><i><span data-contrast=\"auto\">Concierto para viol\u00edn<\/span><\/i><span data-contrast=\"auto\"> en La Mayor, de 1859.<\/span><span data-ccp-props=\"{&quot;201341983&quot;:0,&quot;335559731&quot;:708,&quot;335559739&quot;:0,&quot;335559740&quot;:240}\">\u00a0<\/span><\/p>\n<p><span data-contrast=\"auto\">En vez de utilizar la forma com\u00fan de tres movimientos, estructur\u00f3 la obra en un solo movimiento continuo: no hay pausas entre las tres secciones. La m\u00fasica es tremendamente demandante, en especial en la vigorosa tercera secci\u00f3n, lo que no ha impedido que se haya convertido en uno de los favoritos de los violonchelistas m\u00e1s virtuosos y del p\u00fablico general.<\/span><span data-ccp-props=\"{&quot;201341983&quot;:0,&quot;335559731&quot;:708,&quot;335559739&quot;:0,&quot;335559740&quot;:240}\">\u00a0<\/span><\/p>\n<p><b><span data-contrast=\"auto\">El solista<\/span><\/b><span data-ccp-props=\"{&quot;201341983&quot;:0,&quot;335559739&quot;:0,&quot;335559740&quot;:240}\">\u00a0<\/span><\/p>\n<p><span data-contrast=\"auto\">Yahel Felipe Jim\u00e9nez, solista para el <\/span><i><span data-contrast=\"auto\">Concierto<\/span><\/i><span data-contrast=\"auto\"> de Saint-Sa\u00ebns, creci\u00f3 en la Ciudad de M\u00e9xico, donde desde los tres a\u00f1os de edad recibi\u00f3 educaci\u00f3n musical de su madre Mireya L\u00f3pez. A los 12 a\u00f1os se inici\u00f3 en el aprendizaje de la guitarra con Luis Baruch en la Escuela Municipal de Bellas Artes de Veracruz. A los 15 a\u00f1os inici\u00f3 sus primeras clases de violonchelo con Alfredo Escobar, quien lo prepar\u00f3 para continuar estudios en Xalapa con David Nassidze.<\/span><span data-ccp-props=\"{&quot;201341983&quot;:0,&quot;335559739&quot;:0,&quot;335559740&quot;:240}\">\u00a0<\/span><\/p>\n<p><span data-contrast=\"auto\">Se titul\u00f3 de la Licenciatura en Ejecuci\u00f3n de Instrumentos Orquestales por el Instituto Superior de M\u00fasica del Estado de Veracruz, con menci\u00f3n honor\u00edfica en 2016.<\/span><span data-ccp-props=\"{&quot;201341983&quot;:0,&quot;335559731&quot;:708,&quot;335559739&quot;:0,&quot;335559740&quot;:240}\">\u00a0<\/span><\/p>\n<p><span data-contrast=\"auto\">Tiene 15 a\u00f1os de trayectoria tocando en algunas de las orquestas m\u00e1s importantes de M\u00e9xico y en varias salas de Latinoam\u00e9rica. Actualmente es violonchelo principal de la OSX.<\/span><span data-ccp-props=\"{&quot;201341983&quot;:0,&quot;335559731&quot;:708,&quot;335559739&quot;:0,&quot;335559740&quot;:240}\">\u00a0<\/span><\/p>\n<p><span data-contrast=\"auto\">Los abonos para la OSX pueden adquirirse en las oficinas de la orquesta, de lunes a viernes de 8:30 a 14:30 horas. Los boletos para el concierto est\u00e1n a disposici\u00f3n en l\u00ednea, en www.orquestasinfonicadexalapa.com, en Tienda UV y la taquilla del recinto sede del organismo sinf\u00f3nico.<\/span><span data-ccp-props=\"{&quot;201341983&quot;:0,&quot;335559731&quot;:708,&quot;335559739&quot;:0,&quot;335559740&quot;:240}\">\u00a0<\/span><\/p>\n<p><span data-ccp-props=\"{&quot;201341983&quot;:0,&quot;335559739&quot;:0,&quot;335559740&quot;:240}\">\u00a0<\/span><\/p>\n","protected":false},"excerpt":{"rendered":"<p>En el programa dedicado a los tres importantes compositores franceses actuar\u00e1 como solista Yahel Felipe Jim\u00e9nez, primer violonchelo de la OSX <\/p>\n","protected":false},"author":1810,"featured_media":126937,"comment_status":"closed","ping_status":"closed","sticky":false,"template":"","format":"standard","meta":[],"categories":[11,47],"tags":[2357,4848,95,96],"_links":{"self":[{"href":"https:\/\/www.uv.mx\/prensa\/wp-json\/wp\/v2\/posts\/126935"}],"collection":[{"href":"https:\/\/www.uv.mx\/prensa\/wp-json\/wp\/v2\/posts"}],"about":[{"href":"https:\/\/www.uv.mx\/prensa\/wp-json\/wp\/v2\/types\/post"}],"author":[{"embeddable":true,"href":"https:\/\/www.uv.mx\/prensa\/wp-json\/wp\/v2\/users\/1810"}],"replies":[{"embeddable":true,"href":"https:\/\/www.uv.mx\/prensa\/wp-json\/wp\/v2\/comments?post=126935"}],"version-history":[{"count":1,"href":"https:\/\/www.uv.mx\/prensa\/wp-json\/wp\/v2\/posts\/126935\/revisions"}],"predecessor-version":[{"id":127044,"href":"https:\/\/www.uv.mx\/prensa\/wp-json\/wp\/v2\/posts\/126935\/revisions\/127044"}],"wp:featuredmedia":[{"embeddable":true,"href":"https:\/\/www.uv.mx\/prensa\/wp-json\/wp\/v2\/media\/126937"}],"wp:attachment":[{"href":"https:\/\/www.uv.mx\/prensa\/wp-json\/wp\/v2\/media?parent=126935"}],"wp:term":[{"taxonomy":"category","embeddable":true,"href":"https:\/\/www.uv.mx\/prensa\/wp-json\/wp\/v2\/categories?post=126935"},{"taxonomy":"post_tag","embeddable":true,"href":"https:\/\/www.uv.mx\/prensa\/wp-json\/wp\/v2\/tags?post=126935"}],"curies":[{"name":"wp","href":"https:\/\/api.w.org\/{rel}","templated":true}]}}