{"id":126963,"date":"2023-02-08T14:07:48","date_gmt":"2023-02-08T20:07:48","guid":{"rendered":"https:\/\/www.uv.mx\/prensa\/?p=126963"},"modified":"2023-02-09T13:17:07","modified_gmt":"2023-02-09T19:17:07","slug":"arquitectura-y-fotografia-se-complementan-andrea-parga","status":"publish","type":"post","link":"https:\/\/www.uv.mx\/prensa\/general\/arquitectura-y-fotografia-se-complementan-andrea-parga\/","title":{"rendered":"Arquitectura y fotograf\u00eda se complementan: Andrea Parga"},"content":{"rendered":"<ul>\n<li><em><span class=\"TextRun SCXW232687196 BCX0\" lang=\"ES-MX\" xml:lang=\"ES-MX\" data-contrast=\"auto\"><span class=\"NormalTextRun SCXW232687196 BCX0\" data-ccp-parastyle=\"No Spacing\">La investigadora <\/span><span class=\"NormalTextRun SCXW232687196 BCX0\" data-ccp-parastyle=\"No Spacing\">considera<\/span><span class=\"NormalTextRun SCXW232687196 BCX0\" data-ccp-parastyle=\"No Spacing\"> indispensable que <\/span><span class=\"NormalTextRun SCXW232687196 BCX0\" data-ccp-parastyle=\"No Spacing\">quienes estudian esta disciplina<\/span><span class=\"NormalTextRun SCXW232687196 BCX0\" data-ccp-parastyle=\"No Spacing\"> eduquen su mirada, p<\/span><span class=\"NormalTextRun SCXW232687196 BCX0\" data-ccp-parastyle=\"No Spacing\">ues <\/span><span class=\"NormalTextRun SCXW232687196 BCX0\" data-ccp-parastyle=\"No Spacing\">ello les permitir\u00e1 entender discursos visuales<\/span><\/span><span class=\"EOP SCXW232687196 BCX0\" data-ccp-props=\"{}\">\u00a0<\/span><\/em><\/li>\n<\/ul>\n<p>&nbsp;<\/p>\n<div id=\"attachment_126964\" style=\"width: 732px\" class=\"wp-caption aligncenter\"><a href=\"https:\/\/www.uv.mx\/prensa\/files\/2023\/02\/080223-CARLOS-Andrea-Parga-1.jpg\"><img aria-describedby=\"caption-attachment-126964\" decoding=\"async\" loading=\"lazy\" class=\"size-full wp-image-126964\" src=\"https:\/\/www.uv.mx\/prensa\/files\/2023\/02\/080223-CARLOS-Andrea-Parga-1.jpg\" alt=\"\" width=\"722\" height=\"482\" srcset=\"https:\/\/www.uv.mx\/prensa\/files\/2023\/02\/080223-CARLOS-Andrea-Parga-1.jpg 722w, https:\/\/www.uv.mx\/prensa\/files\/2023\/02\/080223-CARLOS-Andrea-Parga-1-300x200.jpg 300w\" sizes=\"(max-width: 722px) 100vw, 722px\" \/><\/a><p id=\"caption-attachment-126964\" class=\"wp-caption-text\">Andrea Parga, investigadora de la Universidad Polit\u00e9cnica de Catalu\u00f1a<\/p><\/div>\n<p>&nbsp;<\/p>\n<p><b><i><span data-contrast=\"auto\">Carlos Hugo Hermida Rosales<\/span><\/i><\/b><span data-ccp-props=\"{}\">\u00a0<\/span><\/p>\n<p><b><i><span data-contrast=\"auto\">Fotos: C\u00e9sar Pisil Ramos<\/span><\/i><\/b><span data-ccp-props=\"{}\">\u00a0<\/span><\/p>\n<p><b><i><span data-contrast=\"auto\">08\/02\/2023, Xalapa, Ver.-<\/span><\/i><\/b><span data-contrast=\"auto\"> \u201cLa arquitectura y la fotograf\u00eda se complementan en gran manera, ya que las fotos nos brindan la posibilidad de conocer obras arquitect\u00f3nicas a trav\u00e9s de im\u00e1genes que muestran sus diversas caracter\u00edsticas\u201d, asegur\u00f3 Andrea Mar\u00eda Parga V\u00e1zquez, investigadora de la Universidad Polit\u00e9cnica de Catalu\u00f1a al impartir la conferencia magistral \u201cAprendiendo desde la fotograf\u00eda\u201d.<\/span><span data-ccp-props=\"{}\">\u00a0<\/span><\/p>\n<p><span data-contrast=\"auto\">Este evento se llev\u00f3 a cabo en la <a href=\"https:\/\/www.uv.mx\/arquitectura\/\" target=\"_blank\" rel=\"noopener\">Facultad de Arquitectura<\/a> de la Universidad Veracruzana (UV) y sirvi\u00f3 como apertura al curso de educaci\u00f3n continua \u201cEl proyecto de arquitectura y la imagen fotogr\u00e1fica\u201d, ofertado por esta entidad acad\u00e9mica.<\/span><span data-ccp-props=\"{&quot;335559731&quot;:708}\">\u00a0<\/span><\/p>\n<p><span data-contrast=\"auto\">Andrea Parga mencion\u00f3 que la arquitectura y la fotograf\u00eda son disciplinas capaces de crear una narrativa a trav\u00e9s de las propias im\u00e1genes o elementos gr\u00e1ficos de la representaci\u00f3n y el proceso arquitect\u00f3nico.<\/span><span data-ccp-props=\"{&quot;335559731&quot;:708}\">\u00a0<\/span><\/p>\n<p><span data-contrast=\"auto\">\u201cActualmente existe una importante cantidad de arquitectos que han incursionado en la fotograf\u00eda, y la han aplicado exitosamente en sus diversos proyectos profesionales\u201d, afirm\u00f3.<\/span><span data-ccp-props=\"{&quot;335559731&quot;:708}\">\u00a0<\/span><\/p>\n<p>&nbsp;<\/p>\n<div id=\"attachment_126965\" style=\"width: 732px\" class=\"wp-caption aligncenter\"><a href=\"https:\/\/www.uv.mx\/prensa\/files\/2023\/02\/080223-CARLOS-Andrea-Parga-2.jpg\"><img aria-describedby=\"caption-attachment-126965\" decoding=\"async\" loading=\"lazy\" class=\"size-full wp-image-126965\" src=\"https:\/\/www.uv.mx\/prensa\/files\/2023\/02\/080223-CARLOS-Andrea-Parga-2.jpg\" alt=\"\" width=\"722\" height=\"482\" srcset=\"https:\/\/www.uv.mx\/prensa\/files\/2023\/02\/080223-CARLOS-Andrea-Parga-2.jpg 722w, https:\/\/www.uv.mx\/prensa\/files\/2023\/02\/080223-CARLOS-Andrea-Parga-2-300x200.jpg 300w\" sizes=\"(max-width: 722px) 100vw, 722px\" \/><\/a><p id=\"caption-attachment-126965\" class=\"wp-caption-text\">A la conferencia asistieron estudiantes y docentes de Arquitectura UV<\/p><\/div>\n<p>&nbsp;<\/p>\n<p><span data-contrast=\"auto\">La investigadora enfatiz\u00f3 que es fundamental que los estudiantes de Arquitectura generen criterios visuales, que les permitan seleccionar, analizar y organizar el material fotogr\u00e1fico arquitect\u00f3nico, que en el contexto actual es abundante.<\/span><span data-ccp-props=\"{&quot;335559731&quot;:708}\">\u00a0<\/span><\/p>\n<p><span data-contrast=\"auto\">Puntualiz\u00f3 que la fotograf\u00eda no es la parte final del proceso arquitect\u00f3nico, ya que a lo largo de \u00e9ste es posible relacionar im\u00e1genes con la generaci\u00f3n de espacio a trav\u00e9s de percepciones propias de escenas en interiores o exteriores.<\/span><span data-ccp-props=\"{&quot;335559731&quot;:708}\">\u00a0<\/span><\/p>\n<p><span data-contrast=\"auto\">\u201cAnte esto es indispensable que los alumnos de Arquitectura eduquen su mirada, porque ello les permitir\u00e1 entender discursos visuales y les dotar\u00e1 de las herramientas para llegar m\u00e1s all\u00e1 por medio de la imagen\u201d, manifest\u00f3.<\/span><span data-ccp-props=\"{&quot;335559731&quot;:708}\">\u00a0<\/span><\/p>\n<p><span data-ccp-props=\"{}\">\u00a0<\/span><\/p>\n","protected":false},"excerpt":{"rendered":"<p>La investigadora de la Universidad Polit\u00e9cnica de Catalu\u00f1a imparti\u00f3 una conferencia magistral a estudiantes de la Universidad Veracruzana <\/p>\n","protected":false},"author":1809,"featured_media":126964,"comment_status":"closed","ping_status":"closed","sticky":false,"template":"","format":"standard","meta":[],"categories":[1],"tags":[1006,4161,10141,419,99,10140],"_links":{"self":[{"href":"https:\/\/www.uv.mx\/prensa\/wp-json\/wp\/v2\/posts\/126963"}],"collection":[{"href":"https:\/\/www.uv.mx\/prensa\/wp-json\/wp\/v2\/posts"}],"about":[{"href":"https:\/\/www.uv.mx\/prensa\/wp-json\/wp\/v2\/types\/post"}],"author":[{"embeddable":true,"href":"https:\/\/www.uv.mx\/prensa\/wp-json\/wp\/v2\/users\/1809"}],"replies":[{"embeddable":true,"href":"https:\/\/www.uv.mx\/prensa\/wp-json\/wp\/v2\/comments?post=126963"}],"version-history":[{"count":1,"href":"https:\/\/www.uv.mx\/prensa\/wp-json\/wp\/v2\/posts\/126963\/revisions"}],"predecessor-version":[{"id":126992,"href":"https:\/\/www.uv.mx\/prensa\/wp-json\/wp\/v2\/posts\/126963\/revisions\/126992"}],"wp:featuredmedia":[{"embeddable":true,"href":"https:\/\/www.uv.mx\/prensa\/wp-json\/wp\/v2\/media\/126964"}],"wp:attachment":[{"href":"https:\/\/www.uv.mx\/prensa\/wp-json\/wp\/v2\/media?parent=126963"}],"wp:term":[{"taxonomy":"category","embeddable":true,"href":"https:\/\/www.uv.mx\/prensa\/wp-json\/wp\/v2\/categories?post=126963"},{"taxonomy":"post_tag","embeddable":true,"href":"https:\/\/www.uv.mx\/prensa\/wp-json\/wp\/v2\/tags?post=126963"}],"curies":[{"name":"wp","href":"https:\/\/api.w.org\/{rel}","templated":true}]}}