{"id":126980,"date":"2023-02-09T11:53:23","date_gmt":"2023-02-09T17:53:23","guid":{"rendered":"https:\/\/www.uv.mx\/prensa\/?p=126980"},"modified":"2023-02-09T13:13:29","modified_gmt":"2023-02-09T19:13:29","slug":"uv-firmo-convenio-de-colaboracion-general-con-medellin-de-bravo","status":"publish","type":"post","link":"https:\/\/www.uv.mx\/prensa\/regiones\/uv-firmo-convenio-de-colaboracion-general-con-medellin-de-bravo\/","title":{"rendered":"UV firm\u00f3 convenio de colaboraci\u00f3n general con Medell\u00edn de Bravo\u00a0"},"content":{"rendered":"<ul>\n<li data-leveltext=\"\uf0b7\" data-font=\"Symbol\" data-listid=\"1\" data-list-defn-props=\"{&quot;335552541&quot;:1,&quot;335559684&quot;:-2,&quot;335559685&quot;:720,&quot;335559991&quot;:360,&quot;469769226&quot;:&quot;Symbol&quot;,&quot;469769242&quot;:[8226],&quot;469777803&quot;:&quot;left&quot;,&quot;469777804&quot;:&quot;\uf0b7&quot;,&quot;469777815&quot;:&quot;hybridMultilevel&quot;}\" data-aria-posinset=\"1\" data-aria-level=\"1\"><i><span data-contrast=\"auto\">La alianza se suma a otras establecidas por la instituci\u00f3n con municipios conurbados del centro del estado de Veracruz<\/span><\/i><span data-ccp-props=\"{&quot;201341983&quot;:0,&quot;335559739&quot;:0,&quot;335559740&quot;:240}\">\u00a0<\/span><\/li>\n<li data-leveltext=\"\uf0b7\" data-font=\"Symbol\" data-listid=\"1\" data-list-defn-props=\"{&quot;335552541&quot;:1,&quot;335559684&quot;:-2,&quot;335559685&quot;:720,&quot;335559991&quot;:360,&quot;469769226&quot;:&quot;Symbol&quot;,&quot;469769242&quot;:[8226],&quot;469777803&quot;:&quot;left&quot;,&quot;469777804&quot;:&quot;\uf0b7&quot;,&quot;469777815&quot;:&quot;hybridMultilevel&quot;}\" data-aria-posinset=\"2\" data-aria-level=\"1\"><i><span data-contrast=\"auto\">Sienta las bases para realizar acciones sobre gesti\u00f3n municipal, medio ambiente, desarrollo sustentable y comunitario, vialidad, infraestructura tur\u00edstica, difusi\u00f3n cultural, divulgaci\u00f3n art\u00edstica y salud p\u00fablica, entre otras<\/span><\/i><span data-ccp-props=\"{&quot;201341983&quot;:0,&quot;335559739&quot;:0,&quot;335559740&quot;:240}\">\u00a0<\/span><\/li>\n<\/ul>\n<p><span data-ccp-props=\"{&quot;134233279&quot;:true,&quot;201341983&quot;:0,&quot;335559739&quot;:0,&quot;335559740&quot;:240}\">\u00a0<\/span><\/p>\n<div id=\"attachment_126981\" style=\"width: 732px\" class=\"wp-caption aligncenter\"><img aria-describedby=\"caption-attachment-126981\" decoding=\"async\" loading=\"lazy\" class=\"size-full wp-image-126981\" src=\"https:\/\/www.uv.mx\/prensa\/files\/2023\/02\/080223-Veracruz-Chain-Convenio-Medellin-1.jpg\" alt=\"\" width=\"722\" height=\"509\" srcset=\"https:\/\/www.uv.mx\/prensa\/files\/2023\/02\/080223-Veracruz-Chain-Convenio-Medellin-1.jpg 722w, https:\/\/www.uv.mx\/prensa\/files\/2023\/02\/080223-Veracruz-Chain-Convenio-Medellin-1-300x211.jpg 300w\" sizes=\"(max-width: 722px) 100vw, 722px\" \/><p id=\"caption-attachment-126981\" class=\"wp-caption-text\">Rub\u00e9n Edel Navarro y Marcos Isle\u00f1o Andrade, vicerrector de la UV regi\u00f3n Veracruz y presidente municipal de Medell\u00edn de Bravo, respectivamente<\/p><\/div>\n<p><span data-ccp-props=\"{&quot;134233279&quot;:true,&quot;201341983&quot;:0,&quot;335559739&quot;:0,&quot;335559740&quot;:240}\">\u00a0<\/span><\/p>\n<p><b><i><span data-contrast=\"auto\">Francisco Javier Cha\u00edn Revuelta<\/span><\/i><\/b><span data-ccp-props=\"{&quot;134233279&quot;:true,&quot;201341983&quot;:0,&quot;335559739&quot;:0,&quot;335559740&quot;:240}\">\u00a0<\/span><\/p>\n<p><b><i><span data-contrast=\"auto\">09\/02\/2023, Boca del R\u00edo, Ver.-<\/span><\/i><\/b><span data-contrast=\"auto\"> La <a href=\"https:\/\/www.uv.mx\/\" target=\"_blank\" rel=\"noopener\">Universidad Veracruzana<\/a> (UV) y el Ayuntamiento de Medell\u00edn de Bravo firmaron un convenio general de colaboraci\u00f3n mediante el cual dichas instituciones declaran la voluntad para promover y apoyar las actividades y acciones con fines comunes referidos a la docencia, la investigaci\u00f3n y la extensi\u00f3n de los servicios para el aprovechamiento \u00f3ptimo de los recursos de ambas partes.<\/span><span data-ccp-props=\"{&quot;134233279&quot;:true,&quot;201341983&quot;:0,&quot;335559739&quot;:0,&quot;335559740&quot;:240}\">\u00a0<\/span><\/p>\n<p><span data-contrast=\"auto\">En ceremonia efectuada en la Sala de Juntas de la Vicerrector\u00eda, el vicerrector Rub\u00e9n Edel Navarro entreg\u00f3 el documento al alcalde Marcos Isle\u00f1o Andrade y a la s\u00edndica \u00fanica, Mar\u00eda Concepci\u00f3n Cruz Santos.<\/span><span data-ccp-props=\"{&quot;134233279&quot;:true,&quot;201341983&quot;:0,&quot;335559739&quot;:0,&quot;335559740&quot;:240}\">\u00a0<\/span><\/p>\n<p><span data-contrast=\"auto\">Esta vinculaci\u00f3n tiene por objeto establecer las bases generales para realizar acciones sobre gesti\u00f3n municipal, medio ambiente, desarrollo sustentable y comunitario, vialidad, infraestructura tur\u00edstica, difusi\u00f3n cultural, divulgaci\u00f3n art\u00edstica y salud p\u00fablica, as\u00ed como otras actividades de inter\u00e9s com\u00fan.<\/span><span data-ccp-props=\"{&quot;134233279&quot;:true,&quot;201341983&quot;:0,&quot;335559731&quot;:708,&quot;335559739&quot;:0,&quot;335559740&quot;:240}\">\u00a0<\/span><\/p>\n<p><span data-contrast=\"auto\">El convenio general permite derivar convenios espec\u00edficos, programas de trabajo o anexos t\u00e9cnicos para elaboraci\u00f3n de los proyectos que se acuerden. La Comisi\u00f3n de Seguimiento estar\u00e1 a cargo del coordinador regional de Vinculaci\u00f3n de la UV, Mario Antonio Pe\u00f1a Meza, y de la S\u00edndica \u00danica y representante legal del Ayuntamiento.<\/span><\/p>\n<p>&nbsp;<\/p>\n<div id=\"attachment_126982\" style=\"width: 732px\" class=\"wp-caption aligncenter\"><img aria-describedby=\"caption-attachment-126982\" decoding=\"async\" loading=\"lazy\" class=\"size-full wp-image-126982\" src=\"https:\/\/www.uv.mx\/prensa\/files\/2023\/02\/080223-Veracruz-Chain-Convenio-Medellin-2.jpg\" alt=\"\" width=\"722\" height=\"481\" srcset=\"https:\/\/www.uv.mx\/prensa\/files\/2023\/02\/080223-Veracruz-Chain-Convenio-Medellin-2.jpg 722w, https:\/\/www.uv.mx\/prensa\/files\/2023\/02\/080223-Veracruz-Chain-Convenio-Medellin-2-300x200.jpg 300w\" sizes=\"(max-width: 722px) 100vw, 722px\" \/><p id=\"caption-attachment-126982\" class=\"wp-caption-text\">Ceremonia de entrega del convenio de colaboraci\u00f3n entre la UV y el municipio de Medell\u00edn de Bravo<\/p><\/div>\n<p>&nbsp;<\/p>\n<p><span data-contrast=\"auto\">Durante la entrega del documento, el Vicerrector y el Alcalde expresaron que una de las tareas comunes de primera mano y de valor tiene que ver con la conservaci\u00f3n y aprovechamiento de los recursos naturales del territorio municipal.<\/span><span data-ccp-props=\"{&quot;134233279&quot;:true,&quot;201341983&quot;:0,&quot;335559731&quot;:708,&quot;335559739&quot;:0,&quot;335559740&quot;:240}\">\u00a0<\/span><\/p>\n<p><span data-contrast=\"auto\">Ambos se\u00f1alaron que los primeros proyectos en puerta se enfocan en el desarrollo social y comunitario, en los que se tienen experiencias y avances significativos, por ejemplo en materia de nutrici\u00f3n.<\/span><span data-ccp-props=\"{&quot;134233279&quot;:true,&quot;201341983&quot;:0,&quot;335559731&quot;:708,&quot;335559739&quot;:0,&quot;335559740&quot;:240}\">\u00a0<\/span><\/p>\n<p><span data-contrast=\"auto\">\u201cLa UV puede contar con el municipio de Medell\u00edn, estamos muy agradecidos por esta voluntad mutua de colaboraci\u00f3n\u201d, dijo Isle\u00f1o Andrade.<\/span><span data-ccp-props=\"{&quot;134233279&quot;:true,&quot;201341983&quot;:0,&quot;335559731&quot;:708,&quot;335559739&quot;:0,&quot;335559740&quot;:240}\">\u00a0<\/span><\/p>\n<p><span data-contrast=\"auto\">Por su parte, Edel Navarro manifest\u00f3 que expertos del Instituto de Ciencias Marinas y Pesquer\u00edas de la UV podr\u00edan apoyar en la conservaci\u00f3n y aprovechamiento de los recursos naturales, como por ejemplo el r\u00edo Jamapa en cuya cuenca descansa Medell\u00edn de Bravo.<\/span><span data-ccp-props=\"{&quot;134233279&quot;:true,&quot;201341983&quot;:0,&quot;335559731&quot;:708,&quot;335559739&quot;:0,&quot;335559740&quot;:240}\">\u00a0<\/span><\/p>\n<p><span data-contrast=\"auto\">Cabe se\u00f1alar que la UV en la regi\u00f3n Veracruz cuenta con varios convenios con municipios cercanos, y con el de San Andr\u00e9s Tuxtla entre los m\u00e1s lejanos.<\/span><span data-ccp-props=\"{&quot;134233279&quot;:true,&quot;201341983&quot;:0,&quot;335559731&quot;:708,&quot;335559739&quot;:0,&quot;335559740&quot;:240}\">\u00a0<\/span><\/p>\n<p><span data-contrast=\"auto\">En el acto de entrega del convenio participaron tambi\u00e9n: la regidora primera del Ayuntamiento, Karina del Carmen Arr\u00f3niz Palavicini; y por la UV: Claudia Beatriz Enr\u00edquez Hern\u00e1ndez, secretaria Acad\u00e9mica; y la coordinadora de Desarrollo Institucional, Virginia Duarte Cruz.<\/span><\/p>\n<p>&nbsp;<\/p>\n<div id=\"attachment_126983\" style=\"width: 732px\" class=\"wp-caption aligncenter\"><img aria-describedby=\"caption-attachment-126983\" decoding=\"async\" loading=\"lazy\" class=\"size-full wp-image-126983\" src=\"https:\/\/www.uv.mx\/prensa\/files\/2023\/02\/080223-Veracruz-Chain-Convenio-Medellin-3.jpg\" alt=\"\" width=\"722\" height=\"419\" srcset=\"https:\/\/www.uv.mx\/prensa\/files\/2023\/02\/080223-Veracruz-Chain-Convenio-Medellin-3.jpg 722w, https:\/\/www.uv.mx\/prensa\/files\/2023\/02\/080223-Veracruz-Chain-Convenio-Medellin-3-300x174.jpg 300w\" sizes=\"(max-width: 722px) 100vw, 722px\" \/><p id=\"caption-attachment-126983\" class=\"wp-caption-text\">Autoridades universitarias y municipales atestiguaron la entrega del convenio. Virginia Duarte Cruz, Mario Antonio Pe\u00f1a Meza, Claudia Beatriz Enr\u00edquez Hern\u00e1ndez, Rub\u00e9n Edel Navarro, Marcos Isle\u00f1o Andrade y Karina del Carmen Arr\u00f3niz Palavicini<\/p><\/div>\n","protected":false},"excerpt":{"rendered":"<p>Los primeros proyectos en puerta se enfocan en el desarrollo social y comunitario, en los que se tienen experiencias y avances significativos\u00a0<\/p>\n","protected":false},"author":1869,"featured_media":0,"comment_status":"closed","ping_status":"closed","sticky":false,"template":"","format":"standard","meta":[],"categories":[47,32,55],"tags":[5294,10153,1742,5649,5976,4239,2110,10152,6134,269],"_links":{"self":[{"href":"https:\/\/www.uv.mx\/prensa\/wp-json\/wp\/v2\/posts\/126980"}],"collection":[{"href":"https:\/\/www.uv.mx\/prensa\/wp-json\/wp\/v2\/posts"}],"about":[{"href":"https:\/\/www.uv.mx\/prensa\/wp-json\/wp\/v2\/types\/post"}],"author":[{"embeddable":true,"href":"https:\/\/www.uv.mx\/prensa\/wp-json\/wp\/v2\/users\/1869"}],"replies":[{"embeddable":true,"href":"https:\/\/www.uv.mx\/prensa\/wp-json\/wp\/v2\/comments?post=126980"}],"version-history":[{"count":1,"href":"https:\/\/www.uv.mx\/prensa\/wp-json\/wp\/v2\/posts\/126980\/revisions"}],"predecessor-version":[{"id":126990,"href":"https:\/\/www.uv.mx\/prensa\/wp-json\/wp\/v2\/posts\/126980\/revisions\/126990"}],"wp:attachment":[{"href":"https:\/\/www.uv.mx\/prensa\/wp-json\/wp\/v2\/media?parent=126980"}],"wp:term":[{"taxonomy":"category","embeddable":true,"href":"https:\/\/www.uv.mx\/prensa\/wp-json\/wp\/v2\/categories?post=126980"},{"taxonomy":"post_tag","embeddable":true,"href":"https:\/\/www.uv.mx\/prensa\/wp-json\/wp\/v2\/tags?post=126980"}],"curies":[{"name":"wp","href":"https:\/\/api.w.org\/{rel}","templated":true}]}}