{"id":126985,"date":"2023-02-11T08:00:23","date_gmt":"2023-02-11T14:00:23","guid":{"rendered":"https:\/\/www.uv.mx\/prensa\/?p=126985"},"modified":"2023-02-13T11:34:02","modified_gmt":"2023-02-13T17:34:02","slug":"obesidad-pandemia-mas-grande-que-la-covid-19-francisco-nachon","status":"publish","type":"post","link":"https:\/\/www.uv.mx\/prensa\/ciencia\/obesidad-pandemia-mas-grande-que-la-covid-19-francisco-nachon\/","title":{"rendered":"Obesidad, pandemia m\u00e1s grande que la COVID-19: Francisco Nach\u00f3n"},"content":{"rendered":"<ul>\n<li><em><span class=\"TextRun SCXW94459844 BCX0\" lang=\"ES-MX\" xml:lang=\"ES-MX\" data-contrast=\"auto\"><span class=\"NormalTextRun SCXW94459844 BCX0\" data-ccp-parastyle=\"No Spacing\">El investigador del Instituto<\/span><span class=\"NormalTextRun SCXW94459844 BCX0\" data-ccp-parastyle=\"No Spacing\"> de Ciencias de la Salud de la Universidad Veracruzana, mencion\u00f3 que cinco de las 10 principales<\/span><span class=\"NormalTextRun SCXW94459844 BCX0\" data-ccp-parastyle=\"No Spacing\"> causas<\/span><span class=\"NormalTextRun SCXW94459844 BCX0\" data-ccp-parastyle=\"No Spacing\"> de mortalidad en M\u00e9xico est\u00e1n asociadas a este padecimiento<\/span><\/span><\/em><em><span class=\"EOP SCXW94459844 BCX0\" data-ccp-props=\"{}\">\u00a0<\/span><\/em><\/li>\n<\/ul>\n<p>&nbsp;<\/p>\n<div id=\"attachment_126986\" style=\"width: 732px\" class=\"wp-caption aligncenter\"><a href=\"https:\/\/www.uv.mx\/prensa\/files\/2023\/02\/080223-CARLOS-Seminario-Institucional-1.jpg\"><img aria-describedby=\"caption-attachment-126986\" decoding=\"async\" loading=\"lazy\" class=\"size-full wp-image-126986\" src=\"https:\/\/www.uv.mx\/prensa\/files\/2023\/02\/080223-CARLOS-Seminario-Institucional-1.jpg\" alt=\"\" width=\"722\" height=\"470\" srcset=\"https:\/\/www.uv.mx\/prensa\/files\/2023\/02\/080223-CARLOS-Seminario-Institucional-1.jpg 722w, https:\/\/www.uv.mx\/prensa\/files\/2023\/02\/080223-CARLOS-Seminario-Institucional-1-300x195.jpg 300w\" sizes=\"(max-width: 722px) 100vw, 722px\" \/><\/a><p id=\"caption-attachment-126986\" class=\"wp-caption-text\">Francisco Nach\u00f3n Garc\u00eda, investigador del Instituto de Ciencias de la Salud de la UV<\/p><\/div>\n<p>&nbsp;<\/p>\n<p><b><i><span data-contrast=\"auto\">Carlos Hugo Hermida Rosales<\/span><\/i><\/b><span data-ccp-props=\"{}\">\u00a0<\/span><\/p>\n<p><b><i><span data-contrast=\"auto\">Fotos: Omar Portilla Palacios\u00a0<\/span><\/i><\/b><span data-ccp-props=\"{}\">\u00a0<\/span><\/p>\n<p><b><i><span data-contrast=\"auto\">11\/02\/2023, Xalapa, Ver<\/span><\/i><\/b><span data-contrast=\"auto\">. \u201cLa obesidad es la m\u00e1s grande de las pandemias, incluso mayor que la de la COVID-19, y debido a su magnitud y transcendencia es considerada un problema de salud p\u00fablica en M\u00e9xico\u201d, declar\u00f3 Francisco Nach\u00f3n Garc\u00eda, investigador del <a href=\"https:\/\/www.uv.mx\/ics\/\" target=\"_blank\" rel=\"noopener\">Instituto de Ciencias de la Salud<\/a> de la Universidad Veracruzana (UV).<\/span><span data-ccp-props=\"{}\">\u00a0<\/span><\/p>\n<p><span data-contrast=\"auto\">Al participar en el auditorio de la Direcci\u00f3n General de Investigaciones dentro del Seminario \u201cTratamiento no farmacol\u00f3gico de la obesidad en M\u00e9xico\u201d, organizado por la entidad acad\u00e9mica citada, el investigador comparti\u00f3 que, de las 10 principales causas de muerte en M\u00e9xico, cinco est\u00e1n relacionadas con este padecimiento.<\/span><span data-ccp-props=\"{&quot;335559731&quot;:708}\">\u00a0<\/span><\/p>\n<p><span data-contrast=\"auto\">Ellas son: diabetes mellitus, enfermedades cardiovasculares, cerebrovasculares y hep\u00e1ticas, e hipertensi\u00f3n.<\/span><span data-ccp-props=\"{&quot;335559731&quot;:708}\">\u00a0<\/span><\/p>\n<p><span data-contrast=\"auto\">Francisco Nach\u00f3n explic\u00f3 que la obesidad se define como una acumulaci\u00f3n anormal o excesiva de grasa que puede ser perjudicial a la salud; por las cifras pand\u00e9micas que ha adquirido, los criterios para su manejo deben orientarse a la detecci\u00f3n temprana, prevenci\u00f3n, tratamiento integral y control del creciente n\u00famero de pacientes que la presentan.<\/span><span data-ccp-props=\"{&quot;335559731&quot;:708}\">\u00a0<\/span><\/p>\n<p>&nbsp;<\/p>\n<div id=\"attachment_126987\" style=\"width: 732px\" class=\"wp-caption aligncenter\"><a href=\"https:\/\/www.uv.mx\/prensa\/files\/2023\/02\/080223-CARLOS-Seminario-Institucional-2.jpg\"><img aria-describedby=\"caption-attachment-126987\" decoding=\"async\" loading=\"lazy\" class=\"size-full wp-image-126987\" src=\"https:\/\/www.uv.mx\/prensa\/files\/2023\/02\/080223-CARLOS-Seminario-Institucional-2.jpg\" alt=\"\" width=\"722\" height=\"446\" srcset=\"https:\/\/www.uv.mx\/prensa\/files\/2023\/02\/080223-CARLOS-Seminario-Institucional-2.jpg 722w, https:\/\/www.uv.mx\/prensa\/files\/2023\/02\/080223-CARLOS-Seminario-Institucional-2-300x185.jpg 300w, https:\/\/www.uv.mx\/prensa\/files\/2023\/02\/080223-CARLOS-Seminario-Institucional-2-200x125.jpg 200w\" sizes=\"(max-width: 722px) 100vw, 722px\" \/><\/a><p id=\"caption-attachment-126987\" class=\"wp-caption-text\">A la conferencia del investigador acudieron estudiantes y docentes del Instituto de Salud P\u00fablica<\/p><\/div>\n<p>&nbsp;<\/p>\n<p><span data-contrast=\"auto\">El investigador coment\u00f3 que quienes viven en M\u00e9xico han modificado su cultura y forma de comer, ya que cambiaron su dieta tradicional por una que incluye alimentos procesados ricos en carbohidratos, lo que ha ocasionado que los casos de obesidad se disparen.<\/span><span data-ccp-props=\"{&quot;335559731&quot;:708}\">\u00a0<\/span><\/p>\n<p><span data-contrast=\"auto\">\u201cEl pa\u00eds pas\u00f3 de tener una tasa de desnutrici\u00f3n que oscilaba en 15% en 1970, a una de obesidad que supera esa cifra\u201d, puntualiz\u00f3.<\/span><span data-ccp-props=\"{&quot;335559731&quot;:708}\">\u00a0<\/span><\/p>\n<p><span data-contrast=\"auto\">Manifest\u00f3 que este padecimiento puede ser tratado adecuadamente desde un enfoque multidisciplinario, que aborde el aspecto nutricional, la actividad f\u00edsica, pero sobre todo un refuerzo conductual\/emocional.<\/span><span data-ccp-props=\"{&quot;335559731&quot;:708}\">\u00a0<\/span><\/p>\n<p><span data-contrast=\"auto\">\u201cLa uni\u00f3n de estos elementos permite crear estrategias flexibles, individualizadas y efectivas, a fin de llevar a cabo una actuaci\u00f3n global sobre los distintos factores que condicionan la obesidad\u201d, afirm\u00f3.<\/span><span data-ccp-props=\"{&quot;335559731&quot;:708}\">\u00a0<\/span><\/p>\n","protected":false},"excerpt":{"rendered":"<p>Debido a su magnitud y transcendencia, la obesidad es considerada un problema de salud p\u00fablica en M\u00e9xico<\/p>\n","protected":false},"author":1809,"featured_media":126986,"comment_status":"closed","ping_status":"closed","sticky":false,"template":"","format":"standard","meta":[],"categories":[45,47],"tags":[4161,10156,354,10158,4665,3145,10157,10155,2140,10154],"_links":{"self":[{"href":"https:\/\/www.uv.mx\/prensa\/wp-json\/wp\/v2\/posts\/126985"}],"collection":[{"href":"https:\/\/www.uv.mx\/prensa\/wp-json\/wp\/v2\/posts"}],"about":[{"href":"https:\/\/www.uv.mx\/prensa\/wp-json\/wp\/v2\/types\/post"}],"author":[{"embeddable":true,"href":"https:\/\/www.uv.mx\/prensa\/wp-json\/wp\/v2\/users\/1809"}],"replies":[{"embeddable":true,"href":"https:\/\/www.uv.mx\/prensa\/wp-json\/wp\/v2\/comments?post=126985"}],"version-history":[{"count":1,"href":"https:\/\/www.uv.mx\/prensa\/wp-json\/wp\/v2\/posts\/126985\/revisions"}],"predecessor-version":[{"id":127113,"href":"https:\/\/www.uv.mx\/prensa\/wp-json\/wp\/v2\/posts\/126985\/revisions\/127113"}],"wp:featuredmedia":[{"embeddable":true,"href":"https:\/\/www.uv.mx\/prensa\/wp-json\/wp\/v2\/media\/126986"}],"wp:attachment":[{"href":"https:\/\/www.uv.mx\/prensa\/wp-json\/wp\/v2\/media?parent=126985"}],"wp:term":[{"taxonomy":"category","embeddable":true,"href":"https:\/\/www.uv.mx\/prensa\/wp-json\/wp\/v2\/categories?post=126985"},{"taxonomy":"post_tag","embeddable":true,"href":"https:\/\/www.uv.mx\/prensa\/wp-json\/wp\/v2\/tags?post=126985"}],"curies":[{"name":"wp","href":"https:\/\/api.w.org\/{rel}","templated":true}]}}