{"id":127158,"date":"2023-02-13T22:25:45","date_gmt":"2023-02-14T04:25:45","guid":{"rendered":"https:\/\/www.uv.mx\/prensa\/?p=127158"},"modified":"2023-02-16T16:58:49","modified_gmt":"2023-02-16T22:58:49","slug":"disminuyo-consumo-de-drogas-entre-estudiantes-durante-la-pandemia","status":"publish","type":"post","link":"https:\/\/www.uv.mx\/prensa\/general\/disminuyo-consumo-de-drogas-entre-estudiantes-durante-la-pandemia\/","title":{"rendered":"Disminuy\u00f3 consumo de drogas entre estudiantes durante la pandemia\u00a0"},"content":{"rendered":"<ul>\n<li data-leveltext=\"\uf0b7\" data-font=\"Symbol\" data-listid=\"1\" data-list-defn-props=\"{&quot;335552541&quot;:1,&quot;335559684&quot;:-2,&quot;335559685&quot;:720,&quot;335559991&quot;:360,&quot;469769226&quot;:&quot;Symbol&quot;,&quot;469769242&quot;:[8226],&quot;469777803&quot;:&quot;left&quot;,&quot;469777804&quot;:&quot;\uf0b7&quot;,&quot;469777815&quot;:&quot;hybridMultilevel&quot;}\" data-aria-posinset=\"1\" data-aria-level=\"1\"><i><span data-contrast=\"auto\">Es parte del Tercer Diagn\u00f3stico de Percepci\u00f3n, Riesgo y Consumo de Drogas aplicado por la Red Veracruzana de Investigaci\u00f3n en Adicciones (<\/span><\/i><span data-contrast=\"auto\">Reviva<\/span><i><span data-contrast=\"auto\">)<\/span><\/i><span data-ccp-props=\"{&quot;201341983&quot;:0,&quot;335559739&quot;:0,&quot;335559740&quot;:240}\">\u00a0<\/span><\/li>\n<li data-leveltext=\"\uf0b7\" data-font=\"Symbol\" data-listid=\"1\" data-list-defn-props=\"{&quot;335552541&quot;:1,&quot;335559684&quot;:-2,&quot;335559685&quot;:720,&quot;335559991&quot;:360,&quot;469769226&quot;:&quot;Symbol&quot;,&quot;469769242&quot;:[8226],&quot;469777803&quot;:&quot;left&quot;,&quot;469777804&quot;:&quot;\uf0b7&quot;,&quot;469777815&quot;:&quot;hybridMultilevel&quot;}\" data-aria-posinset=\"2\" data-aria-level=\"1\"><i><span data-contrast=\"auto\">La participaci\u00f3n en el cuestionario fue de 19 mil 151 estudiantes: 61.9% hombres, 37.3% mujeres y 0.8% que no especificaron sexo<\/span><\/i><span data-ccp-props=\"{&quot;201341983&quot;:0,&quot;335559739&quot;:0,&quot;335559740&quot;:240}\">\u00a0<\/span><\/li>\n<\/ul>\n<p><span data-ccp-props=\"{&quot;201341983&quot;:0,&quot;335559739&quot;:0,&quot;335559740&quot;:240}\">\u00a0<\/span><\/p>\n<div id=\"attachment_127159\" style=\"width: 732px\" class=\"wp-caption aligncenter\"><img aria-describedby=\"caption-attachment-127159\" decoding=\"async\" loading=\"lazy\" class=\"size-full wp-image-127159\" src=\"https:\/\/www.uv.mx\/prensa\/files\/2023\/02\/130223-DAVID-Nota-percibet3-1.jpg\" alt=\"\" width=\"722\" height=\"558\" srcset=\"https:\/\/www.uv.mx\/prensa\/files\/2023\/02\/130223-DAVID-Nota-percibet3-1.jpg 722w, https:\/\/www.uv.mx\/prensa\/files\/2023\/02\/130223-DAVID-Nota-percibet3-1-300x232.jpg 300w\" sizes=\"(max-width: 722px) 100vw, 722px\" \/><p id=\"caption-attachment-127159\" class=\"wp-caption-text\">El Diagn\u00f3stico de Percepci\u00f3n, Riesgo y Consumo de Drogas, conocido como Percibet3, fue contestado por estudiantes de las cinco regiones<\/p><\/div>\n<p><span data-ccp-props=\"{&quot;201341983&quot;:0,&quot;335559739&quot;:0,&quot;335559740&quot;:240}\">\u00a0<\/span><\/p>\n<p><b><i><span data-contrast=\"auto\">David Sandoval Rodr\u00edguez<\/span><\/i><\/b><span data-ccp-props=\"{&quot;201341983&quot;:0,&quot;335559739&quot;:0,&quot;335559740&quot;:240}\">\u00a0<\/span><\/p>\n<p><b><i><span data-contrast=\"auto\">Im\u00e1genes: Cortes\u00eda <\/span><\/i><\/b><b><span data-contrast=\"auto\">Reviva<\/span><\/b><span data-ccp-props=\"{&quot;201341983&quot;:0,&quot;335559739&quot;:0,&quot;335559740&quot;:240}\">\u00a0<\/span><\/p>\n<p><b><i><span data-contrast=\"auto\">13\/02\/2023, Xalapa, Ver.-<\/span><\/i><\/b><span data-contrast=\"auto\"> La Red Veracruzana de Investigaci\u00f3n en Adicciones (<\/span><i><span data-contrast=\"auto\">Reviva<\/span><\/i><span data-contrast=\"auto\">), adscrita a la <a href=\"https:\/\/www.uv.mx\/\" target=\"_blank\" rel=\"noopener\">Universidad Veracruzana<\/a> (UV), mostr\u00f3 en su Diagn\u00f3stico de Percepci\u00f3n, Riesgo y Consumo de Drogas en Estudiantes de esta casa de estudios, conocido como Perc\u00edbet3, que durante la pandemia por la COVID 19 se registr\u00f3 una disminuci\u00f3n en el consumo de drogas, con base en el n\u00famero de cuestionarios contestados.<\/span><span data-ccp-props=\"{&quot;201341983&quot;:0,&quot;335559739&quot;:0,&quot;335559740&quot;:240}\">\u00a0<\/span><\/p>\n<p><span data-contrast=\"auto\">En el trabajo, coordinado por la acad\u00e9mica X\u00f3chitl De San Jorge C\u00e1rdenas y cuyo objetivo general es \u201cconocer la percepci\u00f3n, riesgo asociado a factores psicosociales y consumo de sustancias legales e ilegales en estudiantes de la Universidad Veracruzana, con el fin de proponer estrategias de atenci\u00f3n basadas en evidencias cient\u00edficas\u201d, se registr\u00f3 una participaci\u00f3n de 19 mil 151 estudiantes: 11 mil 855 (61.9%) fueron hombres, siete mil 143 (37.3%) mujeres y 151 (0.8%) que no especificaron el sexo; en total, representan el 26.3% del total de los 72 mil 946 estudiantes inscritos en el momento de la aplicaci\u00f3n del cuestionario.<\/span><span data-ccp-props=\"{&quot;201341983&quot;:0,&quot;335559739&quot;:0,&quot;335559740&quot;:240}\">\u00a0<\/span><\/p>\n<p><span data-contrast=\"auto\">Atendiendo al g\u00e9nero, un indicador incluido por primera vez en este instrumento, participaron seis mil 914 personas que asumen tener un rol masculino, 11 mil 318 femenino y 919 que se identificaron con alguna de las variantes LGBTQ+.<\/span><span data-ccp-props=\"{&quot;201341983&quot;:0,&quot;335559731&quot;:708,&quot;335559739&quot;:0,&quot;335559740&quot;:240}\">\u00a0<\/span><\/p>\n<p><span data-contrast=\"auto\">La mayor participaci\u00f3n se observ\u00f3 en la Regi\u00f3n Poza Rica-Tuxpan con 28.9% y la menor fue en la Regi\u00f3n Coatzacoalcos-Minatitl\u00e1n con 8.6%.<\/span><\/p>\n<p>&nbsp;<\/p>\n<div id=\"attachment_127160\" style=\"width: 395px\" class=\"wp-caption aligncenter\"><img aria-describedby=\"caption-attachment-127160\" decoding=\"async\" loading=\"lazy\" class=\"size-full wp-image-127160\" src=\"https:\/\/www.uv.mx\/prensa\/files\/2023\/02\/130223-DAVID-Nota-percibet3-2.jpg\" alt=\"\" width=\"385\" height=\"481\" srcset=\"https:\/\/www.uv.mx\/prensa\/files\/2023\/02\/130223-DAVID-Nota-percibet3-2.jpg 385w, https:\/\/www.uv.mx\/prensa\/files\/2023\/02\/130223-DAVID-Nota-percibet3-2-240x300.jpg 240w\" sizes=\"(max-width: 385px) 100vw, 385px\" \/><p id=\"caption-attachment-127160\" class=\"wp-caption-text\">Se realiz\u00f3 una campa\u00f1a con la comunidad estudiantil de nuevo ingreso a la UV para responder el instrumento<\/p><\/div>\n<p>&nbsp;<\/p>\n<p><span data-contrast=\"auto\">El diagn\u00f3stico tambi\u00e9n advierte que los resultados obtenidos no son representativos de la comunidad universitaria pero que, debido al volumen de participantes, permiten establecer las tendencias en el comportamiento de este fen\u00f3meno en el \u00e1mbito de la UV.<\/span><span data-ccp-props=\"{&quot;201341983&quot;:0,&quot;335559731&quot;:708,&quot;335559739&quot;:0,&quot;335559740&quot;:240}\">\u00a0<\/span><\/p>\n<p><span data-contrast=\"auto\">En este reporte en el que tambi\u00e9n participaron Ang\u00e9lica Garc\u00eda M\u00e9ndez, Betzaida Salas Garc\u00eda, Enrique Romero Pedraza, Jorge Luis Arellanez Hern\u00e1ndez, Le\u00f3n Felipe Beltr\u00e1n Guerra, Mar\u00eda Cristina Ortiz Le\u00f3n, Mar\u00eda del Carmen Gogeascoechea Trejo, Mar\u00eda del Pilar Peregrina Mart\u00ednez Mar\u00eda Sobeida Leticia Bl\u00e1zquez Morales Martha Elba Ruiz Libreros, Mireya Cruz Ruiz, Nora In\u00e9s Morales Contreras, Paulina Beverido Sustaeta, Patricia Pav\u00f3n Le\u00f3n y X\u00f3chitl De San Jorge C\u00e1rdenas, incluy\u00f3 el an\u00e1lisis de dos variables identificadas con el estado de \u00e1nimo que, de acuerdo con la literatura especializada, se asocian con el consumo de sustancias psicoactivas y la salud mental: los s\u00edntomas de ansiedad o depresi\u00f3n.<\/span><span data-ccp-props=\"{&quot;201341983&quot;:0,&quot;335559731&quot;:708,&quot;335559739&quot;:0,&quot;335559740&quot;:240}\">\u00a0<\/span><\/p>\n<p><span data-contrast=\"auto\">Al respecto, las caracter\u00edsticas de ansiedad observadas en los participantes fueron sustantivamente mayores a lo esperado \u2013por encima del 65%\u2013 y esto probablemente est\u00e1 relacionado con la situaci\u00f3n de la pandemia por la COVID-19, como se ha registrado en otros estudios.<\/span><span data-ccp-props=\"{&quot;201341983&quot;:0,&quot;335559731&quot;:708,&quot;335559739&quot;:0,&quot;335559740&quot;:240}\">\u00a0<\/span><\/p>\n<p><span data-contrast=\"auto\">El diagn\u00f3stico destaca que, con relaci\u00f3n a \u201cla manera en que la pandemia ha afectado estos indicadores, resulta interesante que la mayor parte de los estudiantes que consumen drogas redujo o mantuvo su consumo, y s\u00f3lo una peque\u00f1a proporci\u00f3n increment\u00f3 su consumo de drogas legales\u201d.<\/span><\/p>\n","protected":false},"excerpt":{"rendered":"<p>El Diagn\u00f3stico de Percepci\u00f3n, Riesgo y Consumo de Drogas en Estudiantes de esta casa de estudios, conocido como Perc\u00edbet3, mostr\u00f3 resultados para trazar acciones en materia de salud con la comunidad estudiantil de la UV\u00a0<\/p>\n","protected":false},"author":1869,"featured_media":127161,"comment_status":"closed","ping_status":"closed","sticky":false,"template":"","format":"standard","meta":[],"categories":[47,1],"tags":[354,4159,7225,7227,10216],"_links":{"self":[{"href":"https:\/\/www.uv.mx\/prensa\/wp-json\/wp\/v2\/posts\/127158"}],"collection":[{"href":"https:\/\/www.uv.mx\/prensa\/wp-json\/wp\/v2\/posts"}],"about":[{"href":"https:\/\/www.uv.mx\/prensa\/wp-json\/wp\/v2\/types\/post"}],"author":[{"embeddable":true,"href":"https:\/\/www.uv.mx\/prensa\/wp-json\/wp\/v2\/users\/1869"}],"replies":[{"embeddable":true,"href":"https:\/\/www.uv.mx\/prensa\/wp-json\/wp\/v2\/comments?post=127158"}],"version-history":[{"count":1,"href":"https:\/\/www.uv.mx\/prensa\/wp-json\/wp\/v2\/posts\/127158\/revisions"}],"predecessor-version":[{"id":127220,"href":"https:\/\/www.uv.mx\/prensa\/wp-json\/wp\/v2\/posts\/127158\/revisions\/127220"}],"wp:featuredmedia":[{"embeddable":true,"href":"https:\/\/www.uv.mx\/prensa\/wp-json\/wp\/v2\/media\/127161"}],"wp:attachment":[{"href":"https:\/\/www.uv.mx\/prensa\/wp-json\/wp\/v2\/media?parent=127158"}],"wp:term":[{"taxonomy":"category","embeddable":true,"href":"https:\/\/www.uv.mx\/prensa\/wp-json\/wp\/v2\/categories?post=127158"},{"taxonomy":"post_tag","embeddable":true,"href":"https:\/\/www.uv.mx\/prensa\/wp-json\/wp\/v2\/tags?post=127158"}],"curies":[{"name":"wp","href":"https:\/\/api.w.org\/{rel}","templated":true}]}}