{"id":127381,"date":"2023-02-22T08:00:03","date_gmt":"2023-02-22T14:00:03","guid":{"rendered":"https:\/\/www.uv.mx\/prensa\/?p=127381"},"modified":"2023-02-22T08:19:09","modified_gmt":"2023-02-22T14:19:09","slug":"max-exhibira-imagografias-de-diversidad-el-entre-medio-de-la-cultura","status":"publish","type":"post","link":"https:\/\/www.uv.mx\/prensa\/cultura\/max-exhibira-imagografias-de-diversidad-el-entre-medio-de-la-cultura\/","title":{"rendered":"MAX exhibir\u00e1 <i>Imagograf\u00edas de diversidad: el entre-medio de la cultura<\/i>"},"content":{"rendered":"<ul style=\"font-weight: 400\">\n<li data-leveltext=\"\uf0b7\" data-font=\"Symbol\" data-listid=\"1\" data-list-defn-props=\"{&quot;335551671&quot;:0,&quot;335552541&quot;:1,&quot;335559684&quot;:-2,&quot;335559685&quot;:720,&quot;335559991&quot;:360,&quot;469769226&quot;:&quot;Symbol&quot;,&quot;469769242&quot;:[8226],&quot;469777803&quot;:&quot;left&quot;,&quot;469777804&quot;:&quot;\uf0b7&quot;,&quot;469777815&quot;:&quot;hybridMultilevel&quot;}\" data-aria-posinset=\"0\" data-aria-level=\"1\"><i><span data-contrast=\"auto\">La Colecci\u00f3n de la Academia de Artes presenta expresiones gr\u00e1ficas sobre la noci\u00f3n de diversidad<\/span><\/i><span data-ccp-props=\"{&quot;201341983&quot;:0,&quot;335559739&quot;:0,&quot;335559740&quot;:240}\">\u00a0<\/span><\/li>\n<li data-leveltext=\"\uf0b7\" data-font=\"Symbol\" data-listid=\"1\" data-list-defn-props=\"{&quot;335551671&quot;:0,&quot;335552541&quot;:1,&quot;335559684&quot;:-2,&quot;335559685&quot;:720,&quot;335559991&quot;:360,&quot;469769226&quot;:&quot;Symbol&quot;,&quot;469769242&quot;:[8226],&quot;469777803&quot;:&quot;left&quot;,&quot;469777804&quot;:&quot;\uf0b7&quot;,&quot;469777815&quot;:&quot;hybridMultilevel&quot;}\" data-aria-posinset=\"0\" data-aria-level=\"1\"><i><span data-contrast=\"auto\">En el marco del programa \u201cEsporas en movimiento\u201d, se inaugurar\u00e1 el pr\u00f3ximo jueves 23 de febrero<\/span><\/i><span data-ccp-props=\"{&quot;201341983&quot;:0,&quot;335559739&quot;:0,&quot;335559740&quot;:240}\">\u00a0<\/span><\/li>\n<\/ul>\n<div id=\"attachment_127384\" style=\"width: 732px\" class=\"wp-caption aligncenter\"><img aria-describedby=\"caption-attachment-127384\" decoding=\"async\" loading=\"lazy\" class=\"size-full wp-image-127384\" src=\"https:\/\/www.uv.mx\/prensa\/files\/2023\/02\/Foto-1-22-02-23-PACHECO-MAX-Imagografias.jpg\" alt=\"\" width=\"722\" height=\"379\" srcset=\"https:\/\/www.uv.mx\/prensa\/files\/2023\/02\/Foto-1-22-02-23-PACHECO-MAX-Imagografias.jpg 722w, https:\/\/www.uv.mx\/prensa\/files\/2023\/02\/Foto-1-22-02-23-PACHECO-MAX-Imagografias-300x157.jpg 300w\" sizes=\"(max-width: 722px) 100vw, 722px\" \/><p id=\"caption-attachment-127384\" class=\"wp-caption-text\">Cartel promocional para la muestra <em>Imagograf\u00edas de diversidad: el entre-medio de la cultura<\/em><\/p><\/div>\n<p><b><i><span data-contrast=\"auto\">Texto e im\u00e1genes: MAX<\/span><\/i><\/b><span data-ccp-props=\"{&quot;201341983&quot;:0,&quot;335559739&quot;:0,&quot;335559740&quot;:240}\">\u00a0<\/span><span data-ccp-props=\"{&quot;201341983&quot;:0,&quot;335559739&quot;:0,&quot;335559740&quot;:240}\">\u00a0<\/span><\/p>\n<p><b><i><span data-contrast=\"auto\">22\/02\/2023, Xalapa, Ver.- <\/span><\/i><\/b><span data-contrast=\"auto\">La Academia de Artes y el Museo Mural \u201cDiego Rivera\u201d, en colaboraci\u00f3n con la Universidad Veracruzana (UV), a trav\u00e9s de la Direcci\u00f3n General del \u00c1rea Acad\u00e9mica de Artes (DGAAA) y el Museo de Antropolog\u00eda de Xalapa (MAX), presentan la exposici\u00f3n <\/span><i><span data-contrast=\"auto\">Imagograf\u00edas de diversidad: el entre-medio de la cultura<\/span><\/i><span data-contrast=\"auto\">, muestra que explora 46 expresiones gr\u00e1ficas sobre la diversidad, creadas a lo largo de cuatro d\u00e9cadas.<\/span><span data-ccp-props=\"{&quot;201341983&quot;:0,&quot;335559739&quot;:0,&quot;335559740&quot;:240}\">\u00a0<\/span><\/p>\n<p><span data-contrast=\"auto\">La inauguraci\u00f3n se llevar\u00e1 a cabo el pr\u00f3ximo jueves 23 de febrero a las 19:00 horas en la Sala de Exposiciones Temporales del MAX, y permanecer\u00e1 hasta el 18 de junio.<\/span><span data-ccp-props=\"{&quot;201341983&quot;:0,&quot;335559731&quot;:708,&quot;335559739&quot;:0,&quot;335559740&quot;:240}\">\u00a0<\/span><\/p>\n<p><span data-contrast=\"auto\">La exposici\u00f3n, curada por Adolfo Mantilla, coordinador acad\u00e9mico de la Academia de Artes, con motivo de los 20 a\u00f1os de la Declaraci\u00f3n Universal de la Organizaci\u00f3n de las Naciones Unidas para la Educaci\u00f3n, la Ciencia y la Cultura (UNESCO) sobre la Diversidad Cultural, est\u00e1 integrada por representaciones gr\u00e1ficas de distintos \u00e1mbitos y abarca un periodo que va de finales de los a\u00f1os treinta hasta principios de la d\u00e9cada de los sesenta del siglo XX, y permite reflexionar sobre esta noci\u00f3n desde el campo de la cultura y el arte.<\/span><span data-ccp-props=\"{&quot;201341983&quot;:0,&quot;335559731&quot;:708,&quot;335559739&quot;:0,&quot;335559740&quot;:240}\">\u00a0<\/span><\/p>\n<div id=\"attachment_127386\" style=\"width: 732px\" class=\"wp-caption aligncenter\"><img aria-describedby=\"caption-attachment-127386\" decoding=\"async\" loading=\"lazy\" class=\"size-full wp-image-127386\" src=\"https:\/\/www.uv.mx\/prensa\/files\/2023\/02\/Foto-2-22-02-23-PACHECO-MAX-Imagografias.jpg\" alt=\"\" width=\"722\" height=\"394\" srcset=\"https:\/\/www.uv.mx\/prensa\/files\/2023\/02\/Foto-2-22-02-23-PACHECO-MAX-Imagografias.jpg 722w, https:\/\/www.uv.mx\/prensa\/files\/2023\/02\/Foto-2-22-02-23-PACHECO-MAX-Imagografias-300x164.jpg 300w\" sizes=\"(max-width: 722px) 100vw, 722px\" \/><p id=\"caption-attachment-127386\" class=\"wp-caption-text\">Pieza integrante de la muestra<\/p><\/div>\n<p><span data-contrast=\"auto\">El t\u00edtulo de la muestra alude a la experiencia de la diversidad, entendida como el efecto de la identificaci\u00f3n del \u201ctercer espacio\u201d, definido por Homi K. Bhabha, especialista en el campo de la teor\u00eda poscolonial, como \u201cel entre-medio de la cultura\u201d.<\/span><span data-ccp-props=\"{&quot;201341983&quot;:0,&quot;335559731&quot;:708,&quot;335559739&quot;:0,&quot;335559740&quot;:240}\">\u00a0<\/span><\/p>\n<p><span data-contrast=\"auto\">Desplegada en dos grandes secciones: \u201cEl entre-medio de la diferencia\u201d y \u201cEl entre-medio de la in-diferencia\u201d, consta de piezas del acervo de la Academia de Artes. La selecci\u00f3n utiliza a las representaciones de distintas pr\u00e1cticas culturales como entrelazamientos para la creaci\u00f3n de un espacio en el que artistas originarios de diferentes pa\u00edses registran, mediante las expresiones gr\u00e1ficas, su lugar en el \u201centre-medio\u201d.<\/span><span data-ccp-props=\"{&quot;201341983&quot;:0,&quot;335559731&quot;:708,&quot;335559739&quot;:0,&quot;335559740&quot;:240}\">\u00a0<\/span><\/p>\n<p><span data-contrast=\"auto\">Esta exposici\u00f3n forma parte de \u201cEsporas en movimiento\u201d, programa mediante el cual la DGAAA se propone generar diversas maneras de ver y actuar, emp\u00e1ticas y conscientes, donde la producci\u00f3n art\u00edstica promueva la disminuci\u00f3n del impacto ecol\u00f3gico, social, econ\u00f3mico y cultural.<\/span><span data-ccp-props=\"{&quot;201341983&quot;:0,&quot;335559731&quot;:708,&quot;335559739&quot;:0,&quot;335559740&quot;:240}\">\u00a0<\/span><\/p>\n<div id=\"attachment_127385\" style=\"width: 732px\" class=\"wp-caption aligncenter\"><img aria-describedby=\"caption-attachment-127385\" decoding=\"async\" loading=\"lazy\" class=\"wp-image-127385 size-full\" src=\"https:\/\/www.uv.mx\/prensa\/files\/2023\/02\/Foto-3-22-02-23-PACHECO-MAX-Imagografias.jpg\" alt=\"\" width=\"722\" height=\"353\" srcset=\"https:\/\/www.uv.mx\/prensa\/files\/2023\/02\/Foto-3-22-02-23-PACHECO-MAX-Imagografias.jpg 722w, https:\/\/www.uv.mx\/prensa\/files\/2023\/02\/Foto-3-22-02-23-PACHECO-MAX-Imagografias-300x147.jpg 300w\" sizes=\"(max-width: 722px) 100vw, 722px\" \/><p id=\"caption-attachment-127385\" class=\"wp-caption-text\">La muestra consta de piezas del acervo de la Academia de Artes<\/p><\/div>\n<p><span data-contrast=\"auto\">El proyecto re\u00fane en sus im\u00e1genes m\u00faltiples oficios, actividades y costumbres que se desarrollan en distintos escenarios de la vida cotidiana, y entremezcla espacio y tiempo en un abierto di\u00e1logo entre el pasado inmediato y el presente.<\/span><span data-ccp-props=\"{&quot;201341983&quot;:0,&quot;335559731&quot;:708,&quot;335559739&quot;:0,&quot;335559740&quot;:240}\">\u00a0<\/span><\/p>\n<p><span data-contrast=\"auto\">Adem\u00e1s, la selecci\u00f3n entra en di\u00e1logo con la colecci\u00f3n permanente de vestigios arqueol\u00f3gicos que alberga el MAX, que sigue las trayectorias sociales y est\u00e9ticas de las civilizaciones que ocuparon el territorio veracruzano en tiempos prehisp\u00e1nicos.<\/span><span data-ccp-props=\"{&quot;201341983&quot;:0,&quot;335559731&quot;:708,&quot;335559739&quot;:0,&quot;335559740&quot;:240}\">\u00a0<\/span><\/p>\n<p><span data-contrast=\"auto\">El p\u00fablico tendr\u00e1 oportunidad de conocer estas obras hasta el 18 de junio y se puede visitar de martes a domingo, de 9:00 a 17:00 horas.<\/span><span data-ccp-props=\"{&quot;201341983&quot;:0,&quot;335559731&quot;:708,&quot;335559739&quot;:0,&quot;335559740&quot;:240}\">\u00a0<\/span><\/p>\n","protected":false},"excerpt":{"rendered":"<p>La muestra re\u00fane 46 expresiones gr\u00e1ficas sobre la diversidad, creadas a lo largo de cuatro d\u00e9cadas y entendida como el efecto de la identificaci\u00f3n del \u201ctercer espacio\u201d <\/p>\n","protected":false},"author":1810,"featured_media":0,"comment_status":"closed","ping_status":"closed","sticky":false,"template":"","format":"standard","meta":[],"categories":[11,47],"tags":[10291,10288,10287,10290,1941,10289,102,4110,10292,1305],"_links":{"self":[{"href":"https:\/\/www.uv.mx\/prensa\/wp-json\/wp\/v2\/posts\/127381"}],"collection":[{"href":"https:\/\/www.uv.mx\/prensa\/wp-json\/wp\/v2\/posts"}],"about":[{"href":"https:\/\/www.uv.mx\/prensa\/wp-json\/wp\/v2\/types\/post"}],"author":[{"embeddable":true,"href":"https:\/\/www.uv.mx\/prensa\/wp-json\/wp\/v2\/users\/1810"}],"replies":[{"embeddable":true,"href":"https:\/\/www.uv.mx\/prensa\/wp-json\/wp\/v2\/comments?post=127381"}],"version-history":[{"count":1,"href":"https:\/\/www.uv.mx\/prensa\/wp-json\/wp\/v2\/posts\/127381\/revisions"}],"predecessor-version":[{"id":127388,"href":"https:\/\/www.uv.mx\/prensa\/wp-json\/wp\/v2\/posts\/127381\/revisions\/127388"}],"wp:attachment":[{"href":"https:\/\/www.uv.mx\/prensa\/wp-json\/wp\/v2\/media?parent=127381"}],"wp:term":[{"taxonomy":"category","embeddable":true,"href":"https:\/\/www.uv.mx\/prensa\/wp-json\/wp\/v2\/categories?post=127381"},{"taxonomy":"post_tag","embeddable":true,"href":"https:\/\/www.uv.mx\/prensa\/wp-json\/wp\/v2\/tags?post=127381"}],"curies":[{"name":"wp","href":"https:\/\/api.w.org\/{rel}","templated":true}]}}