{"id":127689,"date":"2023-02-28T11:32:22","date_gmt":"2023-02-28T17:32:22","guid":{"rendered":"https:\/\/www.uv.mx\/prensa\/?p=127689"},"modified":"2023-03-02T11:05:18","modified_gmt":"2023-03-02T17:05:18","slug":"necesario-generar-medidas-preventivas-del-acoso-sexual-especialistas","status":"publish","type":"post","link":"https:\/\/www.uv.mx\/prensa\/general\/necesario-generar-medidas-preventivas-del-acoso-sexual-especialistas\/","title":{"rendered":"Necesario generar medidas preventivas del acoso sexual: especialistas"},"content":{"rendered":"<ul style=\"font-weight: 400\">\n<li data-leveltext=\"\uf0b7\" data-font=\"Symbol\" data-listid=\"1\" data-list-defn-props=\"{&quot;335552541&quot;:1,&quot;335559684&quot;:-2,&quot;335559685&quot;:720,&quot;335559991&quot;:360,&quot;469769226&quot;:&quot;Symbol&quot;,&quot;469769242&quot;:[8226],&quot;469777803&quot;:&quot;left&quot;,&quot;469777804&quot;:&quot;\uf0b7&quot;,&quot;469777815&quot;:&quot;hybridMultilevel&quot;}\" data-aria-posinset=\"1\" data-aria-level=\"1\"><i><span data-contrast=\"auto\">Coordinaci\u00f3n de la Unidad de G\u00e9nero y CUO de la UV organizaron la mesa redonda \u201cAcoso sexual en los espacios universitarios\u201d<\/span><\/i><span data-ccp-props=\"{}\">\u00a0<\/span><\/li>\n<li data-leveltext=\"\uf0b7\" data-font=\"Symbol\" data-listid=\"1\" data-list-defn-props=\"{&quot;335552541&quot;:1,&quot;335559684&quot;:-2,&quot;335559685&quot;:720,&quot;335559991&quot;:360,&quot;469769226&quot;:&quot;Symbol&quot;,&quot;469769242&quot;:[8226],&quot;469777803&quot;:&quot;left&quot;,&quot;469777804&quot;:&quot;\uf0b7&quot;,&quot;469777815&quot;:&quot;hybridMultilevel&quot;}\" data-aria-posinset=\"2\" data-aria-level=\"1\"><i><span data-contrast=\"auto\">Rub\u00e9n Hern\u00e1ndez, de la UNAM, dijo que las universidades han avanzado en materia de erradicaci\u00f3n de todo tipo de violencia, pero hace falta hacer en prevenci\u00f3n<\/span><\/i><span data-ccp-props=\"{}\">\u00a0<\/span><\/li>\n<\/ul>\n<p>&nbsp;<\/p>\n<div id=\"attachment_127695\" style=\"width: 732px\" class=\"wp-caption aligncenter\"><img aria-describedby=\"caption-attachment-127695\" decoding=\"async\" loading=\"lazy\" class=\"size-full wp-image-127695\" src=\"https:\/\/www.uv.mx\/prensa\/files\/2023\/02\/280223-PAOLA-Mesa-redonda-acoso-sexual-1.jpg\" alt=\"\" width=\"722\" height=\"316\" srcset=\"https:\/\/www.uv.mx\/prensa\/files\/2023\/02\/280223-PAOLA-Mesa-redonda-acoso-sexual-1.jpg 722w, https:\/\/www.uv.mx\/prensa\/files\/2023\/02\/280223-PAOLA-Mesa-redonda-acoso-sexual-1-300x131.jpg 300w\" sizes=\"(max-width: 722px) 100vw, 722px\" \/><p id=\"caption-attachment-127695\" class=\"wp-caption-text\">En mesa redonda, especialista reflexionaron sobre el problema del acoso sexual en espacios universitarios<\/p><\/div>\n<p><b><i><span data-contrast=\"auto\">Paola Cort\u00e9s P\u00e9rez<\/span><\/i><\/b><span data-ccp-props=\"{}\">\u00a0<\/span><\/p>\n<p><b><i><span data-contrast=\"auto\">Fotos: Paola Cort\u00e9s y Omar Portilla Palacios<\/span><\/i><\/b><span data-ccp-props=\"{}\">\u00a0<\/span><\/p>\n<p><b><i><span data-contrast=\"auto\">28\/02\/2023, Xalapa, Ver.-<\/span><\/i><\/b><span data-contrast=\"auto\"> Las Coordinaciones de la <a href=\"https:\/\/www.uv.mx\/uge\/\">Unidad de G\u00e9nero y Universitaria de Observatorios<\/a> (CUO) de la Universidad Veracruzana (UV) realizaron la mesa redonda \u201cAcoso sexual en los espacios universitarios. Medici\u00f3n, prevenci\u00f3n y aprendizajes sobre la actuaci\u00f3n en casos de denuncia\u201d, con el objetivo de favorecer la generaci\u00f3n de propuestas en el campo preventivo, la remediaci\u00f3n y la no repetici\u00f3n.<\/span><span data-ccp-props=\"{}\">\u00a0<\/span><\/p>\n<p><span data-contrast=\"auto\">La charla tuvo lugar en el Auditorio \u201cH\u00e9ctor Fix Zamudio\u201d del Instituto de Investigaciones Jur\u00eddicas de esta casa de estudios, con la participaci\u00f3n de: Roc\u00edo L\u00f3pez Lara, responsable del Observatorio de Igualdad de G\u00e9nero; Rub\u00e9n Hern\u00e1ndez Duarte, director de Planeaci\u00f3n, Vinculaci\u00f3n y Proyectos Especiales de la Coordinaci\u00f3n para la Igualdad de G\u00e9nero de la Universidad Nacional Aut\u00f3noma de M\u00e9xico (UNAM).<\/span><span data-ccp-props=\"{&quot;335559731&quot;:708}\">\u00a0<\/span><\/p>\n<p><span data-contrast=\"auto\">Adem\u00e1s, Benno de Keijzer Fokker y Karina Mart\u00ednez Meza, investigadores de los Institutos de Salud P\u00fablica y de Investigaciones Jur\u00eddicas, respectivamente, y Karla Garc\u00eda Espriella e Ira\u00eds Molina Vela, estudiantes de la Maestr\u00eda en Salud P\u00fablica de la UV.<\/span><\/p>\n<p><span data-contrast=\"auto\">A trav\u00e9s de <\/span><i><span data-contrast=\"auto\">Zoom<\/span><\/i><span data-contrast=\"auto\">, Rub\u00e9n Hern\u00e1ndez dijo que existen diferentes mecanismos te\u00f3ricos, anal\u00edticos y metodol\u00f3gicos para observar a la violencia por razones de g\u00e9nero; en particular, hay tres fuentes principales de investigaci\u00f3n para caracterizar este fen\u00f3meno: estudios de medici\u00f3n de prevalencia de violencia por razones de g\u00e9nero, informaci\u00f3n proveniente de las quejas formales y las denuncias p\u00fablicas de car\u00e1cter an\u00f3nimo en espacios de tr\u00e1nsito com\u00fan y en espacios virtuales.<\/span><span data-ccp-props=\"{&quot;335559731&quot;:708}\">\u00a0<\/span><\/p>\n<div id=\"attachment_127694\" style=\"width: 732px\" class=\"wp-caption aligncenter\"><img aria-describedby=\"caption-attachment-127694\" decoding=\"async\" loading=\"lazy\" class=\"size-full wp-image-127694\" src=\"https:\/\/www.uv.mx\/prensa\/files\/2023\/02\/280223-PAOLA-Mesa-redonda-acoso-sexual-2.jpg\" alt=\"\" width=\"722\" height=\"406\" srcset=\"https:\/\/www.uv.mx\/prensa\/files\/2023\/02\/280223-PAOLA-Mesa-redonda-acoso-sexual-2.jpg 722w, https:\/\/www.uv.mx\/prensa\/files\/2023\/02\/280223-PAOLA-Mesa-redonda-acoso-sexual-2-300x169.jpg 300w\" sizes=\"(max-width: 722px) 100vw, 722px\" \/><p id=\"caption-attachment-127694\" class=\"wp-caption-text\">Rub\u00e9n Hern\u00e1ndez habl\u00f3 de la discriminaci\u00f3n y violencia en la UNAM<\/p><\/div>\n<p><span data-contrast=\"auto\">Comparti\u00f3 que en la UNAM las alumnas reportan una mayor prevalencia de violencia por razones de g\u00e9nero (50%), seguidas por las mujeres que laboran en las \u00e1reas administrativas y acad\u00e9micas.<\/span><span data-ccp-props=\"{&quot;335559731&quot;:708}\">\u00a0<\/span><\/p>\n<p><span data-contrast=\"auto\">Asimismo, al hacer el an\u00e1lisis de la informaci\u00f3n, encontraron que los hombres son la principal figura agresora, tanto hacia sus pares como a mujeres.<\/span><span data-ccp-props=\"{&quot;335559731&quot;:708}\">\u00a0<\/span><\/p>\n<p><span data-contrast=\"auto\">En un diagn\u00f3stico focalizado en las diversidades y disidencias sexogen\u00e9ricas de la UNAM, conocieron que 72.56% de quienes se reconocen como parte de la comunidad LGBTTTIQ+ reportaron haber vivido al menos una forma de discriminaci\u00f3n en su vida universitaria.<\/span><span data-ccp-props=\"{&quot;335559731&quot;:708}\">\u00a0<\/span><\/p>\n<p><span data-contrast=\"auto\">\u201cEs cierto que las instituciones de educaci\u00f3n superior dirigen buena parte de su trabajo a la erradicaci\u00f3n de los diferentes tipos de violencia, pero se ha reaccionado en menor media en materia de prevenci\u00f3n.\u201d<\/span><span data-ccp-props=\"{&quot;335559731&quot;:708}\">\u00a0<\/span><\/p>\n<p><span data-contrast=\"auto\">Por ello, consider\u00f3 que es importante construir an\u00e1lisis sobre la realidad de la violencia, ya que nos muestra el horizonte de investigaci\u00f3n y estudio en que las IES enfrentan esta situaci\u00f3n.<\/span><span data-ccp-props=\"{&quot;335559731&quot;:708}\">\u00a0<\/span><\/p>\n<p><span data-contrast=\"auto\">En tanto, Roc\u00edo L\u00f3pez destac\u00f3 que en las mediciones realizadas sobre igualdad y la desigualdad de g\u00e9nero en los espacios de la UV, encontraron que 66.9% de las personas que han sufrido acoso sexual ha sido por parte de una persona desconocida y cerca del 30%, de un compa\u00f1ero o compa\u00f1era de trabajo o estudiante.<\/span><span data-ccp-props=\"{&quot;335559731&quot;:708}\">\u00a0<\/span><\/p>\n<p><span data-contrast=\"auto\">Del primer porcentaje, si consideramos s\u00f3lo a las mujeres estudiantes, que son las m\u00e1s vulneradas, el acoso sexual que proviene de personas desconocidas incrementa hasta en 81%.<\/span><span data-ccp-props=\"{&quot;335559731&quot;:708}\">\u00a0<\/span><\/p>\n<div id=\"attachment_127693\" style=\"width: 732px\" class=\"wp-caption aligncenter\"><img aria-describedby=\"caption-attachment-127693\" decoding=\"async\" loading=\"lazy\" class=\"size-full wp-image-127693\" src=\"https:\/\/www.uv.mx\/prensa\/files\/2023\/02\/280223-PAOLA-Mesa-redonda-acoso-sexual-3.jpg\" alt=\"\" width=\"722\" height=\"406\" srcset=\"https:\/\/www.uv.mx\/prensa\/files\/2023\/02\/280223-PAOLA-Mesa-redonda-acoso-sexual-3.jpg 722w, https:\/\/www.uv.mx\/prensa\/files\/2023\/02\/280223-PAOLA-Mesa-redonda-acoso-sexual-3-300x169.jpg 300w\" sizes=\"(max-width: 722px) 100vw, 722px\" \/><p id=\"caption-attachment-127693\" class=\"wp-caption-text\">Benno de Keijzer Fokker dijo que el reto para los hombres es entender la situaci\u00f3n<\/p><\/div>\n<p><span data-contrast=\"auto\">\u201dEsto me hace pensar que necesitamos trabajar en la seguridad de los espacios universitarios, porque el acoso proviene de gente desconocida que interact\u00faa con la poblaci\u00f3n estudiantil.\u201d<\/span><span data-ccp-props=\"{&quot;335559731&quot;:708}\">\u00a0<\/span><\/p>\n<p><span data-contrast=\"auto\">Benno de Keijzer habl\u00f3 de la prevenci\u00f3n del acoso sexual desde el trabajo con los hombres, ya que crecen en contextos que incorporan \u2013como mandatos\u2013 conceptos de superioridad y rechazo hacia la femineidad y la diversidad sexogen\u00e9rica.<\/span><span data-ccp-props=\"{&quot;335559731&quot;:708}\">\u00a0<\/span><\/p>\n<p><span data-contrast=\"auto\">\u201cEs momento de que los hombres miren hacia dentro, hagan una introspecci\u00f3n sobre lo que no entienden y por qu\u00e9 no escuchan a las mujeres, ya sea en forma de estad\u00edsticas o manifestaciones.\u201d<\/span><span data-ccp-props=\"{&quot;335559731&quot;:708}\">\u00a0<\/span><\/p>\n<p><span data-ccp-props=\"{}\">\u00a0<\/span><\/p>\n<p><b><span data-contrast=\"auto\">Acoso sexual y psicol\u00f3gico en la Facultad de Medicina<\/span><\/b><span data-ccp-props=\"{}\">\u00a0<\/span><\/p>\n<p><span data-contrast=\"auto\">Karla Garc\u00eda Espriella e Ira\u00eds Molina Vela, estudiantes de la Maestr\u00eda en Salud P\u00fablica de la UV, junto con otros compa\u00f1eros desarrollaron en 2021 una investigaci\u00f3n sobre acoso sexual y psicol\u00f3gico entre estudiantes de la Facultad de Medicina, regi\u00f3n Xalapa.<\/span><span data-ccp-props=\"{}\">\u00a0<\/span><\/p>\n<p><span data-contrast=\"auto\">Comentaron que forma parte de una actividad acad\u00e9mica y se trata de un an\u00e1lisis de la situaci\u00f3n de la salud comunitaria. Se realiz\u00f3 con una metodolog\u00eda integral, es decir, trabajaron desde tres enfoques: participativo con la comunidad, cuantitativo y cualitativo; este \u00faltimo lo trabajaron a trav\u00e9s de talleres.<\/span><span data-ccp-props=\"{&quot;335559731&quot;:708}\">\u00a0<\/span><\/p>\n<p><span data-contrast=\"auto\">El An\u00e1lisis de Situaci\u00f3n de Salud (<\/span><i><span data-contrast=\"auto\">Asis<\/span><\/i><span data-contrast=\"auto\">) tiene por objetivo identificar y describir el estado de salud de una poblaci\u00f3n espec\u00edfica, los determinantes sociales, factores de riesgo, acceso a servicios sanitarios y las dificultades e inequidades de salud.<\/span><span data-ccp-props=\"{&quot;335559731&quot;:708}\">\u00a0<\/span><\/p>\n<div id=\"attachment_127692\" style=\"width: 732px\" class=\"wp-caption aligncenter\"><img aria-describedby=\"caption-attachment-127692\" decoding=\"async\" loading=\"lazy\" class=\"size-full wp-image-127692\" src=\"https:\/\/www.uv.mx\/prensa\/files\/2023\/02\/280223-PAOLA-Mesa-redonda-acoso-sexual-4.jpg\" alt=\"\" width=\"722\" height=\"485\" srcset=\"https:\/\/www.uv.mx\/prensa\/files\/2023\/02\/280223-PAOLA-Mesa-redonda-acoso-sexual-4.jpg 722w, https:\/\/www.uv.mx\/prensa\/files\/2023\/02\/280223-PAOLA-Mesa-redonda-acoso-sexual-4-300x202.jpg 300w\" sizes=\"(max-width: 722px) 100vw, 722px\" \/><p id=\"caption-attachment-127692\" class=\"wp-caption-text\">Ira\u00eds Molina y Karla Garc\u00eda, junto con algunos compa\u00f1eros de posgrado, desarrollaron estudio en la Facultad de Medicina, regi\u00f3n Xalapa<\/p><\/div>\n<p><span data-contrast=\"auto\">Explicaron que hicieron un abordaje participativo a trav\u00e9s de dos talleres que impartieron, uno en primer semestre y el segundo en s\u00e9ptimo semestre. La mayor\u00eda de las mujeres dijeron que uno de los principales factores de riesgos fue el acoso sexual, adem\u00e1s de la ansiedad y el insomnio.<\/span><span data-ccp-props=\"{&quot;335559731&quot;:708}\">\u00a0<\/span><\/p>\n<p><span data-contrast=\"auto\">Realizaron una encuesta en la plataforma <\/span><i><span data-contrast=\"auto\">Google Forms<\/span><\/i><span data-contrast=\"auto\">, en la que participaron 101 estudiantes (56 y 44% mujeres y hombres, respectivamente). El 22.2% de los participantes sufrieron un tipo de violencia y 32.7% fueron testigos de alg\u00fan tipo de violencia en la Facultad.<\/span><span data-ccp-props=\"{&quot;335559731&quot;:708}\">\u00a0<\/span><\/p>\n<p><span data-contrast=\"auto\">Los resultados arrojados por el <\/span><i><span data-contrast=\"auto\">Asis<\/span><\/i><span data-contrast=\"auto\"> destacan que gran parte de la violencia y el acoso se viven en los primeros semestres de la licenciatura. Con respecto a la violencia psicol\u00f3gica, se da desde el ingreso a la Facultad y en ocasiones se mantiene durante todo el transcurso de la licenciatura.<\/span><span data-ccp-props=\"{&quot;335559731&quot;:708}\">\u00a0<\/span><\/p>\n<p><span data-contrast=\"auto\">Identificaron que las agresiones no s\u00f3lo se presentan en horario de clases y comienzan con invitaciones, amabilidades, gestos que la v\u00edctima al principio no identifica que pueden llegar a ser acoso sexual. Los victimarios son personas influyentes y en posiciones de poder.<\/span><span data-ccp-props=\"{&quot;335559731&quot;:708}\">\u00a0<\/span><\/p>\n<div id=\"attachment_127691\" style=\"width: 732px\" class=\"wp-caption aligncenter\"><img aria-describedby=\"caption-attachment-127691\" decoding=\"async\" loading=\"lazy\" class=\"size-full wp-image-127691\" src=\"https:\/\/www.uv.mx\/prensa\/files\/2023\/02\/280223-PAOLA-Mesa-redonda-acoso-sexual-5.jpg\" alt=\"\" width=\"722\" height=\"406\" srcset=\"https:\/\/www.uv.mx\/prensa\/files\/2023\/02\/280223-PAOLA-Mesa-redonda-acoso-sexual-5.jpg 722w, https:\/\/www.uv.mx\/prensa\/files\/2023\/02\/280223-PAOLA-Mesa-redonda-acoso-sexual-5-300x169.jpg 300w\" sizes=\"(max-width: 722px) 100vw, 722px\" \/><p id=\"caption-attachment-127691\" class=\"wp-caption-text\">El 22.2% de los participantes han sufrido alg\u00fan tipo de violencia<\/p><\/div>\n<p><span data-contrast=\"auto\">\u201cUna vez que las actividades se movieron a la virtualidad, la violencia psicol\u00f3gica, humillaciones y agresi\u00f3n verbal se mantuvieron, fueron m\u00e1s violentas y m\u00e1s constantes.\u201d<\/span><span data-ccp-props=\"{&quot;335559731&quot;:708}\">\u00a0<\/span><\/p>\n<p><span data-contrast=\"auto\">Destacaron que las v\u00edctimas tienen miedo a las represalias de parte de los docentes y por lo mismo prefieren no denunciar. Adem\u00e1s, esta situaci\u00f3n deja secuelas psicol\u00f3gicas que van desde ataques de ansiedad hasta episodios depresivos, lo que genera inseguridad, sentimientos de enojo, culpabilidad e impotencia.<\/span><span data-ccp-props=\"{&quot;335559731&quot;:708}\">\u00a0<\/span><\/p>\n<p><span data-contrast=\"auto\">\u201cEl apoyo principal de las personas violentadas siempre fueron sus amigos dentro de la Facultad; adem\u00e1s, entre las alumnas han construido redes de apoyo\u201d, finalizaron.<\/span><span data-ccp-props=\"{&quot;335559731&quot;:708}\">\u00a0<\/span><\/p>\n<p><span data-ccp-props=\"{}\">\u00a0<\/span><\/p>\n","protected":false},"excerpt":{"rendered":"<p>Participaron en mesa redonda cuyo objetivo fue favorecer la generaci\u00f3n de propuestas en el campo preventivo, la remediaci\u00f3n y la no repetici\u00f3n en los espacios universitarios <\/p>\n","protected":false},"author":1810,"featured_media":127697,"comment_status":"closed","ping_status":"closed","sticky":false,"template":"","format":"standard","meta":[],"categories":[47,1,61],"tags":[6711,10443,10444,10442,8502,780,3401,1327,10440,872,10441,527,537,592,1444,7516,3480,9428,4164,101],"_links":{"self":[{"href":"https:\/\/www.uv.mx\/prensa\/wp-json\/wp\/v2\/posts\/127689"}],"collection":[{"href":"https:\/\/www.uv.mx\/prensa\/wp-json\/wp\/v2\/posts"}],"about":[{"href":"https:\/\/www.uv.mx\/prensa\/wp-json\/wp\/v2\/types\/post"}],"author":[{"embeddable":true,"href":"https:\/\/www.uv.mx\/prensa\/wp-json\/wp\/v2\/users\/1810"}],"replies":[{"embeddable":true,"href":"https:\/\/www.uv.mx\/prensa\/wp-json\/wp\/v2\/comments?post=127689"}],"version-history":[{"count":1,"href":"https:\/\/www.uv.mx\/prensa\/wp-json\/wp\/v2\/posts\/127689\/revisions"}],"predecessor-version":[{"id":127800,"href":"https:\/\/www.uv.mx\/prensa\/wp-json\/wp\/v2\/posts\/127689\/revisions\/127800"}],"wp:featuredmedia":[{"embeddable":true,"href":"https:\/\/www.uv.mx\/prensa\/wp-json\/wp\/v2\/media\/127697"}],"wp:attachment":[{"href":"https:\/\/www.uv.mx\/prensa\/wp-json\/wp\/v2\/media?parent=127689"}],"wp:term":[{"taxonomy":"category","embeddable":true,"href":"https:\/\/www.uv.mx\/prensa\/wp-json\/wp\/v2\/categories?post=127689"},{"taxonomy":"post_tag","embeddable":true,"href":"https:\/\/www.uv.mx\/prensa\/wp-json\/wp\/v2\/tags?post=127689"}],"curies":[{"name":"wp","href":"https:\/\/api.w.org\/{rel}","templated":true}]}}