{"id":128035,"date":"2023-03-08T11:26:27","date_gmt":"2023-03-08T17:26:27","guid":{"rendered":"https:\/\/www.uv.mx\/prensa\/?p=128035"},"modified":"2023-03-08T11:50:05","modified_gmt":"2023-03-08T17:50:05","slug":"estatutos-de-universidades-atienden-demandas-de-comunidad-femenina","status":"publish","type":"post","link":"https:\/\/www.uv.mx\/prensa\/general\/estatutos-de-universidades-atienden-demandas-de-comunidad-femenina\/","title":{"rendered":"Estatutos de universidades atienden demandas de comunidad femenina"},"content":{"rendered":"<ul style=\"font-weight: 400\">\n<li data-leveltext=\"\uf0b7\" data-font=\"Symbol\" data-listid=\"1\" data-list-defn-props=\"{&quot;335551671&quot;:0,&quot;335552541&quot;:1,&quot;335559684&quot;:-2,&quot;335559685&quot;:720,&quot;335559991&quot;:360,&quot;469769226&quot;:&quot;Symbol&quot;,&quot;469769242&quot;:[8226],&quot;469777803&quot;:&quot;left&quot;,&quot;469777804&quot;:&quot;\uf0b7&quot;,&quot;469777815&quot;:&quot;hybridMultilevel&quot;}\" data-aria-posinset=\"0\" data-aria-level=\"1\"><i><span data-contrast=\"auto\">La UV se adapta a las demandas de su comunidad estudiantil, acad\u00e9mica y de investigaci\u00f3n<\/span><\/i><span data-ccp-props=\"{&quot;201341983&quot;:0,&quot;335559739&quot;:0,&quot;335559740&quot;:240}\">\u00a0<\/span><\/li>\n<li data-leveltext=\"\uf0b7\" data-font=\"Symbol\" data-listid=\"1\" data-list-defn-props=\"{&quot;335551671&quot;:0,&quot;335552541&quot;:1,&quot;335559684&quot;:-2,&quot;335559685&quot;:720,&quot;335559991&quot;:360,&quot;469769226&quot;:&quot;Symbol&quot;,&quot;469769242&quot;:[8226],&quot;469777803&quot;:&quot;left&quot;,&quot;469777804&quot;:&quot;\uf0b7&quot;,&quot;469777815&quot;:&quot;hybridMultilevel&quot;}\" data-aria-posinset=\"0\" data-aria-level=\"1\"><i><span data-contrast=\"auto\">Estela Casados, coordinadora del Observatorio Universitario de Violencias Contra las Mujeres de la Universidad Veracruzana (OUVMujeres), ofreci\u00f3 conferencia<\/span><\/i><span data-ccp-props=\"{&quot;201341983&quot;:0,&quot;335559739&quot;:0,&quot;335559740&quot;:240}\">\u00a0<\/span><\/li>\n<\/ul>\n<div id=\"attachment_128038\" style=\"width: 732px\" class=\"wp-caption aligncenter\"><img aria-describedby=\"caption-attachment-128038\" decoding=\"async\" loading=\"lazy\" class=\"size-full wp-image-128038\" src=\"https:\/\/www.uv.mx\/prensa\/files\/2023\/03\/08032023-Couttolenc-Conferencia-Estela-Casados-1.jpg\" alt=\"\" width=\"722\" height=\"431\" srcset=\"https:\/\/www.uv.mx\/prensa\/files\/2023\/03\/08032023-Couttolenc-Conferencia-Estela-Casados-1.jpg 722w, https:\/\/www.uv.mx\/prensa\/files\/2023\/03\/08032023-Couttolenc-Conferencia-Estela-Casados-1-300x179.jpg 300w\" sizes=\"(max-width: 722px) 100vw, 722px\" \/><p id=\"caption-attachment-128038\" class=\"wp-caption-text\">Estela Casados, coordinadora del OUVMujeres, durante su charla en el CECC<\/p><\/div>\n<p><b><i><span data-contrast=\"auto\">Jos\u00e9 Luis Couttolenc Soto<\/span><\/i><\/b><span data-ccp-props=\"{&quot;201341983&quot;:0,&quot;335559739&quot;:0,&quot;335559740&quot;:240}\">\u00a0<\/span><\/p>\n<p><b><i><span data-contrast=\"auto\">Fotos: Omar Portilla Palacios<\/span><\/i><\/b><span data-ccp-props=\"{&quot;201341983&quot;:0,&quot;335559739&quot;:0,&quot;335559740&quot;:240}\">\u00a0<\/span><\/p>\n<p><b><i><span data-contrast=\"auto\">08\/03\/2023, Xalapa, Ver.- <\/span><\/i><\/b><span data-contrast=\"auto\">En el segundo d\u00eda de actividades de las Jornadas sobre Feminismo, Arte y Cultura, Estela Casados Gonz\u00e1lez, coordinadora del <a href=\"https:\/\/www.uv.mx\/ouvmujeres\/\" target=\"_blank\" rel=\"noopener\">Observatorio Universitario de Violencias Contra las Mujeres<\/a> de la Universidad Veracruzana (<i>OUVMujeres<\/i>), ofreci\u00f3 la conferencia magistral \u201c\u00bfAhora que si nos ven? Impacto del movimiento feminista en la Universidad Veracruzana\u201d.<\/span><span data-ccp-props=\"{&quot;201341983&quot;:0,&quot;335559739&quot;:0,&quot;335559740&quot;:240}\">\u00a0<\/span><\/p>\n<p><span data-contrast=\"auto\">En el evento, organizado por el Centro de Estudios de la Cultura y la Comunicaci\u00f3n (CECC), la Doctora en Ciencias Sociales, \u00e1rea de especializaci\u00f3n Mujer y Relaciones de G\u00e9nero, expuso que las universidades del pa\u00eds est\u00e1n incluyendo en su marco legal, estatutos y leyes org\u00e1nicas, la atenci\u00f3n a las demandas de las mujeres de su comunidad estudiantil, acad\u00e9mica y de investigaci\u00f3n.<\/span><span data-ccp-props=\"{&quot;201341983&quot;:0,&quot;335559739&quot;:0,&quot;335559740&quot;:240}\">\u00a0<\/span><\/p>\n<p><span data-contrast=\"auto\">Indic\u00f3 que la Universidad Veracruzana (UV) no es ajena a este proceso en donde el movimiento feminista ha propiciado la creaci\u00f3n del Centro de Estudios de G\u00e9nero (2013), la Coordinaci\u00f3n de la Unidad de G\u00e9nero (2014), la \u201cGu\u00eda para la atenci\u00f3n de casos de hostigamiento y acoso sexual\u201d (2015) y el \u201cProtocolo para atender la violencia de g\u00e9nero\u201d (2020).<\/span><span data-ccp-props=\"{&quot;201341983&quot;:0,&quot;335559739&quot;:0,&quot;335559740&quot;:240}\">\u00a0<\/span><\/p>\n<p><span data-contrast=\"auto\">Casados Gonz\u00e1lez reconoci\u00f3 que, si bien esta casa de estudios no es una instancia ajena a los movimientos sociales, problem\u00e1ticas y eventos que est\u00e1n en su contexto, s\u00ed interviene de diversas maneras para atender estos movimientos feministas que en el siglo reciente han cobrado relevancia al interior de las instituciones de educaci\u00f3n superior (IES).<\/span><span data-ccp-props=\"{&quot;201341983&quot;:0,&quot;335559731&quot;:708,&quot;335559739&quot;:0,&quot;335559740&quot;:240}\">\u00a0<\/span><\/p>\n<div id=\"attachment_128037\" style=\"width: 732px\" class=\"wp-caption aligncenter\"><img aria-describedby=\"caption-attachment-128037\" decoding=\"async\" loading=\"lazy\" class=\"size-full wp-image-128037\" src=\"https:\/\/www.uv.mx\/prensa\/files\/2023\/03\/08032023-Couttolenc-Conferencia-Estela-Casados-2.jpg\" alt=\"\" width=\"722\" height=\"365\" srcset=\"https:\/\/www.uv.mx\/prensa\/files\/2023\/03\/08032023-Couttolenc-Conferencia-Estela-Casados-2.jpg 722w, https:\/\/www.uv.mx\/prensa\/files\/2023\/03\/08032023-Couttolenc-Conferencia-Estela-Casados-2-300x152.jpg 300w\" sizes=\"(max-width: 722px) 100vw, 722px\" \/><p id=\"caption-attachment-128037\" class=\"wp-caption-text\">En las Jornadas sobre Feminismo, Arte y Cultura se disert\u00f3 sobre el impacto del movimiento feminista en la Universidad Veracruzana<\/p><\/div>\n<p><span data-contrast=\"auto\">Entre las demandas que han planteado las mujeres, sobre todo de la poblaci\u00f3n estudiantil, es el cese al acoso y violencia sexual que hist\u00f3ricamente han padecido en las universidades.<\/span><span data-ccp-props=\"{&quot;201341983&quot;:0,&quot;335559739&quot;:0,&quot;335559740&quot;:240}\">\u00a0<\/span><\/p>\n<p><span data-contrast=\"auto\">En el caso concreto de la UV, precis\u00f3 que ha procurado atender la problem\u00e1tica de la mejor manera sancionando a los agresores, y si la falta es grave los ha expulsado de la facultad o de la propia instituci\u00f3n. \u201cMe parece que ha sido una buena respuesta, pero se requiere ser m\u00e1s eficiente porque la violencia se transforma y se ejerce cada vez con mayor inteligencia y agresividad\u201d, subray\u00f3 la acad\u00e9mica.<\/span><span data-ccp-props=\"{&quot;201341983&quot;:0,&quot;335559739&quot;:0,&quot;335559740&quot;:240}\">\u00a0<\/span><\/p>\n<p><span data-contrast=\"auto\">Hizo un llamado a la comunidad universitaria, principalmente a las estudiantes, para que contin\u00faen utilizando estrategias de denuncia leg\u00edtima, aunque informal, que no se encuentran dentro de los mecanismos institucionales para evidenciar la violencia que sufran.<\/span><span data-ccp-props=\"{&quot;201341983&quot;:0,&quot;335559739&quot;:0,&quot;335559740&quot;:240}\">\u00a0<\/span><\/p>\n<p><span data-contrast=\"auto\">Entre ellas mencion\u00f3: tendederos, muros y murales, redes sociales, funar (acto p\u00fablico de agravio y denuncia), toma de instalaciones, comunicados, ruedas de prensa, im\u00e1genes y videos.<\/span><span data-ccp-props=\"{&quot;134233117&quot;:false,&quot;134233118&quot;:false,&quot;201341983&quot;:0,&quot;335559731&quot;:708,&quot;335559738&quot;:0,&quot;335559739&quot;:0,&quot;335559740&quot;:240}\">\u00a0<\/span><\/p>\n<p><span data-contrast=\"auto\">\u201cTodos<\/span> <span data-contrast=\"auto\">son instrumentos que pretenden auxiliar, apoyar y crear una cultura de respeto a los derechos humanos de las mujeres\u201d, finaliz\u00f3.<\/span><span data-ccp-props=\"{&quot;134233117&quot;:false,&quot;134233118&quot;:false,&quot;201341983&quot;:0,&quot;335559731&quot;:708,&quot;335559738&quot;:0,&quot;335559739&quot;:0,&quot;335559740&quot;:240}\">\u00a0<\/span><\/p>\n","protected":false},"excerpt":{"rendered":"<p>La Universidad Veracruzana cuenta con el \u201cProtocolo para atender la violencia de g\u00e9nero\u201d desde el enfoque intercultural e interseccional<\/p>\n","protected":false},"author":1810,"featured_media":128040,"comment_status":"closed","ping_status":"closed","sticky":false,"template":"","format":"standard","meta":[],"categories":[11,47,1,61],"tags":[6711,3902,922,10570,3128,4162,9428,3796,5134],"_links":{"self":[{"href":"https:\/\/www.uv.mx\/prensa\/wp-json\/wp\/v2\/posts\/128035"}],"collection":[{"href":"https:\/\/www.uv.mx\/prensa\/wp-json\/wp\/v2\/posts"}],"about":[{"href":"https:\/\/www.uv.mx\/prensa\/wp-json\/wp\/v2\/types\/post"}],"author":[{"embeddable":true,"href":"https:\/\/www.uv.mx\/prensa\/wp-json\/wp\/v2\/users\/1810"}],"replies":[{"embeddable":true,"href":"https:\/\/www.uv.mx\/prensa\/wp-json\/wp\/v2\/comments?post=128035"}],"version-history":[{"count":1,"href":"https:\/\/www.uv.mx\/prensa\/wp-json\/wp\/v2\/posts\/128035\/revisions"}],"predecessor-version":[{"id":128053,"href":"https:\/\/www.uv.mx\/prensa\/wp-json\/wp\/v2\/posts\/128035\/revisions\/128053"}],"wp:featuredmedia":[{"embeddable":true,"href":"https:\/\/www.uv.mx\/prensa\/wp-json\/wp\/v2\/media\/128040"}],"wp:attachment":[{"href":"https:\/\/www.uv.mx\/prensa\/wp-json\/wp\/v2\/media?parent=128035"}],"wp:term":[{"taxonomy":"category","embeddable":true,"href":"https:\/\/www.uv.mx\/prensa\/wp-json\/wp\/v2\/categories?post=128035"},{"taxonomy":"post_tag","embeddable":true,"href":"https:\/\/www.uv.mx\/prensa\/wp-json\/wp\/v2\/tags?post=128035"}],"curies":[{"name":"wp","href":"https:\/\/api.w.org\/{rel}","templated":true}]}}