{"id":128077,"date":"2023-03-08T17:43:26","date_gmt":"2023-03-08T23:43:26","guid":{"rendered":"https:\/\/www.uv.mx\/prensa\/?p=128077"},"modified":"2023-03-09T12:25:16","modified_gmt":"2023-03-09T18:25:16","slug":"universitarias-reconocieron-a-sociologas-invisibilizadas","status":"publish","type":"post","link":"https:\/\/www.uv.mx\/prensa\/general\/universitarias-reconocieron-a-sociologas-invisibilizadas\/","title":{"rendered":"Universitarias reconocieron a soci\u00f3logas invisibilizadas\u00a0"},"content":{"rendered":"<ul>\n<li data-leveltext=\"\uf0b7\" data-font=\"Symbol\" data-listid=\"1\" data-list-defn-props=\"{&quot;335551671&quot;:0,&quot;335552541&quot;:1,&quot;335559684&quot;:-2,&quot;335559685&quot;:720,&quot;335559991&quot;:360,&quot;469769226&quot;:&quot;Symbol&quot;,&quot;469769242&quot;:[8226],&quot;469777803&quot;:&quot;left&quot;,&quot;469777804&quot;:&quot;\uf0b7&quot;,&quot;469777815&quot;:&quot;hybridMultilevel&quot;}\" data-aria-posinset=\"0\" data-aria-level=\"1\"><i><span data-contrast=\"auto\">En la Unidad de Humanidades se record\u00f3 a 14 cient\u00edficas sociales por sus propuestas desde el \u00e1mbito sociol\u00f3gico y cultural de la vida cotidiana<\/span><\/i><span data-ccp-props=\"{&quot;201341983&quot;:0,&quot;335559739&quot;:0,&quot;335559740&quot;:240}\">\u00a0<\/span><\/li>\n<li data-leveltext=\"\uf0b7\" data-font=\"Symbol\" data-listid=\"1\" data-list-defn-props=\"{&quot;335551671&quot;:0,&quot;335552541&quot;:1,&quot;335559684&quot;:-2,&quot;335559685&quot;:720,&quot;335559991&quot;:360,&quot;469769226&quot;:&quot;Symbol&quot;,&quot;469769242&quot;:[8226],&quot;469777803&quot;:&quot;left&quot;,&quot;469777804&quot;:&quot;\uf0b7&quot;,&quot;469777815&quot;:&quot;hybridMultilevel&quot;}\" data-aria-posinset=\"0\" data-aria-level=\"1\"><i><span data-contrast=\"auto\">Se coloc\u00f3 un violent\u00f3metro en el ba\u00f1o de mujeres y se dio lectura a poemas de diversas autoras<\/span><\/i><span data-ccp-props=\"{&quot;201341983&quot;:0,&quot;335559739&quot;:0,&quot;335559740&quot;:240}\">\u00a0<\/span><\/li>\n<\/ul>\n<p><span data-ccp-props=\"{&quot;201341983&quot;:0,&quot;335559739&quot;:0,&quot;335559740&quot;:240}\">\u00a0<\/span><\/p>\n<div id=\"attachment_128078\" style=\"width: 732px\" class=\"wp-caption aligncenter\"><img aria-describedby=\"caption-attachment-128078\" decoding=\"async\" loading=\"lazy\" class=\"size-full wp-image-128078\" src=\"https:\/\/www.uv.mx\/prensa\/files\/2023\/03\/08032023-Couttolenc-Sociologas-clasicas-1.jpg\" alt=\"\" width=\"722\" height=\"439\" srcset=\"https:\/\/www.uv.mx\/prensa\/files\/2023\/03\/08032023-Couttolenc-Sociologas-clasicas-1.jpg 722w, https:\/\/www.uv.mx\/prensa\/files\/2023\/03\/08032023-Couttolenc-Sociologas-clasicas-1-300x182.jpg 300w\" sizes=\"(max-width: 722px) 100vw, 722px\" \/><p id=\"caption-attachment-128078\" class=\"wp-caption-text\">Diana S\u00e1enz dijo que son m\u00e1s de 100 a\u00f1os de lucha por los derechos de las mujeres<\/p><\/div>\n<p><span data-ccp-props=\"{&quot;201341983&quot;:0,&quot;335559739&quot;:0,&quot;335559740&quot;:240}\">\u00a0<\/span><\/p>\n<p><b><i><span data-contrast=\"auto\">Jos\u00e9 Luis Couttolenc Soto<\/span><\/i><\/b><span data-ccp-props=\"{&quot;201341983&quot;:0,&quot;335559739&quot;:0,&quot;335559740&quot;:240}\">\u00a0<\/span><\/p>\n<p><b><i><span data-contrast=\"auto\">Fotos: Omar Portilla Palacios<\/span><\/i><\/b><span data-ccp-props=\"{&quot;201341983&quot;:0,&quot;335559739&quot;:0,&quot;335559740&quot;:240}\">\u00a0<\/span><\/p>\n<p><b><i><span data-contrast=\"auto\">08\/03\/2023, Xalapa, Ver.- <\/span><\/i><\/b><span data-contrast=\"auto\">Como parte de las actividades en el marco del D\u00eda Internacional de la Mujer, estudiantes de la <a href=\"https:\/\/www.uv.mx\/sociologia\/\" target=\"_blank\" rel=\"noopener\">Facultad de Sociolog\u00eda<\/a> de la Universidad Veracruzana (UV) realizaron una jornada en la que recordaron a 14 soci\u00f3logas cl\u00e1sicas, fundadoras de la teor\u00eda social, que se distinguieron por sus aportes y propuestas desde los \u00e1mbitos sociol\u00f3gico y cultural de la vida cotidiana.<\/span><span data-ccp-props=\"{&quot;201341983&quot;:0,&quot;335559739&quot;:0,&quot;335559740&quot;:240}\">\u00a0<\/span><\/p>\n<p><span data-contrast=\"auto\">Al inicio del evento, efectuado en la explanada de la Unidad de Humanidades, Diana Karent S\u00e1enz D\u00edaz, directora de la Facultad, expres\u00f3 que a m\u00e1s de 100 a\u00f1os de lucha por los derechos de las mujeres, destaca el suceso de las trabajadoras de una f\u00e1brica textil de Nueva York, que en marzo de 1857 salieron a la calle para protestar por sus duras condiciones de trabajo.<\/span><span data-ccp-props=\"{&quot;201341983&quot;:0,&quot;335559739&quot;:0,&quot;335559740&quot;:240}\">\u00a0<\/span><\/p>\n<p>&nbsp;<\/p>\n<div id=\"attachment_128083\" style=\"width: 732px\" class=\"wp-caption aligncenter\"><img aria-describedby=\"caption-attachment-128083\" decoding=\"async\" loading=\"lazy\" class=\"size-full wp-image-128083\" src=\"https:\/\/www.uv.mx\/prensa\/files\/2023\/03\/08032023-Couttolenc-Sociologas-clasicas-22.jpg\" alt=\"\" width=\"722\" height=\"328\" srcset=\"https:\/\/www.uv.mx\/prensa\/files\/2023\/03\/08032023-Couttolenc-Sociologas-clasicas-22.jpg 722w, https:\/\/www.uv.mx\/prensa\/files\/2023\/03\/08032023-Couttolenc-Sociologas-clasicas-22-300x136.jpg 300w\" sizes=\"(max-width: 722px) 100vw, 722px\" \/><p id=\"caption-attachment-128083\" class=\"wp-caption-text\">En la Unidad de Humanidades se homenaje\u00f3 a 14 soci\u00f3logas cl\u00e1sicas fundadoras de la teor\u00eda social<\/p><\/div>\n<p>&nbsp;<\/p>\n<p><span data-contrast=\"auto\">A partir de esa fecha inici\u00f3 la ola de todo un movimiento en defensa de los derechos de las mujeres como: el sufragio femenino, derechos sexuales y reproductivos, a la educaci\u00f3n y a una vida libre de violencia.<\/span><span data-ccp-props=\"{&quot;201341983&quot;:0,&quot;335559739&quot;:0,&quot;335559740&quot;:240}\">\u00a0<\/span><\/p>\n<p><span data-contrast=\"auto\">Por su parte, las estudiantes presentaron datos biogr\u00e1ficos y momentos relevantes de las luchas que sostuvieron las 14 mujeres soci\u00f3logas para enfrentar los retos y desaf\u00edos que les represent\u00f3 acceder a la educaci\u00f3n y m\u00e1s adelante a la academia, que en ese entonces era conservadora, cerrada y clasista; no obstante, hicieron importantes aportes te\u00f3ricos.<\/span><span data-ccp-props=\"{&quot;201341983&quot;:0,&quot;335559739&quot;:0,&quot;335559740&quot;:240}\">\u00a0<\/span><\/p>\n<p>&nbsp;<\/p>\n<div id=\"attachment_128080\" style=\"width: 732px\" class=\"wp-caption aligncenter\"><img aria-describedby=\"caption-attachment-128080\" decoding=\"async\" loading=\"lazy\" class=\"size-full wp-image-128080\" src=\"https:\/\/www.uv.mx\/prensa\/files\/2023\/03\/08032023-Couttolenc-Sociologas-clasicas-3.jpg\" alt=\"\" width=\"722\" height=\"375\" srcset=\"https:\/\/www.uv.mx\/prensa\/files\/2023\/03\/08032023-Couttolenc-Sociologas-clasicas-3.jpg 722w, https:\/\/www.uv.mx\/prensa\/files\/2023\/03\/08032023-Couttolenc-Sociologas-clasicas-3-300x156.jpg 300w\" sizes=\"(max-width: 722px) 100vw, 722px\" \/><p id=\"caption-attachment-128080\" class=\"wp-caption-text\">Alumnas y alumnos conocieron la trayectoria de soci\u00f3logas que se distinguieron por sus aportes y propuestas a la teor\u00eda social<\/p><\/div>\n<p>&nbsp;<\/p>\n<p><span data-contrast=\"auto\">Las te\u00f3ricas recordadas fueron: Harriet Martineau y Beatrice Potter Webb, de Inglaterra; Ida B. Wells, afroamericana; Marianne Schnitger, de Alemania; Jane Addams, Charlotte Perkins, Anna J. Cooper, Julia Lathrop, Annie Marlon MacLean, Florence Kelley, Frances Kellor, Marion Talbot, Sophonisba Breckinridge y Edith Abbott, norteamericanas.<\/span><span data-ccp-props=\"{&quot;201341983&quot;:0,&quot;335559739&quot;:0,&quot;335559740&quot;:240}\">\u00a0<\/span><\/p>\n<p><span data-contrast=\"auto\">Mientras tanto, acad\u00e9micas de Sociolog\u00eda leyeron pasajes hist\u00f3ricos y poemas de Rita Segato, Marcela Lagarde, Rosario Castellanos, Silvia Rivera, Vandana Shiva y Gioconda Belli.<\/span><span data-ccp-props=\"{&quot;201341983&quot;:0,&quot;335559739&quot;:0,&quot;335559740&quot;:240}\">\u00a0<\/span><\/p>\n<p>&nbsp;<\/p>\n<div id=\"attachment_128081\" style=\"width: 732px\" class=\"wp-caption aligncenter\"><img aria-describedby=\"caption-attachment-128081\" decoding=\"async\" loading=\"lazy\" class=\"size-full wp-image-128081\" src=\"https:\/\/www.uv.mx\/prensa\/files\/2023\/03\/08032023-Couttolenc-Sociologas-clasicas-4.jpg\" alt=\"\" width=\"722\" height=\"463\" srcset=\"https:\/\/www.uv.mx\/prensa\/files\/2023\/03\/08032023-Couttolenc-Sociologas-clasicas-4.jpg 722w, https:\/\/www.uv.mx\/prensa\/files\/2023\/03\/08032023-Couttolenc-Sociologas-clasicas-4-300x192.jpg 300w\" sizes=\"(max-width: 722px) 100vw, 722px\" \/><p id=\"caption-attachment-128081\" class=\"wp-caption-text\">Alumnas de Sociolog\u00eda colocaron un violent\u00f3metro, asegurando que la violencia tambi\u00e9n se mide<\/p><\/div>\n<p>&nbsp;<\/p>\n<p><span data-contrast=\"auto\">Las fotograf\u00edas de las 14 soci\u00f3logas que enmarcaron el evento, fueron colocadas posteriormente en el Edificio C de la Unidad de Humanidades, con el prop\u00f3sito de que alumnas y alumnos tengan presentes a quienes aportaron de manera significativa a la teor\u00eda social.<\/span><span data-ccp-props=\"{&quot;201341983&quot;:0,&quot;335559739&quot;:0,&quot;335559740&quot;:240}\">\u00a0<\/span><\/p>\n<p><span data-contrast=\"auto\">Como parte de las actividades por el D\u00eda Internacional de la Mujer, alumnas colocaron en el ba\u00f1o de mujeres del mismo edificio un violent\u00f3metro, herramienta did\u00e1ctica que sirve para visualizar diversas manifestaciones de violencia que, la mayor\u00eda de las veces, pasan desapercibidas o son normalizadas en la vida cotidiana.<\/span><\/p>\n","protected":false},"excerpt":{"rendered":"<p>Un momento clave de la lucha feminista fue cuando trabajadoras de una f\u00e1brica textil de Nueva York salieron a protestar por las duras condiciones de trabajo, en 1857\u00a0<\/p>\n","protected":false},"author":1869,"featured_media":128082,"comment_status":"closed","ping_status":"closed","sticky":false,"template":"","format":"standard","meta":[],"categories":[47,1,61],"tags":[1723,559,853,4162,4572,6462,4827],"_links":{"self":[{"href":"https:\/\/www.uv.mx\/prensa\/wp-json\/wp\/v2\/posts\/128077"}],"collection":[{"href":"https:\/\/www.uv.mx\/prensa\/wp-json\/wp\/v2\/posts"}],"about":[{"href":"https:\/\/www.uv.mx\/prensa\/wp-json\/wp\/v2\/types\/post"}],"author":[{"embeddable":true,"href":"https:\/\/www.uv.mx\/prensa\/wp-json\/wp\/v2\/users\/1869"}],"replies":[{"embeddable":true,"href":"https:\/\/www.uv.mx\/prensa\/wp-json\/wp\/v2\/comments?post=128077"}],"version-history":[{"count":1,"href":"https:\/\/www.uv.mx\/prensa\/wp-json\/wp\/v2\/posts\/128077\/revisions"}],"predecessor-version":[{"id":128137,"href":"https:\/\/www.uv.mx\/prensa\/wp-json\/wp\/v2\/posts\/128077\/revisions\/128137"}],"wp:featuredmedia":[{"embeddable":true,"href":"https:\/\/www.uv.mx\/prensa\/wp-json\/wp\/v2\/media\/128082"}],"wp:attachment":[{"href":"https:\/\/www.uv.mx\/prensa\/wp-json\/wp\/v2\/media?parent=128077"}],"wp:term":[{"taxonomy":"category","embeddable":true,"href":"https:\/\/www.uv.mx\/prensa\/wp-json\/wp\/v2\/categories?post=128077"},{"taxonomy":"post_tag","embeddable":true,"href":"https:\/\/www.uv.mx\/prensa\/wp-json\/wp\/v2\/tags?post=128077"}],"curies":[{"name":"wp","href":"https:\/\/api.w.org\/{rel}","templated":true}]}}