{"id":128106,"date":"2023-03-11T08:00:59","date_gmt":"2023-03-11T14:00:59","guid":{"rendered":"https:\/\/www.uv.mx\/prensa\/?p=128106"},"modified":"2023-03-14T11:08:10","modified_gmt":"2023-03-14T17:08:10","slug":"mujeres-enfrentan-grandes-desafios-en-trayectoria-academica-y-laboral","status":"publish","type":"post","link":"https:\/\/www.uv.mx\/prensa\/general\/mujeres-enfrentan-grandes-desafios-en-trayectoria-academica-y-laboral\/","title":{"rendered":"Mujeres enfrentan grandes desaf\u00edos en trayectoria acad\u00e9mica y laboral"},"content":{"rendered":"<ul style=\"font-weight: 400\">\n<li data-leveltext=\"\uf0b7\" data-font=\"Symbol\" data-listid=\"6\" data-list-defn-props=\"{&quot;335552541&quot;:1,&quot;335559684&quot;:-2,&quot;335559685&quot;:720,&quot;335559991&quot;:360,&quot;469769226&quot;:&quot;Symbol&quot;,&quot;469769242&quot;:[8226],&quot;469777803&quot;:&quot;left&quot;,&quot;469777804&quot;:&quot;\uf0b7&quot;,&quot;469777815&quot;:&quot;hybridMultilevel&quot;}\" data-aria-posinset=\"1\" data-aria-level=\"1\"><i><span data-contrast=\"auto\">Catedr\u00e1ticas y estudiantes de la UV participaron en el conversatorio \u201cLas mujeres en el posgrado: experiencias, retos y motivaciones\u201d<\/span><\/i><span data-ccp-props=\"{}\">\u00a0<\/span><\/li>\n<li data-leveltext=\"\uf0b7\" data-font=\"Symbol\" data-listid=\"6\" data-list-defn-props=\"{&quot;335552541&quot;:1,&quot;335559684&quot;:-2,&quot;335559685&quot;:720,&quot;335559991&quot;:360,&quot;469769226&quot;:&quot;Symbol&quot;,&quot;469769242&quot;:[8226],&quot;469777803&quot;:&quot;left&quot;,&quot;469777804&quot;:&quot;\uf0b7&quot;,&quot;469777815&quot;:&quot;hybridMultilevel&quot;}\" data-aria-posinset=\"2\" data-aria-level=\"1\"><i><span data-contrast=\"auto\">Compartieron las dificultades que existen al combinar los papeles de madre, docente y alumna<\/span><\/i><span data-ccp-props=\"{}\">\u00a0<\/span><\/li>\n<\/ul>\n<div id=\"attachment_128109\" style=\"width: 732px\" class=\"wp-caption aligncenter\"><img aria-describedby=\"caption-attachment-128109\" decoding=\"async\" loading=\"lazy\" class=\"size-full wp-image-128109\" src=\"https:\/\/www.uv.mx\/prensa\/files\/2023\/03\/110323-CARLOS-Las-mujeres-en-el-posgrado-1.jpg\" alt=\"\" width=\"722\" height=\"542\" srcset=\"https:\/\/www.uv.mx\/prensa\/files\/2023\/03\/110323-CARLOS-Las-mujeres-en-el-posgrado-1.jpg 722w, https:\/\/www.uv.mx\/prensa\/files\/2023\/03\/110323-CARLOS-Las-mujeres-en-el-posgrado-1-300x225.jpg 300w\" sizes=\"(max-width: 722px) 100vw, 722px\" \/><p id=\"caption-attachment-128109\" class=\"wp-caption-text\">Las panelistas motivaron a las estudiantes a continuar con su crecimiento personal y profesional<\/p><\/div>\n<p><b><i><span data-contrast=\"auto\">Texto y fotos: Carlos Hugo Hermida Rosales<\/span><\/i><\/b><span data-ccp-props=\"{}\">\u00a0<\/span><\/p>\n<p><b><i><span data-contrast=\"auto\">11\/03\/2023, Xalapa, Ver.-<\/span><\/i><\/b><span data-contrast=\"auto\"> Catedr\u00e1ticas y estudiantes que cursan posgrados en la Universidad Veracruzana (UV) compartieron los desaf\u00edos a los que se han enfrentado al continuar con su formaci\u00f3n personal m\u00e1s all\u00e1 de la licenciatura, dentro del conversatorio \u201cLas mujeres en el posgrado: experiencias, retos y motivaciones\u201d, que se llev\u00f3 a cabo en el Taller 1 de la Facultad de Pedagog\u00eda.\u00a0<\/span><span data-ccp-props=\"{}\">\u00a0<\/span><\/p>\n<p><span data-contrast=\"auto\">El evento fue organizado por el enlace de g\u00e9nero del <a href=\"https:\/\/www.uv.mx\/ciies\/\" target=\"_blank\" rel=\"noopener\">Centro de Investigaci\u00f3n e Innovaci\u00f3n en Educaci\u00f3n Superior<\/a> (CIIES), y los Cuerpos Acad\u00e9micos (CA) Educaci\u00f3n, Cultura y Sociedad, y Educaci\u00f3n y Equidad; la moderaci\u00f3n estuvo a cargo de Ver\u00f3nica Ortiz M\u00e9ndez, acad\u00e9mica del CIIES.<\/span><span data-ccp-props=\"{&quot;335559731&quot;:708}\">\u00a0<\/span><\/p>\n<p><span data-contrast=\"auto\">Ana Laura Carmona Guadarrama, docente de la Facultad de Pedagog\u00eda, comparti\u00f3 que a nivel mundial s\u00f3lo el 33% de personas dedicadas a la investigaci\u00f3n son mujeres, quienes enfrentan una brecha salarial adversa y condiciones desiguales para su crecimiento profesional.\u00a0<\/span><span data-ccp-props=\"{&quot;335559731&quot;:708}\">\u00a0<\/span><\/p>\n<p><span data-contrast=\"auto\">Coment\u00f3 que a lo largo de su trayectoria ha afrontado muchos desaf\u00edos, como los problemas de salud y econ\u00f3micos, y la distribuci\u00f3n del tiempo entre ser investigadora, acad\u00e9mica, madre y tutora de sus alumnos,\u00a0<\/span><span data-ccp-props=\"{&quot;335559731&quot;:708}\">\u00a0<\/span><\/p>\n<p><span data-contrast=\"auto\">\u201cAunque en ocasiones es complicado, es posible salir adelante y lograr metas, pero para ello es necesario tener objetivos claros\u201d, enfatiz\u00f3.\u00a0<\/span><span data-ccp-props=\"{&quot;335559731&quot;:708}\">\u00a0<\/span><\/p>\n<div id=\"attachment_128108\" style=\"width: 732px\" class=\"wp-caption aligncenter\"><img aria-describedby=\"caption-attachment-128108\" decoding=\"async\" loading=\"lazy\" class=\"size-full wp-image-128108\" src=\"https:\/\/www.uv.mx\/prensa\/files\/2023\/03\/110323-CARLOS-Las-mujeres-en-el-posgrado-2.jpg\" alt=\"\" width=\"722\" height=\"542\" srcset=\"https:\/\/www.uv.mx\/prensa\/files\/2023\/03\/110323-CARLOS-Las-mujeres-en-el-posgrado-2.jpg 722w, https:\/\/www.uv.mx\/prensa\/files\/2023\/03\/110323-CARLOS-Las-mujeres-en-el-posgrado-2-300x225.jpg 300w\" sizes=\"(max-width: 722px) 100vw, 722px\" \/><p id=\"caption-attachment-128108\" class=\"wp-caption-text\">El conversatorio fue presenciado por una gran cantidad de alumnas<\/p><\/div>\n<p><span data-contrast=\"auto\">Exciani Aduy Alarc\u00f3n Santamar\u00eda, estudiante del Doctorado en Innovaci\u00f3n en Educaci\u00f3n Superior del CIIES, mencion\u00f3 que el gusto por conocer y aprender ha sido su impulso para avanzar en su desarrollo profesional, as\u00ed como el mostrar a sus cinco hijos una manera distinta de ver la vida.\u00a0<\/span><span data-ccp-props=\"{&quot;335559731&quot;:708}\">\u00a0<\/span><\/p>\n<p><span data-contrast=\"auto\">Con su labor ense\u00f1a a sus hijas que no deben elegir entre una profesi\u00f3n y formar una familia, y a su hijo que tiene que acompa\u00f1ar a su pareja en su crecimiento personal.<\/span><span data-ccp-props=\"{&quot;335559731&quot;:708}\">\u00a0<\/span><\/p>\n<p><span data-contrast=\"auto\">\u201cLo \u00fanico imposible es aquello que no intentas\u201d, expres\u00f3.\u00a0<\/span><span data-ccp-props=\"{&quot;335559731&quot;:708}\">\u00a0<\/span><\/p>\n<p><span data-contrast=\"auto\">Alondra D\u00edaz Mercado, quien realiza una estancia de movilidad en la Maestr\u00eda en Innovaci\u00f3n Educativa de la UV, relat\u00f3 que ser la primera de su familia que estudia un posgrado requiri\u00f3 de mucho esfuerzo y esto le gener\u00f3 mucho estr\u00e9s.\u00a0<\/span><span data-ccp-props=\"{&quot;335559731&quot;:708}\">\u00a0<\/span><\/p>\n<p><span data-contrast=\"auto\">Sin embargo, la experiencia y ejemplo de muchas mujeres le motiv\u00f3 a seguir adelante, y le ense\u00f1\u00f3 que es posible formar una familia y desarrollar una trayectoria profesional, sin descuidar ninguno de los dos roles.\u00a0<\/span><span data-ccp-props=\"{&quot;335559731&quot;:708}\">\u00a0<\/span><\/p>\n<p><span data-contrast=\"auto\">Karla Alejandra Valencia, investigadora del CIIES, manifest\u00f3 que cursar el doctorado fue un parteaguas en su vida: le mostr\u00f3 de qu\u00e9 estaba hecha y todo aquello que es capaz de realizar.\u00a0<\/span><span data-ccp-props=\"{&quot;335559731&quot;:708}\">\u00a0<\/span><\/p>\n<p><span data-contrast=\"auto\">Invit\u00f3 a las mujeres que desean crecer profesionalmente a formar equipo y crear comunidad, y a trav\u00e9s de ello construir acciones y un mundo mejor para todas las personas.\u00a0<\/span><span data-ccp-props=\"{&quot;335559731&quot;:708}\">\u00a0<\/span><\/p>\n<p><span data-ccp-props=\"{}\">\u00a0<\/span><\/p>\n","protected":false},"excerpt":{"rendered":"<p>Muchas veces afrontan una brecha salarial adversa y condiciones desiguales para su crecimiento profesional<\/p>\n","protected":false},"author":1810,"featured_media":0,"comment_status":"closed","ping_status":"closed","sticky":false,"template":"","format":"standard","meta":[],"categories":[45,47,1],"tags":[10254,4161,231,10583,637,80,777,10584,4572,687],"_links":{"self":[{"href":"https:\/\/www.uv.mx\/prensa\/wp-json\/wp\/v2\/posts\/128106"}],"collection":[{"href":"https:\/\/www.uv.mx\/prensa\/wp-json\/wp\/v2\/posts"}],"about":[{"href":"https:\/\/www.uv.mx\/prensa\/wp-json\/wp\/v2\/types\/post"}],"author":[{"embeddable":true,"href":"https:\/\/www.uv.mx\/prensa\/wp-json\/wp\/v2\/users\/1810"}],"replies":[{"embeddable":true,"href":"https:\/\/www.uv.mx\/prensa\/wp-json\/wp\/v2\/comments?post=128106"}],"version-history":[{"count":1,"href":"https:\/\/www.uv.mx\/prensa\/wp-json\/wp\/v2\/posts\/128106\/revisions"}],"predecessor-version":[{"id":128295,"href":"https:\/\/www.uv.mx\/prensa\/wp-json\/wp\/v2\/posts\/128106\/revisions\/128295"}],"wp:attachment":[{"href":"https:\/\/www.uv.mx\/prensa\/wp-json\/wp\/v2\/media?parent=128106"}],"wp:term":[{"taxonomy":"category","embeddable":true,"href":"https:\/\/www.uv.mx\/prensa\/wp-json\/wp\/v2\/categories?post=128106"},{"taxonomy":"post_tag","embeddable":true,"href":"https:\/\/www.uv.mx\/prensa\/wp-json\/wp\/v2\/tags?post=128106"}],"curies":[{"name":"wp","href":"https:\/\/api.w.org\/{rel}","templated":true}]}}