{"id":128117,"date":"2023-03-09T11:57:38","date_gmt":"2023-03-09T17:57:38","guid":{"rendered":"https:\/\/www.uv.mx\/prensa\/?p=128117"},"modified":"2023-03-09T12:09:40","modified_gmt":"2023-03-09T18:09:40","slug":"uv-promueve-capacitacion-de-estudiantes-de-ingenieria-civil","status":"publish","type":"post","link":"https:\/\/www.uv.mx\/prensa\/general\/uv-promueve-capacitacion-de-estudiantes-de-ingenieria-civil\/","title":{"rendered":"UV promueve capacitaci\u00f3n de estudiantes de Ingenier\u00eda Civil\u00a0"},"content":{"rendered":"<ul>\n<li data-leveltext=\"\uf0b7\" data-font=\"Symbol\" data-listid=\"1\" data-list-defn-props=\"{&quot;335552541&quot;:1,&quot;335559684&quot;:-2,&quot;335559685&quot;:720,&quot;335559991&quot;:360,&quot;469769226&quot;:&quot;Symbol&quot;,&quot;469769242&quot;:[8226],&quot;469777803&quot;:&quot;left&quot;,&quot;469777804&quot;:&quot;\uf0b7&quot;,&quot;469777815&quot;:&quot;hybridMultilevel&quot;}\" data-aria-posinset=\"1\" data-aria-level=\"1\"><i><span data-contrast=\"auto\">Formaron parte del taller \u201cDerribando mitos, construyendo ideas\u201d, relacionado con los sistemas de construcci\u00f3n ligera<\/span><\/i><span data-ccp-props=\"{&quot;201341983&quot;:0,&quot;335559739&quot;:0,&quot;335559740&quot;:240}\">\u00a0<\/span><\/li>\n<li data-leveltext=\"\uf0b7\" data-font=\"Symbol\" data-listid=\"1\" data-list-defn-props=\"{&quot;335552541&quot;:1,&quot;335559684&quot;:-2,&quot;335559685&quot;:720,&quot;335559991&quot;:360,&quot;469769226&quot;:&quot;Symbol&quot;,&quot;469769242&quot;:[8226],&quot;469777803&quot;:&quot;left&quot;,&quot;469777804&quot;:&quot;\uf0b7&quot;,&quot;469777815&quot;:&quot;hybridMultilevel&quot;}\" data-aria-posinset=\"2\" data-aria-level=\"1\"><i><span data-contrast=\"auto\">La actividad fue impulsada por las Direcciones Generales del \u00c1rea Acad\u00e9mica T\u00e9cnica y de Vinculaci\u00f3n<\/span><\/i><span data-ccp-props=\"{&quot;201341983&quot;:0,&quot;335559739&quot;:0,&quot;335559740&quot;:240}\">\u00a0<\/span><\/li>\n<li data-leveltext=\"\uf0b7\" data-font=\"Symbol\" data-listid=\"1\" data-list-defn-props=\"{&quot;335552541&quot;:1,&quot;335559684&quot;:-2,&quot;335559685&quot;:720,&quot;335559991&quot;:360,&quot;469769226&quot;:&quot;Symbol&quot;,&quot;469769242&quot;:[8226],&quot;469777803&quot;:&quot;left&quot;,&quot;469777804&quot;:&quot;\uf0b7&quot;,&quot;469777815&quot;:&quot;hybridMultilevel&quot;}\" data-aria-posinset=\"3\" data-aria-level=\"1\"><i><span data-contrast=\"auto\">Ingenier\u00eda Civil destaca dentro de \u00e1rea T\u00e9cnica por el n\u00famero de mujeres que integran su matr\u00edcula estudiantil<\/span><\/i><span data-ccp-props=\"{&quot;201341983&quot;:0,&quot;335559739&quot;:0,&quot;335559740&quot;:240}\">\u00a0<\/span><\/li>\n<\/ul>\n<p><span data-ccp-props=\"{&quot;201341983&quot;:0,&quot;335559739&quot;:0,&quot;335559740&quot;:240}\">\u00a0<\/span><\/p>\n<div id=\"attachment_128118\" style=\"width: 732px\" class=\"wp-caption aligncenter\"><img aria-describedby=\"caption-attachment-128118\" decoding=\"async\" loading=\"lazy\" class=\"size-full wp-image-128118\" src=\"https:\/\/www.uv.mx\/prensa\/files\/2023\/03\/080323-TALLER-INGENIERIA-CIVIL-1.jpg\" alt=\"\" width=\"722\" height=\"482\" srcset=\"https:\/\/www.uv.mx\/prensa\/files\/2023\/03\/080323-TALLER-INGENIERIA-CIVIL-1.jpg 722w, https:\/\/www.uv.mx\/prensa\/files\/2023\/03\/080323-TALLER-INGENIERIA-CIVIL-1-300x200.jpg 300w\" sizes=\"(max-width: 722px) 100vw, 722px\" \/><p id=\"caption-attachment-128118\" class=\"wp-caption-text\">Estudiantes de Ingenier\u00eda Civil UV, junto con autoridades universitarias y de la Academia USG, al inicio del taller<\/p><\/div>\n<p><span data-ccp-props=\"{&quot;201341983&quot;:0,&quot;335559739&quot;:0,&quot;335559740&quot;:240}\">\u00a0<\/span><\/p>\n<p><b><i><span data-contrast=\"auto\">Claudia Peralta V\u00e1zquez<\/span><\/i><\/b><span data-ccp-props=\"{&quot;201341983&quot;:0,&quot;335559739&quot;:0,&quot;335559740&quot;:240}\">\u00a0<\/span><\/p>\n<p><b><i><span data-contrast=\"auto\">Fotos: C\u00e9sar Pisil Ramos<\/span><\/i><\/b><span data-ccp-props=\"{&quot;201341983&quot;:0,&quot;335559739&quot;:0,&quot;335559740&quot;:240}\">\u00a0<\/span><\/p>\n<p><b><i><span data-contrast=\"auto\">09\/03\/2023, Xalapa, Ver.- <\/span><\/i><\/b><span data-contrast=\"auto\">La Universidad Veracruzana (UV), a trav\u00e9s de las <a href=\"https:\/\/www.uv.mx\/tecnica\/\" target=\"_blank\" rel=\"noopener\">Direcciones Generales del \u00c1rea Acad\u00e9mica T\u00e9cnica<\/a> (DGAAT) y de Vinculaci\u00f3n (DGV), promovi\u00f3 la capacitaci\u00f3n de estudiantes de la Facultad de Ingenier\u00eda Civil, en el \u00e1rea de sistemas de construcci\u00f3n ligera, con el prop\u00f3sito de mostrar c\u00f3mo se puede incorporar en diferentes proyectos de edificaci\u00f3n.<\/span><span data-ccp-props=\"{&quot;201341983&quot;:0,&quot;335559739&quot;:0,&quot;335559740&quot;:240}\">\u00a0<\/span><\/p>\n<p><span data-contrast=\"auto\">A partir de la vinculaci\u00f3n que esta casa de estudios mantiene desde 2021 con la Academia USG (<\/span><i><span data-contrast=\"auto\">United States Gypsum<\/span><\/i><span data-contrast=\"auto\">), alumnos y alumnas de este programa educativo (PE) formaron parte del taller \u201cDerribando mitos, construyendo ideas\u201d, inaugurado por Luis Arturo V\u00e1zquez Honorato, titular de la DGAAT, en el auditorio de la Facultad de Ingenier\u00eda Civil.<\/span><span data-ccp-props=\"{&quot;201341983&quot;:0,&quot;335559731&quot;:708,&quot;335559739&quot;:0,&quot;335559740&quot;:240}\">\u00a0<\/span><\/p>\n<p><span data-contrast=\"auto\">La capacitaci\u00f3n estuvo a cargo de: Carmen Isabel Saucedo Vel\u00e1zquez, coordinadora de la Academia USG M\u00e9xico; Melissa Magdalena Roque Rico, gerente en soluciones t\u00e9cnicas del sureste; y Raymundo Gonz\u00e1lez Herrera, instructor t\u00e9cnico de esta compa\u00f1\u00eda.<\/span><span data-ccp-props=\"{&quot;201341983&quot;:0,&quot;335559731&quot;:708,&quot;335559739&quot;:0,&quot;335559740&quot;:240}\">\u00a0<\/span><\/p>\n<p><span data-contrast=\"auto\">Al inicio de su mensaje, y a prop\u00f3sito del D\u00eda Internacional de la Mujer, V\u00e1zquez Honorato reconoci\u00f3 que el PE de Ingenier\u00eda Civil es uno de los que m\u00e1s destaca dentro de la DGAAT, por el n\u00famero de mujeres que integran su matr\u00edcula estudiantil.<\/span><span data-ccp-props=\"{&quot;201341983&quot;:0,&quot;335559731&quot;:708,&quot;335559739&quot;:0,&quot;335559740&quot;:240}\">\u00a0<\/span><\/p>\n<p><span data-contrast=\"auto\">\u201cCreo que es de gran valor y m\u00e9rito, por ello cuentan con el \u00e1rea a mi cargo para apoyarlas; es un placer que sean miembros de esta comunidad estudiantil y de la UV.\u201d<\/span><span data-ccp-props=\"{&quot;201341983&quot;:0,&quot;335559731&quot;:708,&quot;335559739&quot;:0,&quot;335559740&quot;:240}\">\u00a0<\/span><\/p>\n<p><span data-contrast=\"auto\">En cuanto a la formaci\u00f3n integral de los estudiantes, agradeci\u00f3 a la Academia USG por el respaldo otorgado a la UV, ya que desde la impartici\u00f3n del primer taller virtual sobre tablarroca \u2013efectuado en septiembre de 2021\u2013 a la fecha ha ofrecido un total de 14 cursos en las Facultades de Ingenier\u00eda Civil y Arquitectura, de las cinco regiones universitarias.<\/span><span data-ccp-props=\"{&quot;201341983&quot;:0,&quot;335559731&quot;:708,&quot;335559739&quot;:0,&quot;335559740&quot;:240}\">\u00a0<\/span><\/p>\n<p>&nbsp;<\/p>\n<div id=\"attachment_128119\" style=\"width: 732px\" class=\"wp-caption aligncenter\"><img aria-describedby=\"caption-attachment-128119\" decoding=\"async\" loading=\"lazy\" class=\"size-full wp-image-128119\" src=\"https:\/\/www.uv.mx\/prensa\/files\/2023\/03\/080323-TALLER-INGENIERIA-CIVIL-2.jpg\" alt=\"\" width=\"722\" height=\"482\" srcset=\"https:\/\/www.uv.mx\/prensa\/files\/2023\/03\/080323-TALLER-INGENIERIA-CIVIL-2.jpg 722w, https:\/\/www.uv.mx\/prensa\/files\/2023\/03\/080323-TALLER-INGENIERIA-CIVIL-2-300x200.jpg 300w\" sizes=\"(max-width: 722px) 100vw, 722px\" \/><p id=\"caption-attachment-128119\" class=\"wp-caption-text\">Luis Arturo V\u00e1zquez Honorato, titular de la DGAAT, inaugur\u00f3 el taller \u201cDerribando mitos, construyendo ideas\u201d<\/p><\/div>\n<p>&nbsp;<\/p>\n<p><span data-contrast=\"auto\">Con ello, han aportado conocimientos especializados para la formaci\u00f3n de capital humano en 831 universitarios, capacit\u00e1ndolos en torno al uso de los materiales de construcci\u00f3n, su composici\u00f3n, funci\u00f3n y los beneficios de complementos esenciales en cualquier edificaci\u00f3n.<\/span><span data-ccp-props=\"{&quot;201341983&quot;:0,&quot;335559731&quot;:708,&quot;335559739&quot;:0,&quot;335559740&quot;:240}\">\u00a0<\/span><\/p>\n<p><span data-contrast=\"auto\">Actualmente, la formaci\u00f3n de un estudiante est\u00e1 ligada a la relaci\u00f3n que tiene su aprendizaje con su realidad, lo cual \u201cnos lleva a ofrecer aprendizajes m\u00e1s all\u00e1 del aula, relacion\u00e1ndolos con el entorno y las aproximaciones en el \u00e1mbito laboral futuro\u201d, subray\u00f3.<\/span><span data-ccp-props=\"{&quot;201341983&quot;:0,&quot;335559731&quot;:708,&quot;335559739&quot;:0,&quot;335559740&quot;:240}\">\u00a0<\/span><\/p>\n<p><span data-contrast=\"auto\">Seraf\u00edn Flores de la Cruz, titular de la DGV, dio a conocer que el desarrollo del taller es una iniciativa del Departamento de Vinculaci\u00f3n con el Sector Productivo, en el marco del Programa de Vinculaci\u00f3n para el Desarrollo Profesional e Inserci\u00f3n Laboral, a cargo de Araceli Basurto Arriyaga.<\/span><span data-ccp-props=\"{&quot;201341983&quot;:0,&quot;335559731&quot;:708,&quot;335559739&quot;:0,&quot;335559740&quot;:240}\">\u00a0<\/span><\/p>\n<p><span data-contrast=\"auto\">Coment\u00f3 que hoy en d\u00eda los mercados de trabajo son cada vez m\u00e1s competitivos, por lo que exigen mayores y mejores habilidades no s\u00f3lo ligadas a la pr\u00e1ctica, sino tambi\u00e9n a cuestiones \u00e9ticas, de normatividad, legalidad nacional e internacional.<\/span><span data-ccp-props=\"{&quot;201341983&quot;:0,&quot;335559731&quot;:708,&quot;335559739&quot;:0,&quot;335559740&quot;:240}\">\u00a0<\/span><\/p>\n<p><span data-contrast=\"auto\">En este sentido, resalt\u00f3 la responsabilidad de los ingenieros civiles en proyectos de construcci\u00f3n en donde deben tomar en cuenta aspectos t\u00e9cnicos, legales, \u00e9ticos, de derechos humanos y medio ambiente.<\/span><span data-ccp-props=\"{&quot;201341983&quot;:0,&quot;335559739&quot;:0,&quot;335559740&quot;:240}\">\u00a0<\/span><\/p>\n<p>&nbsp;<\/p>\n<div id=\"attachment_128120\" style=\"width: 732px\" class=\"wp-caption aligncenter\"><img aria-describedby=\"caption-attachment-128120\" decoding=\"async\" loading=\"lazy\" class=\"size-full wp-image-128120\" src=\"https:\/\/www.uv.mx\/prensa\/files\/2023\/03\/080323-TALLER-INGENIERIA-CIVIL-3.jpg\" alt=\"\" width=\"722\" height=\"482\" srcset=\"https:\/\/www.uv.mx\/prensa\/files\/2023\/03\/080323-TALLER-INGENIERIA-CIVIL-3.jpg 722w, https:\/\/www.uv.mx\/prensa\/files\/2023\/03\/080323-TALLER-INGENIERIA-CIVIL-3-300x200.jpg 300w\" sizes=\"(max-width: 722px) 100vw, 722px\" \/><p id=\"caption-attachment-128120\" class=\"wp-caption-text\">Seraf\u00edn Flores de la Cruz, titular de la DGV<\/p><\/div>\n<p>&nbsp;<\/p>\n<p><span data-contrast=\"auto\">Por su parte, Ce Tochtli M\u00e9ndez Ram\u00edrez, director de la Facultad de Ingenier\u00eda Civil, agradeci\u00f3 el apoyo de las autoridades universitarias y de la compa\u00f1\u00eda USG, por impulsar la realizaci\u00f3n de este taller que abona a la formaci\u00f3n integral de los universitarios.<\/span><span data-ccp-props=\"{&quot;201341983&quot;:0,&quot;335559731&quot;:708,&quot;335559739&quot;:0,&quot;335559740&quot;:240}\">\u00a0<\/span><\/p>\n<p><span data-contrast=\"auto\">En tanto, Carmen Isabel Saucedo coment\u00f3 que la empresa, con una trayectoria de 50 a\u00f1os en el pa\u00eds, es el primer centro de capacitaci\u00f3n enfocado en el conocimiento te\u00f3rico y pr\u00e1ctico de los sistemas ligeros de construcci\u00f3n.<\/span><span data-ccp-props=\"{&quot;201341983&quot;:0,&quot;335559731&quot;:708,&quot;335559739&quot;:0,&quot;335559740&quot;:240}\">\u00a0<\/span><\/p>\n<p><span data-contrast=\"auto\">Imparte cursos presenciales y virtuales a estudiantes, profesionistas e instaladores en toda Latinoam\u00e9rica, y tiene su sede en Chicago, Estados Unidos.<\/span><span data-ccp-props=\"{&quot;201341983&quot;:0,&quot;335559731&quot;:708,&quot;335559739&quot;:0,&quot;335559740&quot;:240}\">\u00a0<\/span><\/p>\n<p><span data-contrast=\"auto\">El prop\u00f3sito de este taller es que los estudiantes comprendan las diferencias entre un sistema ligero y tradicional de construcci\u00f3n, lo cual ha generado una serie de mitos ligados a las malas pr\u00e1cticas e instalaciones de los mismos.<\/span><span data-ccp-props=\"{&quot;201341983&quot;:0,&quot;335559731&quot;:708,&quot;335559739&quot;:0,&quot;335559740&quot;:240}\">\u00a0<\/span><\/p>\n<p><span data-contrast=\"auto\">Sobre el uso del sistema de construcci\u00f3n ligero, dijo que tiene una mayor ventaja que los tradicionales, sobre todo en cuestiones ac\u00fasticas, s\u00edsmicas, t\u00e9rmicas, normativas de fuego. \u201cTiene muchos usos, no s\u00f3lo para divisiones de muros, sino para techos\u201d.<\/span><span data-ccp-props=\"{&quot;201341983&quot;:0,&quot;335559731&quot;:708,&quot;335559739&quot;:0,&quot;335559740&quot;:240}\">\u00a0<\/span><\/p>\n<p><span data-contrast=\"auto\">Su discurso tambi\u00e9n lo orient\u00f3 hacia el reconocimiento a las mujeres cuya capacidad, talento y motivaci\u00f3n aplican en los \u00e1mbitos de la ingenier\u00eda, arquitectura y construcci\u00f3n.<\/span><span data-ccp-props=\"{&quot;201341983&quot;:0,&quot;335559731&quot;:708,&quot;335559739&quot;:0,&quot;335559740&quot;:240}\">\u00a0<\/span><\/p>\n","protected":false},"excerpt":{"rendered":"<p>Se destac\u00f3 la incursi\u00f3n y participaci\u00f3n de la mujer \u2013cada vez m\u00e1s recurrente\u2013 en espacios acad\u00e9micos y educativos relacionados con las \u00e1reas de ingenier\u00eda civil, arquitectura y de la construcci\u00f3n<\/p>\n","protected":false},"author":1869,"featured_media":128121,"comment_status":"closed","ping_status":"closed","sticky":false,"template":"","format":"standard","meta":[],"categories":[47,1,61,51],"tags":[10588,6263,4163,10585,1723,244,10587,190,10586],"_links":{"self":[{"href":"https:\/\/www.uv.mx\/prensa\/wp-json\/wp\/v2\/posts\/128117"}],"collection":[{"href":"https:\/\/www.uv.mx\/prensa\/wp-json\/wp\/v2\/posts"}],"about":[{"href":"https:\/\/www.uv.mx\/prensa\/wp-json\/wp\/v2\/types\/post"}],"author":[{"embeddable":true,"href":"https:\/\/www.uv.mx\/prensa\/wp-json\/wp\/v2\/users\/1869"}],"replies":[{"embeddable":true,"href":"https:\/\/www.uv.mx\/prensa\/wp-json\/wp\/v2\/comments?post=128117"}],"version-history":[{"count":1,"href":"https:\/\/www.uv.mx\/prensa\/wp-json\/wp\/v2\/posts\/128117\/revisions"}],"predecessor-version":[{"id":128134,"href":"https:\/\/www.uv.mx\/prensa\/wp-json\/wp\/v2\/posts\/128117\/revisions\/128134"}],"wp:featuredmedia":[{"embeddable":true,"href":"https:\/\/www.uv.mx\/prensa\/wp-json\/wp\/v2\/media\/128121"}],"wp:attachment":[{"href":"https:\/\/www.uv.mx\/prensa\/wp-json\/wp\/v2\/media?parent=128117"}],"wp:term":[{"taxonomy":"category","embeddable":true,"href":"https:\/\/www.uv.mx\/prensa\/wp-json\/wp\/v2\/categories?post=128117"},{"taxonomy":"post_tag","embeddable":true,"href":"https:\/\/www.uv.mx\/prensa\/wp-json\/wp\/v2\/tags?post=128117"}],"curies":[{"name":"wp","href":"https:\/\/api.w.org\/{rel}","templated":true}]}}