{"id":128127,"date":"2023-03-09T12:01:52","date_gmt":"2023-03-09T18:01:52","guid":{"rendered":"https:\/\/www.uv.mx\/prensa\/?p=128127"},"modified":"2023-03-09T12:08:30","modified_gmt":"2023-03-09T18:08:30","slug":"estudiante-de-uv-intercultural-empodera-a-mujeres-de-acayucan","status":"publish","type":"post","link":"https:\/\/www.uv.mx\/prensa\/general\/estudiante-de-uv-intercultural-empodera-a-mujeres-de-acayucan\/","title":{"rendered":"Estudiante de UV-Intercultural empodera a mujeres de Acayucan"},"content":{"rendered":"<ul style=\"font-weight: 400\">\n<li data-leveltext=\"\uf0b7\" data-font=\"Symbol\" data-listid=\"6\" data-list-defn-props=\"{&quot;335552541&quot;:1,&quot;335559684&quot;:-2,&quot;335559685&quot;:720,&quot;335559991&quot;:360,&quot;469769226&quot;:&quot;Symbol&quot;,&quot;469769242&quot;:[8226],&quot;469777803&quot;:&quot;left&quot;,&quot;469777804&quot;:&quot;\uf0b7&quot;,&quot;469777815&quot;:&quot;hybridMultilevel&quot;}\" data-aria-posinset=\"1\" data-aria-level=\"1\"><i><span data-contrast=\"auto\">Lizzeth Hern\u00e1ndez Ortega es alumna de la Licenciatura en Gesti\u00f3n Intercultural para el Desarrollo\u00a0<\/span><\/i><span data-ccp-props=\"{}\">\u00a0<\/span><\/li>\n<li data-leveltext=\"\uf0b7\" data-font=\"Symbol\" data-listid=\"6\" data-list-defn-props=\"{&quot;335552541&quot;:1,&quot;335559684&quot;:-2,&quot;335559685&quot;:720,&quot;335559991&quot;:360,&quot;469769226&quot;:&quot;Symbol&quot;,&quot;469769242&quot;:[8226],&quot;469777803&quot;:&quot;left&quot;,&quot;469777804&quot;:&quot;\uf0b7&quot;,&quot;469777815&quot;:&quot;hybridMultilevel&quot;}\" data-aria-posinset=\"2\" data-aria-level=\"1\"><i><span data-contrast=\"auto\">A trav\u00e9s de su proyecto recepcional sensibiliza a un peque\u00f1o grupo de la poblaci\u00f3n femenina local, para que vivan su cotidianidad libre de violencia<\/span><\/i><span data-ccp-props=\"{}\">\u00a0<\/span><\/li>\n<\/ul>\n<p>&nbsp;<\/p>\n<div id=\"attachment_128124\" style=\"width: 732px\" class=\"wp-caption aligncenter\"><a href=\"https:\/\/www.uv.mx\/prensa\/files\/2023\/03\/080323-CARLOS-Lizzeth-Ortega-1-ok.jpg\"><img aria-describedby=\"caption-attachment-128124\" decoding=\"async\" loading=\"lazy\" class=\"size-full wp-image-128124\" src=\"https:\/\/www.uv.mx\/prensa\/files\/2023\/03\/080323-CARLOS-Lizzeth-Ortega-1-ok.jpg\" alt=\"\" width=\"722\" height=\"481\" srcset=\"https:\/\/www.uv.mx\/prensa\/files\/2023\/03\/080323-CARLOS-Lizzeth-Ortega-1-ok.jpg 722w, https:\/\/www.uv.mx\/prensa\/files\/2023\/03\/080323-CARLOS-Lizzeth-Ortega-1-ok-300x200.jpg 300w\" sizes=\"(max-width: 722px) 100vw, 722px\" \/><\/a><p id=\"caption-attachment-128124\" class=\"wp-caption-text\">A trav\u00e9s de la ense\u00f1anza de sus derechos, la estudiante ha logrado empoderar a mujeres de Acayucan<\/p><\/div>\n<p>&nbsp;<\/p>\n<p><b><i><span data-contrast=\"auto\">Carlos Hugo Hermida Rosales<\/span><\/i><\/b><span data-ccp-props=\"{}\">\u00a0<\/span><\/p>\n<p><b><i><span data-contrast=\"auto\">Fotos: cortes\u00eda Lizzeth Ortega<\/span><\/i><\/b><span data-ccp-props=\"{}\">\u00a0<\/span><\/p>\n<p><b><i><span data-contrast=\"auto\">09\/03\/2023, Xalapa, Ver.-<\/span><\/i><\/b><span data-contrast=\"auto\"> \u201cLas mujeres poseemos la inteligencia, pero sobre todo la capacidad de salir adelante solas, y es nuestra elecci\u00f3n decidir si deseamos hacerlo acompa\u00f1adas\u201d, declar\u00f3 Lizzeth Hern\u00e1ndez Ortega, estudiante de la Licenciatura en Gesti\u00f3n Intercultural para el Desarrollo de la <a href=\"https:\/\/www.uv.mx\/uvi\/\" target=\"_blank\" rel=\"noopener\">Universidad Veracruzana Intercultural<\/a> (UV-Intercultural) sede Las Selvas.<\/span><span data-ccp-props=\"{}\">\u00a0<\/span><\/p>\n<p><span data-contrast=\"auto\">A trav\u00e9s de su proyecto recepcional \u201cViolencia contra la mujer desde la perspectiva del feminismo, en la Colonia Salvador Allende de la ciudad de Acayucan\u201d, la joven sensibiliza a un peque\u00f1o grupo de la poblaci\u00f3n femenina local, para que vivan su cotidianidad libre de violencia.\u00a0<\/span><span data-ccp-props=\"{&quot;335559731&quot;:708}\">\u00a0<\/span><\/p>\n<p><span data-contrast=\"auto\">Lizzeth Hern\u00e1ndez, quien es nativa de Acayucan, comparti\u00f3 que conoce casos de vecinas que sufren de violencia familiar, y ante ello decidi\u00f3 llevar a cabo este trabajo como una forma de contrarrestar la situaci\u00f3n.\u00a0<\/span><span data-ccp-props=\"{&quot;335559731&quot;:708}\">\u00a0<\/span><\/p>\n<p>&nbsp;<\/p>\n<div id=\"attachment_128125\" style=\"width: 732px\" class=\"wp-caption aligncenter\"><a href=\"https:\/\/www.uv.mx\/prensa\/files\/2023\/03\/080323-CARLOS-Lizzeth-Ortega-2-ok.jpg\"><img aria-describedby=\"caption-attachment-128125\" decoding=\"async\" loading=\"lazy\" class=\"size-full wp-image-128125\" src=\"https:\/\/www.uv.mx\/prensa\/files\/2023\/03\/080323-CARLOS-Lizzeth-Ortega-2-ok.jpg\" alt=\"\" width=\"722\" height=\"541\" srcset=\"https:\/\/www.uv.mx\/prensa\/files\/2023\/03\/080323-CARLOS-Lizzeth-Ortega-2-ok.jpg 722w, https:\/\/www.uv.mx\/prensa\/files\/2023\/03\/080323-CARLOS-Lizzeth-Ortega-2-ok-300x225.jpg 300w\" sizes=\"(max-width: 722px) 100vw, 722px\" \/><\/a><p id=\"caption-attachment-128125\" class=\"wp-caption-text\">El proyecto recepcional de la joven incluye pl\u00e1ticas, talleres y conversatorios<\/p><\/div>\n<p>&nbsp;<\/p>\n<p><span data-contrast=\"auto\">Por medio de visitas domiciliarias invit\u00f3 a 30 mujeres, de las que 10 accedieron a integrase y permanecer en un grupo en el que les imparte pl\u00e1ticas y talleres, y realiza conversatorios con el fin de sensibilizarlas para que erradiquen la violencia de su vida desde una perspectiva feminista.\u00a0<\/span><span data-ccp-props=\"{&quot;335559731&quot;:708}\">\u00a0<\/span><\/p>\n<p><span data-contrast=\"auto\">A trav\u00e9s de esta actividad que inici\u00f3 en 2022, les muestra los tipos y modalidades de violencia, las dependencias que brindan atenci\u00f3n a personas en situaci\u00f3n de vulnerabilidad, las funciones del instituto municipal de la mujer, y la postura de las autoridades de Acayucan en torno al tema.<\/span><span data-ccp-props=\"{&quot;335559731&quot;:708}\">\u00a0<\/span><\/p>\n<p><span data-contrast=\"auto\">La estudiante afirm\u00f3 que la respuesta de las participantes ha sido muy positiva, y coment\u00f3 que se\u00f1oras que desconoc\u00edan sus derechos han logrado empoderarse.\u00a0<\/span><span data-ccp-props=\"{&quot;335559731&quot;:708}\">\u00a0<\/span><\/p>\n<p>&nbsp;<\/p>\n<div id=\"attachment_128126\" style=\"width: 370px\" class=\"wp-caption aligncenter\"><a href=\"https:\/\/www.uv.mx\/prensa\/files\/2023\/03\/080323-CARLOS-Lizzeth-Ortega-3-ok.jpg\"><img aria-describedby=\"caption-attachment-128126\" decoding=\"async\" loading=\"lazy\" class=\"size-full wp-image-128126\" src=\"https:\/\/www.uv.mx\/prensa\/files\/2023\/03\/080323-CARLOS-Lizzeth-Ortega-3-ok.jpg\" alt=\"\" width=\"360\" height=\"480\" srcset=\"https:\/\/www.uv.mx\/prensa\/files\/2023\/03\/080323-CARLOS-Lizzeth-Ortega-3-ok.jpg 360w, https:\/\/www.uv.mx\/prensa\/files\/2023\/03\/080323-CARLOS-Lizzeth-Ortega-3-ok-225x300.jpg 225w\" sizes=\"(max-width: 360px) 100vw, 360px\" \/><\/a><p id=\"caption-attachment-128126\" class=\"wp-caption-text\">Lizzeth Hern\u00e1ndez Ortega, alumna de la Licenciatura en Gesti\u00f3n Intercultural para el Desarrollo<\/p><\/div>\n<p>&nbsp;<\/p>\n<p><span data-contrast=\"auto\">En la siguiente fase de este proyecto planea sensibilizar a los hombres, quienes son los principales violentadores de las mujeres, sobre todo en las localidades peque\u00f1as, en las que ellas ignoran sus derechos y no tienen capacidad de decisi\u00f3n.<\/span><span data-ccp-props=\"{&quot;335559731&quot;:708}\">\u00a0<\/span><\/p>\n<p><span data-contrast=\"auto\">Lizzeth Hern\u00e1ndez manifest\u00f3 que estudiar en la UV-Intercultural dio un giro de 180 grados a su vida, porque esta instituci\u00f3n le ha permitido vincularse con actores comunitarios, lo cual es una labor que le encanta realizar.\u00a0<\/span><span data-ccp-props=\"{&quot;335559731&quot;:708}\">\u00a0<\/span><\/p>\n<p><span data-contrast=\"auto\">\u201cPertenecer a la UV-Intercultural es una gran experiencia que me ha dejado muchas ense\u00f1anzas, pero sobre todo excelentes contactos y amistades\u201d, concluy\u00f3.\u00a0<\/span><span data-ccp-props=\"{&quot;335559731&quot;:708}\">\u00a0<\/span><\/p>\n","protected":false},"excerpt":{"rendered":"<p>La estudiante de la sede Las Selvas imparte pl\u00e1ticas y talleres en los que les ense\u00f1a sus derechos y perspectiva feminista <\/p>\n","protected":false},"author":1809,"featured_media":128129,"comment_status":"closed","ping_status":"closed","sticky":false,"template":"","format":"standard","meta":[],"categories":[52,6301,1,8445,61,32],"tags":[1212,4161,1327,8330,1015,2437,9639,4572,10589,10590,5134],"_links":{"self":[{"href":"https:\/\/www.uv.mx\/prensa\/wp-json\/wp\/v2\/posts\/128127"}],"collection":[{"href":"https:\/\/www.uv.mx\/prensa\/wp-json\/wp\/v2\/posts"}],"about":[{"href":"https:\/\/www.uv.mx\/prensa\/wp-json\/wp\/v2\/types\/post"}],"author":[{"embeddable":true,"href":"https:\/\/www.uv.mx\/prensa\/wp-json\/wp\/v2\/users\/1809"}],"replies":[{"embeddable":true,"href":"https:\/\/www.uv.mx\/prensa\/wp-json\/wp\/v2\/comments?post=128127"}],"version-history":[{"count":1,"href":"https:\/\/www.uv.mx\/prensa\/wp-json\/wp\/v2\/posts\/128127\/revisions"}],"predecessor-version":[{"id":128133,"href":"https:\/\/www.uv.mx\/prensa\/wp-json\/wp\/v2\/posts\/128127\/revisions\/128133"}],"wp:featuredmedia":[{"embeddable":true,"href":"https:\/\/www.uv.mx\/prensa\/wp-json\/wp\/v2\/media\/128129"}],"wp:attachment":[{"href":"https:\/\/www.uv.mx\/prensa\/wp-json\/wp\/v2\/media?parent=128127"}],"wp:term":[{"taxonomy":"category","embeddable":true,"href":"https:\/\/www.uv.mx\/prensa\/wp-json\/wp\/v2\/categories?post=128127"},{"taxonomy":"post_tag","embeddable":true,"href":"https:\/\/www.uv.mx\/prensa\/wp-json\/wp\/v2\/tags?post=128127"}],"curies":[{"name":"wp","href":"https:\/\/api.w.org\/{rel}","templated":true}]}}